{"id":97069,"date":"2025-10-24T16:36:53","date_gmt":"2025-10-24T22:36:53","guid":{"rendered":"https:\/\/www.interaccionnoticias.com.mx\/?p=97069"},"modified":"2025-10-24T16:36:54","modified_gmt":"2025-10-24T22:36:54","slug":"a-dos-anos-de-otis-en-acapulco-la-vida-cambio","status":"publish","type":"post","link":"https:\/\/www.interaccionnoticias.com.mx\/?p=97069","title":{"rendered":"A dos a\u00f1os de Otis en Acapulco, la vida cambi\u00f3"},"content":{"rendered":"\n<p><strong><em>&#8212; Hubo quienes perdieron a sus seres queridos<br>&#8212; Otros su patrimonio se lo llev\u00f3 aquella madrugada<\/em><\/strong><\/p>\n\n\n\n<p><strong>Javier Trujillo<\/strong><\/p>\n\n\n\n<p><strong>Acapulco, Gro. &#8211; <\/strong>A dos a\u00f1os del hurac\u00e1n Otis, en las colonias, casas, negocios, y hoteles ya nada volvi\u00f3 a ser igual, incluso las secuelas de los vientos que azotaron el puerto dejaron huella.<\/p>\n\n\n\n<p>A muchos la vida les cambi\u00f3 radicalmente, pues perdieron a sus seres queridos, sus carros, viviendas, todas sus pertenencias, aquella aciaga noche del 24 y madrugada del 25 de octubre del 2023.<\/p>\n\n\n\n<p>Con l\u00e1grimas en los ojos, In\u00e9s es una mujer de 72 a\u00f1os de edad que tiene amargos recuerdos del hurac\u00e1n Otis, hace dos a\u00f1os muri\u00f3 su esposo y qued\u00f3 viuda, dos \u00e1rboles cayeron en su casa, qued\u00f3 desamparada.<\/p>\n\n\n\n<p>El caso de In\u00e9s, es como el de muchos acapulque\u00f1os al que el devastador hurac\u00e1n Otis, categor\u00eda 5 en la escala Saffir Simpson y vientos de m\u00e1s de 300 kil\u00f3metros por hora.<\/p>\n\n\n\n<p>Habitante de la colonia Alta Puerto Marqu\u00e9s, In\u00e9s, se enfrenta sola a la vida, dice que no tiene pensi\u00f3n y que lo poco que entreg\u00f3 el gobierno le ayud\u00f3 a recuperar algo de su humilde vivienda.<\/p>\n\n\n\n<p>Desde el hurac\u00e1n Otis, dice, \u201cya no hemos vendido, a veces no tenemos ni para comer, ha sido muy dif\u00edcil\u201d, se\u00f1ala con los ojos humedecidos, y sus manos morenas curtidas por el sol.<\/p>\n\n\n\n<p>Mientras tanto, Luz Mar\u00eda, vive en la colonia Libertad, zona suburbana de Acapulco, y considerada como zona de alto riesgo, donde al menos otras 50 viviendas ya no son habitadas por sus due\u00f1os.<\/p>\n\n\n\n<p>Aunque en ese caso, las viviendas, son utilizadas como casas de seguridad por un grupo de presuntos delincuentes, de acuerdo con lo mencionado por los mismos colonos.<\/p>\n\n\n\n<p>\u201cPara all\u00e1 arriba, no suba, no es muy seguro. Est\u00e1n los chamacos, y cuando ven a alguien extra\u00f1o los agarran, por eso ya casi nadie viene para esta zona de la colonia y adem\u00e1s, pues est\u00e1 considerada de alto riesgo\u201d, explica Luz Mar\u00eda, una mujer de 67 a\u00f1os de edad.<\/p>\n\n\n\n<p>-No me est\u00e1s grabando, \u00bfverdad? cuestiona, antes de seguir platicando con el camar\u00f3grafo<\/p>\n\n\n\n<p>-No, solo la estoy escuchando, le responde.<\/p>\n\n\n\n<p>\u201cBueno, pues de aqu\u00ed nos vamos a ir unas 50 familias, porque ya no podemos ni debemos vivir aqu\u00ed. El hurac\u00e1n Otis dej\u00f3 muchos da\u00f1os, pero el hurac\u00e1n John, acab\u00f3 con todo.<\/p>\n\n\n\n<p>\u201cAqu\u00ed hay muchas casas que ya est\u00e1n abandonadas, sus due\u00f1os se fueron a rentar o a vivir con familiares, ahora est\u00e1n solas, pero ah\u00ed viven los chamacos (as\u00ed les dicen a los que integran c\u00e9lulas o grupos delictivos)\u201d dice.<\/p>\n\n\n\n<p>Mientras tanto, a Juan Carlos, un taxista veterano del volante, las r\u00e1fagas del viento del hurac\u00e1n Otis, provoc\u00f3 que cayera un \u00e1rbol a la mitad de su entonces poderoso Sentra 2014.<\/p>\n\n\n\n<p>Desde entonces trabaja en donde le permiten \u201cposturas\u201d, es decir un d\u00eda de trabajo y no hay nada fijo.<\/p>\n\n\n\n<p>\u201cPues aqu\u00ed andamos, lo bueno es que todos en casa estamos bien. Lo material como sea se puede recuperar con el tiempo\u201d, dice Juan Carlos, quien dice que espera en unos meses recuperarse para comprar nuevamente un veh\u00edculo para seguir brindando el servicio al p\u00fablico.<\/p>\n\n\n\n<figure class=\"wp-block-gallery has-nested-images columns-default is-cropped wp-block-gallery-1 is-layout-flex wp-block-gallery-is-layout-flex\">\n<figure class=\"wp-block-image size-large\"><img decoding=\"async\" src=\"data:image\/gif;base64,R0lGODlhAQABAIAAAAAAAP\/\/\/ywAAAAAAQABAAACAUwAOw==\" fifu-lazy=\"1\" fifu-data-sizes=\"auto\" fifu-data-srcset=\"https:\/\/i1.wp.com\/www.interaccionnoticias.com.mx\/wp-content\/uploads\/2025\/10\/251024-Otis-en-Acapulco-2.jpg?ssl=1&w=75&resize=75&ssl=1 75w, https:\/\/i1.wp.com\/www.interaccionnoticias.com.mx\/wp-content\/uploads\/2025\/10\/251024-Otis-en-Acapulco-2.jpg?ssl=1&w=100&resize=100&ssl=1 100w, https:\/\/i1.wp.com\/www.interaccionnoticias.com.mx\/wp-content\/uploads\/2025\/10\/251024-Otis-en-Acapulco-2.jpg?ssl=1&w=150&resize=150&ssl=1 150w, https:\/\/i1.wp.com\/www.interaccionnoticias.com.mx\/wp-content\/uploads\/2025\/10\/251024-Otis-en-Acapulco-2.jpg?ssl=1&w=240&resize=240&ssl=1 240w, https:\/\/i1.wp.com\/www.interaccionnoticias.com.mx\/wp-content\/uploads\/2025\/10\/251024-Otis-en-Acapulco-2.jpg?ssl=1&w=320&resize=320&ssl=1 320w, https:\/\/i1.wp.com\/www.interaccionnoticias.com.mx\/wp-content\/uploads\/2025\/10\/251024-Otis-en-Acapulco-2.jpg?ssl=1&w=500&resize=500&ssl=1 500w, https:\/\/i1.wp.com\/www.interaccionnoticias.com.mx\/wp-content\/uploads\/2025\/10\/251024-Otis-en-Acapulco-2.jpg?ssl=1&w=640&resize=640&ssl=1 640w, https:\/\/i1.wp.com\/www.interaccionnoticias.com.mx\/wp-content\/uploads\/2025\/10\/251024-Otis-en-Acapulco-2.jpg?ssl=1&w=800&resize=800&ssl=1 800w, https:\/\/i1.wp.com\/www.interaccionnoticias.com.mx\/wp-content\/uploads\/2025\/10\/251024-Otis-en-Acapulco-2.jpg?ssl=1&w=1024&resize=1024&ssl=1 1024w, https:\/\/i1.wp.com\/www.interaccionnoticias.com.mx\/wp-content\/uploads\/2025\/10\/251024-Otis-en-Acapulco-2.jpg?ssl=1&w=1280&resize=1280&ssl=1 1280w, https:\/\/i1.wp.com\/www.interaccionnoticias.com.mx\/wp-content\/uploads\/2025\/10\/251024-Otis-en-Acapulco-2.jpg?ssl=1&w=1600&resize=1600&ssl=1 1600w\" data-id=\"97070\" fifu-data-src=\"https:\/\/i1.wp.com\/www.interaccionnoticias.com.mx\/wp-content\/uploads\/2025\/10\/251024-Otis-en-Acapulco-2.jpg?ssl=1\" alt=\"\" class=\"wp-image-97070\"\/><\/figure>\n\n\n\n<figure class=\"wp-block-image size-large\"><img decoding=\"async\" src=\"data:image\/gif;base64,R0lGODlhAQABAIAAAAAAAP\/\/\/ywAAAAAAQABAAACAUwAOw==\" fifu-lazy=\"1\" fifu-data-sizes=\"auto\" fifu-data-srcset=\"https:\/\/i1.wp.com\/www.interaccionnoticias.com.mx\/wp-content\/uploads\/2025\/10\/251024-Otis-en-Acapulco-3.jpg?ssl=1&w=75&resize=75&ssl=1 75w, https:\/\/i1.wp.com\/www.interaccionnoticias.com.mx\/wp-content\/uploads\/2025\/10\/251024-Otis-en-Acapulco-3.jpg?ssl=1&w=100&resize=100&ssl=1 100w, https:\/\/i1.wp.com\/www.interaccionnoticias.com.mx\/wp-content\/uploads\/2025\/10\/251024-Otis-en-Acapulco-3.jpg?ssl=1&w=150&resize=150&ssl=1 150w, https:\/\/i1.wp.com\/www.interaccionnoticias.com.mx\/wp-content\/uploads\/2025\/10\/251024-Otis-en-Acapulco-3.jpg?ssl=1&w=240&resize=240&ssl=1 240w, https:\/\/i1.wp.com\/www.interaccionnoticias.com.mx\/wp-content\/uploads\/2025\/10\/251024-Otis-en-Acapulco-3.jpg?ssl=1&w=320&resize=320&ssl=1 320w, https:\/\/i1.wp.com\/www.interaccionnoticias.com.mx\/wp-content\/uploads\/2025\/10\/251024-Otis-en-Acapulco-3.jpg?ssl=1&w=500&resize=500&ssl=1 500w, https:\/\/i1.wp.com\/www.interaccionnoticias.com.mx\/wp-content\/uploads\/2025\/10\/251024-Otis-en-Acapulco-3.jpg?ssl=1&w=640&resize=640&ssl=1 640w, https:\/\/i1.wp.com\/www.interaccionnoticias.com.mx\/wp-content\/uploads\/2025\/10\/251024-Otis-en-Acapulco-3.jpg?ssl=1&w=800&resize=800&ssl=1 800w, https:\/\/i1.wp.com\/www.interaccionnoticias.com.mx\/wp-content\/uploads\/2025\/10\/251024-Otis-en-Acapulco-3.jpg?ssl=1&w=1024&resize=1024&ssl=1 1024w, https:\/\/i1.wp.com\/www.interaccionnoticias.com.mx\/wp-content\/uploads\/2025\/10\/251024-Otis-en-Acapulco-3.jpg?ssl=1&w=1280&resize=1280&ssl=1 1280w, https:\/\/i1.wp.com\/www.interaccionnoticias.com.mx\/wp-content\/uploads\/2025\/10\/251024-Otis-en-Acapulco-3.jpg?ssl=1&w=1600&resize=1600&ssl=1 1600w\" data-id=\"97072\" fifu-data-src=\"https:\/\/i1.wp.com\/www.interaccionnoticias.com.mx\/wp-content\/uploads\/2025\/10\/251024-Otis-en-Acapulco-3.jpg?ssl=1\" alt=\"\" class=\"wp-image-97072\"\/><\/figure>\n\n\n\n<figure class=\"wp-block-image size-large\"><img decoding=\"async\" src=\"data:image\/gif;base64,R0lGODlhAQABAIAAAAAAAP\/\/\/ywAAAAAAQABAAACAUwAOw==\" fifu-lazy=\"1\" fifu-data-sizes=\"auto\" fifu-data-srcset=\"https:\/\/i1.wp.com\/www.interaccionnoticias.com.mx\/wp-content\/uploads\/2025\/10\/251024-Otis-en-Acapulco-1.jpg?ssl=1&w=75&resize=75&ssl=1 75w, https:\/\/i1.wp.com\/www.interaccionnoticias.com.mx\/wp-content\/uploads\/2025\/10\/251024-Otis-en-Acapulco-1.jpg?ssl=1&w=100&resize=100&ssl=1 100w, https:\/\/i1.wp.com\/www.interaccionnoticias.com.mx\/wp-content\/uploads\/2025\/10\/251024-Otis-en-Acapulco-1.jpg?ssl=1&w=150&resize=150&ssl=1 150w, https:\/\/i1.wp.com\/www.interaccionnoticias.com.mx\/wp-content\/uploads\/2025\/10\/251024-Otis-en-Acapulco-1.jpg?ssl=1&w=240&resize=240&ssl=1 240w, https:\/\/i1.wp.com\/www.interaccionnoticias.com.mx\/wp-content\/uploads\/2025\/10\/251024-Otis-en-Acapulco-1.jpg?ssl=1&w=320&resize=320&ssl=1 320w, https:\/\/i1.wp.com\/www.interaccionnoticias.com.mx\/wp-content\/uploads\/2025\/10\/251024-Otis-en-Acapulco-1.jpg?ssl=1&w=500&resize=500&ssl=1 500w, https:\/\/i1.wp.com\/www.interaccionnoticias.com.mx\/wp-content\/uploads\/2025\/10\/251024-Otis-en-Acapulco-1.jpg?ssl=1&w=640&resize=640&ssl=1 640w, https:\/\/i1.wp.com\/www.interaccionnoticias.com.mx\/wp-content\/uploads\/2025\/10\/251024-Otis-en-Acapulco-1.jpg?ssl=1&w=800&resize=800&ssl=1 800w, https:\/\/i1.wp.com\/www.interaccionnoticias.com.mx\/wp-content\/uploads\/2025\/10\/251024-Otis-en-Acapulco-1.jpg?ssl=1&w=1024&resize=1024&ssl=1 1024w, https:\/\/i1.wp.com\/www.interaccionnoticias.com.mx\/wp-content\/uploads\/2025\/10\/251024-Otis-en-Acapulco-1.jpg?ssl=1&w=1280&resize=1280&ssl=1 1280w, https:\/\/i1.wp.com\/www.interaccionnoticias.com.mx\/wp-content\/uploads\/2025\/10\/251024-Otis-en-Acapulco-1.jpg?ssl=1&w=1600&resize=1600&ssl=1 1600w\" data-id=\"97071\" fifu-data-src=\"https:\/\/i1.wp.com\/www.interaccionnoticias.com.mx\/wp-content\/uploads\/2025\/10\/251024-Otis-en-Acapulco-1.jpg?ssl=1\" alt=\"\" class=\"wp-image-97071\"\/><\/figure>\n<\/figure>\n","protected":false},"excerpt":{"rendered":"<p>&#8212; Hubo quienes perdieron a sus seres queridos&#8212; Otros su patrimonio se lo llev\u00f3 aquella madrugada Javier Trujillo Acapulco, Gro. &#8211; A dos a\u00f1os del hurac\u00e1n Otis, en las colonias,&hellip; <\/p>\n","protected":false},"author":3,"featured_media":97074,"comment_status":"open","ping_status":"open","sticky":false,"template":"","format":"standard","meta":{"fifu_image_url":"https:\/\/www.interaccionnoticias.com.mx\/wp-content\/uploads\/2025\/10\/251024-Otis-en-Acapulco-1.jpg","fifu_image_alt":"","footnotes":""},"categories":[11],"tags":[],"class_list":["post-97069","post","type-post","status-publish","format-standard","has-post-thumbnail","hentry","category-guerrero"],"_links":{"self":[{"href":"https:\/\/www.interaccionnoticias.com.mx\/index.php?rest_route=\/wp\/v2\/posts\/97069","targetHints":{"allow":["GET"]}}],"collection":[{"href":"https:\/\/www.interaccionnoticias.com.mx\/index.php?rest_route=\/wp\/v2\/posts"}],"about":[{"href":"https:\/\/www.interaccionnoticias.com.mx\/index.php?rest_route=\/wp\/v2\/types\/post"}],"author":[{"embeddable":true,"href":"https:\/\/www.interaccionnoticias.com.mx\/index.php?rest_route=\/wp\/v2\/users\/3"}],"replies":[{"embeddable":true,"href":"https:\/\/www.interaccionnoticias.com.mx\/index.php?rest_route=%2Fwp%2Fv2%2Fcomments&post=97069"}],"version-history":[{"count":1,"href":"https:\/\/www.interaccionnoticias.com.mx\/index.php?rest_route=\/wp\/v2\/posts\/97069\/revisions"}],"predecessor-version":[{"id":97073,"href":"https:\/\/www.interaccionnoticias.com.mx\/index.php?rest_route=\/wp\/v2\/posts\/97069\/revisions\/97073"}],"wp:featuredmedia":[{"embeddable":true,"href":"https:\/\/www.interaccionnoticias.com.mx\/index.php?rest_route=\/wp\/v2\/media\/97074"}],"wp:attachment":[{"href":"https:\/\/www.interaccionnoticias.com.mx\/index.php?rest_route=%2Fwp%2Fv2%2Fmedia&parent=97069"}],"wp:term":[{"taxonomy":"category","embeddable":true,"href":"https:\/\/www.interaccionnoticias.com.mx\/index.php?rest_route=%2Fwp%2Fv2%2Fcategories&post=97069"},{"taxonomy":"post_tag","embeddable":true,"href":"https:\/\/www.interaccionnoticias.com.mx\/index.php?rest_route=%2Fwp%2Fv2%2Ftags&post=97069"}],"curies":[{"name":"wp","href":"https:\/\/api.w.org\/{rel}","templated":true}]}}