{"id":97026,"date":"2025-10-24T07:20:00","date_gmt":"2025-10-24T13:20:00","guid":{"rendered":"https:\/\/www.interaccionnoticias.com.mx\/?p=97026"},"modified":"2025-10-24T09:05:20","modified_gmt":"2025-10-24T15:05:20","slug":"maremagnum-262","status":"publish","type":"post","link":"https:\/\/www.interaccionnoticias.com.mx\/?p=97026","title":{"rendered":"MAREM\u00c1GNUM 262"},"content":{"rendered":"\n<p><strong>Gana la oposici\u00f3n universitaria al <em>tri-rector<\/em> Salda\u00f1a Almaz\u00e1n<\/strong><\/p>\n\n\n\n<p><strong>Por Ricardo Castillo Barrientos<\/strong><\/p>\n\n\n\n<p>La sustancia de la reforma a la Ley Org\u00e1nica de la Universidad Aut\u00f3noma de Guerrero qued\u00f3 intocable, en la iniciativa remitida por la gobernadora Evelyn Salgado Pineda, al Congreso del Estado, despu\u00e9s de la aprobaci\u00f3n del domesticado Consejo Universitario, el pasado 9 de septiembre.<\/p>\n\n\n\n<p>\u201cPiensa mal y acertar\u00e1s\u201d, fue la reacci\u00f3n de los \u201cpoquitos\u201d opositores al <em>tri-rector<\/em>, Javier Salda\u00f1a Almaz\u00e1n, que divulgaron la<strong> intentona<\/strong> de prorrogar dos a\u00f1os a toda la estructura directiva, administrativa y acad\u00e9mica, comenzando con el propio rector.<\/p>\n\n\n\n<p>Hac\u00eda a\u00f1os que no se configuraba una oposici\u00f3n real y medi\u00e1tica en el seno de la <strong>M\u00e1xima Casa de Estudios<\/strong>, permeando hacia la C\u00e1mara de Diputados local y a la opini\u00f3n p\u00fablica, que conden\u00f3 las ambiciones de poder de Salda\u00f1a Almaz\u00e1n de seguirse de frente hasta el 2029, cuando su periodo para el que fue electo, concluye en 2027.<\/p>\n\n\n\n<p>El vituperado <em>tri-rector <\/em>ha reiterado que nunca fue su intenci\u00f3n de permanecer en el cargo m\u00e1s all\u00e1 del tiempo establecido; contrastando con su propuesta del Art\u00edculo Segundo de Transitorios que dispon\u00eda \u201cla duraci\u00f3n del cargo de las autoridades y \u00f3rganos de gobierno en funciones, se\u00f1alados en el Art\u00edculo 29 de la Ley Org\u00e1nica de la UAGro n\u00famero 178, se sujetar\u00e1 a lo establecido en la presente reforma a partir de su entrada en vigor\u201d.<\/p>\n\n\n\n<p>Esa disposici\u00f3n aprobada por unanimidad por el sumiso Consejo Universitario, quedo suprimida en la iniciativa de reforma enviada al Congreso del Estado por la mandataria estatal, llenando de j\u00fabilo al bloque opositor radicalizado contra los designios del <em>tri-rector<\/em> Salda\u00f1a, a quienes califica como nocivos porque no han contribuido con la Universidad, seg\u00fan \u00e9l como lo hace desde m\u00e1s de 10 a\u00f1os al frente de la instituci\u00f3n.<\/p>\n\n\n\n<p>Salda\u00f1a Almaz\u00e1n se ha revelado por sus amplias dotes pol\u00edticas y f\u00e9rreo control universitario y superior a todos los rectores que le han antecedido, incluyendo al doctor Rosal\u00edo Wences Reza, ex rector tres veces en periodos discontinuos. La habilidad de Salda\u00f1a ha consistido en repartir el pastel presupuestal a la mayor\u00eda de los grup\u00fasculos enquistados en el <em>alma mater<\/em> desde hace d\u00e9cadas, succionando todo tipo de beneficios laborales y pol\u00edticos.<\/p>\n\n\n\n<p>El <em>tri-rector<\/em> viene acumulando gran fuerza pol\u00edtica y no pierde oportunidad de congraciarse con la gobernadora Evelyn Salgado y con la presidenta Sheinbaum, con acarreos masivos de j\u00f3venes universitarios, aportando grandes contingentes en eventos pol\u00edticos.<\/p>\n\n\n\n<p>Engolosinado del poder y la ambici\u00f3n desmedida provoc\u00f3 darse \u201cun balazo en el pie\u201d, por no consultar a la comunidad universitaria, creyendo ingenuamente que la Titular del Ejecutivo Estatal, no cambiar\u00eda ni un punto y coma a la reforma, por la magn\u00edfica relaci\u00f3n pol\u00edtica que guardan, cuya sensibilidad de la gobernadora gan\u00f3 el reconocimiento del respetable p\u00fablico.<\/p>\n\n\n\n<p>Salda\u00f1a Almaz\u00e1n err\u00f3 el camino cuando no hab\u00eda necesidad, porque el pr\u00f3ximo rector, directores y consejeros, se elegir\u00e1n por seis a\u00f1os sin reelecci\u00f3n en 2027; no qued\u00e1ndole m\u00e1s opci\u00f3n que seguir aspirando a la gubernatura como el aspirante m\u00e1s fuerte despu\u00e9s del senador F\u00e9lix Salgado, o ganar una diputaci\u00f3n local como alguna vez lo anunci\u00f3, pero ser\u00e1 otra vez mujer la pr\u00f3xima gobernadora.<\/p>\n\n\n\n<p><strong>Marea Baja.-<\/strong> A dos a\u00f1os del H5-<em>Otis<\/em>, se llevar\u00e1 a cabo esta ma\u00f1ana del viernes desde las nueve horas, en el auditorio del Fuerte de San Diego, reflexiones importantes sobre las experiencias y ense\u00f1anzas, tras el descomunal impacto del fen\u00f3meno clim\u00e1tico que transform\u00f3 la vida del puerto de Acapulco.<\/p>\n\n\n\n<p>Participan en el magno evento, Efr\u00e9n Garc\u00eda Villalvazo, con el tema \u201cAcapulco: El resiliente ambiental\u201d; Luis Enrique Ramos Duarte, \u201c<em>Otis<\/em> Propuestas y Alternativas&nbsp; para un Acapulco resiliente\u201d; Javier Morlett Macho, \u201c<em>OTIS<\/em> 2da parte; La secuela\u201d; David Acevedo Ugarte, \u201c<em>Otis<\/em> y los verdaderos responsables de los desastres\u201d; Vivian Heredia Hern\u00e1ndez, \u201cAnti fr\u00e1gil m\u00e1s all\u00e1 de la resiliencia\u201d; Manuel Ruz Vargas, \u201cTransformaciones sociales y comunitarias despu\u00e9s del Hurac\u00e1n Otis\u201d; Alejandro Mart\u00ednez Sidney, \u201cEl desaf\u00edo de la reconstrucci\u00f3n del turismo y comercio de Acapulco despu\u00e9s de <em>Otis<\/em>\u201d y Genaro S\u00e1nchez Mejorada, \u201cAcapulco: Un mar de ideas\u201d.<\/p>\n\n\n\n<p><strong>Marea Alta.-<\/strong> Qui\u00e9n no para ni un momento es el ingeniero Jeovel Guinto Gonz\u00e1lez, promoviendo proyectos productivos de largo alcance y con fuertes inversiones como las que pr\u00f3ximamente se realizar\u00e1n en el <strong>Polo del Bienestar de la Cuenca del Balsas<\/strong>, en el municipio La Uni\u00f3n y en otros municipios de la entidad.<\/p>\n\n\n\n<p>El empresario Guinto Gonz\u00e1lez no oculta sus aspiraciones pol\u00edticas rumbo a la renovaci\u00f3n de poderes locales y del legislativo federal, haciendo talacha dentro del grupo pol\u00edtico de H\u00e9ctor Ulises Garc\u00eda Nieto, ex delegado de <strong>MORENA<\/strong> en Guerrero, actual secretario de Movilidad de la Ciudad de M\u00e9xico y Alfonso Ram\u00edrez Cuellar, subcoordinador de la C\u00e1mara de Diputados Federal, adem\u00e1s de L\u00e1zaro C\u00e1rdenas Batel, coordinador de Asesores de la presidenta Sheinbaum.<\/p>\n\n\n\n<p><strong>Maremoto.-<\/strong> Ya se cumplieron cinco a\u00f1os de prisi\u00f3n de la combativa luchadora social, Kenia Hern\u00e1ndez Montalb\u00e1n, en el Centro Federal de Readaptaci\u00f3n Social Femenil <strong>(CEFERESO<\/strong>), n\u00famero 16 de Coatl\u00e1n del R\u00edo Morelos, siendo detenida el 6 de junio de 2020, por su probable participaci\u00f3n de robo con violencia a la caseta de cobro Hortaliza, en la carretera Toluca-Valle de Bravo.<\/p>\n\n\n\n<p>La detenci\u00f3n de Kenia Hern\u00e1ndez ha servido como \u201cchivo expiatorio\u201d y ejemplo para otros activistas que con frecuencia toman las casetas de cobro para pedir cooperaci\u00f3n a los automovilistas y financias as\u00ed, sus movimientos sociales. El Frente Popular de La Monta\u00f1a (FPM) y otras organizaciones sociales vienen exigiendo la liberaci\u00f3n de la ind\u00edgena amuzga y activista, Kenia Hern\u00e1ndez, petici\u00f3n que le han hecho a la presidenta Sheinbaum y a la gobernadora Evelyn Salgado, sin que haya respuesta.<\/p>\n","protected":false},"excerpt":{"rendered":"<p>Gana la oposici\u00f3n universitaria al tri-rector Salda\u00f1a Almaz\u00e1n Por Ricardo Castillo Barrientos La sustancia de la reforma a la Ley Org\u00e1nica de la Universidad Aut\u00f3noma de Guerrero qued\u00f3 intocable, en&hellip; <\/p>\n","protected":false},"author":33,"featured_media":97028,"comment_status":"open","ping_status":"open","sticky":false,"template":"","format":"standard","meta":{"fifu_image_url":"https:\/\/www.interaccionnoticias.com.mx\/wp-content\/uploads\/2025\/01\/MAREMAGNUM.jpg","fifu_image_alt":"","footnotes":""},"categories":[16],"tags":[],"class_list":["post-97026","post","type-post","status-publish","format-standard","has-post-thumbnail","hentry","category-opinion"],"_links":{"self":[{"href":"https:\/\/www.interaccionnoticias.com.mx\/index.php?rest_route=\/wp\/v2\/posts\/97026","targetHints":{"allow":["GET"]}}],"collection":[{"href":"https:\/\/www.interaccionnoticias.com.mx\/index.php?rest_route=\/wp\/v2\/posts"}],"about":[{"href":"https:\/\/www.interaccionnoticias.com.mx\/index.php?rest_route=\/wp\/v2\/types\/post"}],"author":[{"embeddable":true,"href":"https:\/\/www.interaccionnoticias.com.mx\/index.php?rest_route=\/wp\/v2\/users\/33"}],"replies":[{"embeddable":true,"href":"https:\/\/www.interaccionnoticias.com.mx\/index.php?rest_route=%2Fwp%2Fv2%2Fcomments&post=97026"}],"version-history":[{"count":1,"href":"https:\/\/www.interaccionnoticias.com.mx\/index.php?rest_route=\/wp\/v2\/posts\/97026\/revisions"}],"predecessor-version":[{"id":97027,"href":"https:\/\/www.interaccionnoticias.com.mx\/index.php?rest_route=\/wp\/v2\/posts\/97026\/revisions\/97027"}],"wp:featuredmedia":[{"embeddable":true,"href":"https:\/\/www.interaccionnoticias.com.mx\/index.php?rest_route=\/wp\/v2\/media\/97028"}],"wp:attachment":[{"href":"https:\/\/www.interaccionnoticias.com.mx\/index.php?rest_route=%2Fwp%2Fv2%2Fmedia&parent=97026"}],"wp:term":[{"taxonomy":"category","embeddable":true,"href":"https:\/\/www.interaccionnoticias.com.mx\/index.php?rest_route=%2Fwp%2Fv2%2Fcategories&post=97026"},{"taxonomy":"post_tag","embeddable":true,"href":"https:\/\/www.interaccionnoticias.com.mx\/index.php?rest_route=%2Fwp%2Fv2%2Ftags&post=97026"}],"curies":[{"name":"wp","href":"https:\/\/api.w.org\/{rel}","templated":true}]}}