{"id":97019,"date":"2025-10-23T17:41:21","date_gmt":"2025-10-23T23:41:21","guid":{"rendered":"https:\/\/www.interaccionnoticias.com.mx\/?p=97019"},"modified":"2025-10-23T17:41:22","modified_gmt":"2025-10-23T23:41:22","slug":"propone-diputado-local-reactivar-el-programa-de-estancias-infantiles-en-guerrero","status":"publish","type":"post","link":"https:\/\/www.interaccionnoticias.com.mx\/?p=97019","title":{"rendered":"Propone diputado local reactivar el programa de Estancias Infantiles en Guerrero"},"content":{"rendered":"\n<p><strong><em>&#8212; Considera necesario incluso que se asiente en la Constituci\u00f3n Pol\u00edtica del estado para que sea permanente<\/em><\/strong><\/p>\n\n\n\n<p><strong>Rosario Garc\u00eda Orozco<\/strong><\/p>\n\n\n\n<p>El diputado local por Movimiento Ciudadano (MC), Juli\u00e1n L\u00f3pez Galeana propuso una iniciativa para reformar la Constituci\u00f3n Pol\u00edtica del Estado de Guerrero y se reactive en la entidad el programa de Estancias Infantiles, que operaba a nivel federal y que el gobierno de Andr\u00e9s Manuel L\u00f3pez Obrador desapareci\u00f3.<\/p>\n\n\n\n<p>Mencion\u00f3 que al desaparecer ese programa, madres guerrerenses se quedaron sin la oportunidad de seguir trabajando y de dejar a sus hijos en buenas manos, donde los ni\u00f1os contaban con alimentaci\u00f3n, instrucci\u00f3n acad\u00e9mica, atenci\u00f3n profesional y un lugar seguro para los infantes.<\/p>\n\n\n\n<p>Coment\u00f3 que es urgente reactivar el programa de Estancias Infantiles \u00abporque s\u00ed o s\u00ed beneficiaba a las familias ya que implicaba un acompa\u00f1amiento no s\u00f3lo alimenticio, sino tambi\u00e9n nutricional, cuidado f\u00edsico, un espacio seguro donde las ni\u00f1as y los ni\u00f1os estaban seguros y los padres pod\u00edan estar confiados en que pod\u00edan realizar otras actividades laborales y productivas, para que sus hijos est\u00e9n en mejores condiciones\u00bb.<\/p>\n\n\n\n<p>Agreg\u00f3 que con la desaparici\u00f3n de ese programa por parte del gobierno federal y su sustici\u00f3n por apoyos econ\u00f3micos directos a las madres de familia \u00abcreo que retrocedimos mucho en este ecosistema del bienestar para la ni\u00f1ez\u00bb.<\/p>\n\n\n\n<p>Era un programa positivo y daba tranquilidad a las madres principalmente, porque les permit\u00eda desarrollarse en sus trabajos ya fueran burocr\u00e1ticos o en la iniciativa privada, y hasta en sus emprendimientos, para generar mejores condiciones para los suyos.<\/p>\n\n\n\n<p>L\u00f3pez Galeana conf\u00edo en que la iniciativa sea respaldada por sus compa\u00f1eros legisladores y se destinen recursos econ\u00f3micos para ese proyecto, adem\u00e1s de que sea reformada la Constituci\u00f3n Pol\u00edtica del Estado de Guerrero para que ya sea por Ley la creaci\u00f3n y permanencia de ese programa de Estancias Infantiles.<\/p>\n","protected":false},"excerpt":{"rendered":"<p>&#8212; Considera necesario incluso que se asiente en la Constituci\u00f3n Pol\u00edtica del estado para que sea permanente Rosario Garc\u00eda Orozco El diputado local por Movimiento Ciudadano (MC), Juli\u00e1n L\u00f3pez Galeana&hellip; <\/p>\n","protected":false},"author":14,"featured_media":97022,"comment_status":"open","ping_status":"open","sticky":false,"template":"","format":"standard","meta":{"fifu_image_url":"https:\/\/www.interaccionnoticias.com.mx\/wp-content\/uploads\/2025\/10\/251023-Julian-Lopez-Galeana.jpg","fifu_image_alt":"","footnotes":""},"categories":[2],"tags":[],"class_list":["post-97019","post","type-post","status-publish","format-standard","has-post-thumbnail","hentry","category-congreso"],"_links":{"self":[{"href":"https:\/\/www.interaccionnoticias.com.mx\/index.php?rest_route=\/wp\/v2\/posts\/97019","targetHints":{"allow":["GET"]}}],"collection":[{"href":"https:\/\/www.interaccionnoticias.com.mx\/index.php?rest_route=\/wp\/v2\/posts"}],"about":[{"href":"https:\/\/www.interaccionnoticias.com.mx\/index.php?rest_route=\/wp\/v2\/types\/post"}],"author":[{"embeddable":true,"href":"https:\/\/www.interaccionnoticias.com.mx\/index.php?rest_route=\/wp\/v2\/users\/14"}],"replies":[{"embeddable":true,"href":"https:\/\/www.interaccionnoticias.com.mx\/index.php?rest_route=%2Fwp%2Fv2%2Fcomments&post=97019"}],"version-history":[{"count":1,"href":"https:\/\/www.interaccionnoticias.com.mx\/index.php?rest_route=\/wp\/v2\/posts\/97019\/revisions"}],"predecessor-version":[{"id":97021,"href":"https:\/\/www.interaccionnoticias.com.mx\/index.php?rest_route=\/wp\/v2\/posts\/97019\/revisions\/97021"}],"wp:featuredmedia":[{"embeddable":true,"href":"https:\/\/www.interaccionnoticias.com.mx\/index.php?rest_route=\/wp\/v2\/media\/97022"}],"wp:attachment":[{"href":"https:\/\/www.interaccionnoticias.com.mx\/index.php?rest_route=%2Fwp%2Fv2%2Fmedia&parent=97019"}],"wp:term":[{"taxonomy":"category","embeddable":true,"href":"https:\/\/www.interaccionnoticias.com.mx\/index.php?rest_route=%2Fwp%2Fv2%2Fcategories&post=97019"},{"taxonomy":"post_tag","embeddable":true,"href":"https:\/\/www.interaccionnoticias.com.mx\/index.php?rest_route=%2Fwp%2Fv2%2Ftags&post=97019"}],"curies":[{"name":"wp","href":"https:\/\/api.w.org\/{rel}","templated":true}]}}