{"id":96948,"date":"2025-10-22T19:31:00","date_gmt":"2025-10-23T01:31:00","guid":{"rendered":"https:\/\/www.interaccionnoticias.com.mx\/?p=96948"},"modified":"2025-10-23T00:07:17","modified_gmt":"2025-10-23T06:07:17","slug":"mi-rectorado-termina-en-2027-dice-javier-saldana-a-sus-criticos-en-la-uagro","status":"publish","type":"post","link":"https:\/\/www.interaccionnoticias.com.mx\/?p=96948","title":{"rendered":"\u201cMi rectorado termina en 2027\u201d, dice Javier Salda\u00f1a a sus cr\u00edticos en la UAGro"},"content":{"rendered":"\n<p><strong><em>&#8212; Sostiene que la gobernadora Evelyn Salgado Pineda actu\u00f3 con respeto a la autonom\u00eda al enviar la iniciativa de reforma a la Ley Org\u00e1nica al Congreso local<br>&#8212; \u201cNunca quise beneficiarme\u201d, asegura<\/em><\/strong><\/p>\n\n\n\n<p><strong>Rogelio Agust\u00edn<\/strong><\/p>\n\n\n\n<p>El rector de la Universidad Aut\u00f3noma de Guerrero (UAGro), Javier Salda\u00f1a Almaz\u00e1n sostuvo que la reforma presentada por el Ejecutivo local al Poder Legislativo es la misma que aprob\u00f3 el Consejo Universitario (CU), por lo que rechaz\u00f3 que haya pretendido quedarse m\u00e1s a\u00f1os al frente de la administraci\u00f3n central y puntualiz\u00f3 que su mandato termina en 2027.<\/p>\n\n\n\n<p>En las canchas de futbol soccer de la m\u00e1xima casa de estudios, Salda\u00f1a Almaz\u00e1n sostuvo que la reforma a la Ley Org\u00e1nica de a UAGro, que elimina la reelecci\u00f3n, pero ampl\u00eda de 4 a 6 a\u00f1os el periodo del rector, dijo que la modificaci\u00f3n aprobada en el CU nunca trat\u00f3 de beneficiarlo.<\/p>\n\n\n\n<p>Ante expectadores e las integrantes de la selecci\u00f3n de futbol de la instituci\u00f3n, dijo que sus cr\u00edticos, quienes lo acusan de pretender perpetuarse en la rector\u00eda hasta 2029, no representan m\u00e1s del \u201c0.00 %\u201d de la comunidad universitaria.<\/p>\n\n\n\n<p>En el centro de la cancha de soccer, dijo que en los tres periodos que lleva como rector, ha tenido la oportunidad de concretar obra \u201cdesde Cuajinicuilapa (en Costachica) hasta la Uni\u00f3n (en Costa Grande)\u201d, por lo que se ha transformado a la UAGro.<\/p>\n\n\n\n<p>Insisti\u00f3: \u201cA los poquitos que andan por ah\u00ed, yo nunca hice una reforma para mi; al contrario, escuchen el discurso de la presidenta, decia que los municipios, todos los que tubieran reeleccion se deber\u00eda quitar, ese fue el acuerdo del Consejo Universitario, tambi\u00e9n el acuerdo de los sindicatos\u201d.<\/p>\n\n\n\n<p>Dijo que varios de sus opositores fueron funcionarios y se beneficiaro de la UAGro, \u201cpero no han aportado nada\u201d.<\/p>\n\n\n\n<p>De hecho, asegur\u00f3 que si fuera por los que hoy se oponen a su rectorad, \u201cLa universidad seguir\u00eda en la calle, haciendo manifestaciones, no lo que estamos haciendo ahora\u201d.<\/p>\n\n\n\n<p>Destac\u00f3 que los consejeros que votaron a favor de la reforma, as\u00ed como los directores que impulsaron las consultas no desean que se detenga la marcha de la instituci\u00f3n.<\/p>\n\n\n\n<p>Salda\u00f1a manifest\u00f3 que est\u00e1 agradecido con la gobernadora Evelyn Salgado Pineda, ya que actu\u00f3 con respeto a la autonom\u00eda de la UAGro, pues \u201ctal y como se mand\u00f3 la propuesta es como va al Congreso del Estado\u201d.<\/p>\n\n\n\n<p>Ahora que el asunto se turn\u00f3 a la Comisi\u00f3 de Educaci\u00f3n, asegur\u00f3 que todo parece que marchar\u00e1 bien.<\/p>\n\n\n\n<p>Respecto a los diputados locales que ahora tienen el tema en sus manos, dijo que est\u00e1 seguro de que no habr\u00e1 complicaciones, ya que varios de ellos incluso son egresados de la universidad.<\/p>\n\n\n\n<p>Reiter\u00f3 que lleva tres periodos como rector y que el \u00faltimo termina en 2027, no despu\u00e9s.<\/p>\n","protected":false},"excerpt":{"rendered":"<p>&#8212; Sostiene que la gobernadora Evelyn Salgado Pineda actu\u00f3 con respeto a la autonom\u00eda al enviar la iniciativa de reforma a la Ley Org\u00e1nica al Congreso local&#8212; \u201cNunca quise beneficiarme\u201d,&hellip; <\/p>\n","protected":false},"author":21,"featured_media":96951,"comment_status":"open","ping_status":"open","sticky":false,"template":"","format":"standard","meta":{"fifu_image_url":"https:\/\/www.interaccionnoticias.com.mx\/wp-content\/uploads\/2025\/10\/251022-JSA.jpg","fifu_image_alt":"","footnotes":""},"categories":[30],"tags":[],"class_list":["post-96948","post","type-post","status-publish","format-standard","has-post-thumbnail","hentry","category-universidad"],"_links":{"self":[{"href":"https:\/\/www.interaccionnoticias.com.mx\/index.php?rest_route=\/wp\/v2\/posts\/96948","targetHints":{"allow":["GET"]}}],"collection":[{"href":"https:\/\/www.interaccionnoticias.com.mx\/index.php?rest_route=\/wp\/v2\/posts"}],"about":[{"href":"https:\/\/www.interaccionnoticias.com.mx\/index.php?rest_route=\/wp\/v2\/types\/post"}],"author":[{"embeddable":true,"href":"https:\/\/www.interaccionnoticias.com.mx\/index.php?rest_route=\/wp\/v2\/users\/21"}],"replies":[{"embeddable":true,"href":"https:\/\/www.interaccionnoticias.com.mx\/index.php?rest_route=%2Fwp%2Fv2%2Fcomments&post=96948"}],"version-history":[{"count":1,"href":"https:\/\/www.interaccionnoticias.com.mx\/index.php?rest_route=\/wp\/v2\/posts\/96948\/revisions"}],"predecessor-version":[{"id":96950,"href":"https:\/\/www.interaccionnoticias.com.mx\/index.php?rest_route=\/wp\/v2\/posts\/96948\/revisions\/96950"}],"wp:featuredmedia":[{"embeddable":true,"href":"https:\/\/www.interaccionnoticias.com.mx\/index.php?rest_route=\/wp\/v2\/media\/96951"}],"wp:attachment":[{"href":"https:\/\/www.interaccionnoticias.com.mx\/index.php?rest_route=%2Fwp%2Fv2%2Fmedia&parent=96948"}],"wp:term":[{"taxonomy":"category","embeddable":true,"href":"https:\/\/www.interaccionnoticias.com.mx\/index.php?rest_route=%2Fwp%2Fv2%2Fcategories&post=96948"},{"taxonomy":"post_tag","embeddable":true,"href":"https:\/\/www.interaccionnoticias.com.mx\/index.php?rest_route=%2Fwp%2Fv2%2Ftags&post=96948"}],"curies":[{"name":"wp","href":"https:\/\/api.w.org\/{rel}","templated":true}]}}