{"id":96925,"date":"2025-10-22T15:18:07","date_gmt":"2025-10-22T21:18:07","guid":{"rendered":"https:\/\/www.interaccionnoticias.com.mx\/?p=96925"},"modified":"2025-10-22T15:18:08","modified_gmt":"2025-10-22T21:18:08","slug":"lider-del-congreso-confirma-ajustes-en-la-iniciativa-de-reforma-a-la-ley-organica-de-la-uagro","status":"publish","type":"post","link":"https:\/\/www.interaccionnoticias.com.mx\/?p=96925","title":{"rendered":"L\u00edder del Congreso confirma ajustes en la iniciativa de reforma a la Ley Org\u00e1nica de la UAGro"},"content":{"rendered":"\n<p><strong><em>&#8212; Jes\u00fas Uriostegui Garc\u00eda, coordinador de MORENA, sostiene que la revisi\u00f3n se realiza con respeto a la autonom\u00eda universitaria<\/em><\/strong><\/p>\n\n\n\n<p><strong>Rosario Garc\u00eda Orozco<\/strong><\/p>\n\n\n\n<p>El presidente de la Junta de Coordinaci\u00f3n Pol\u00edtica (Jucopo) del Congreso local, Jes\u00fas Uri\u00f3stegui Garc\u00eda, confirm\u00f3 que hubo ajustes a la propuesta del Consejo Universitario en torno a la Reforma a la Ley Org\u00e1nica de la Universidad Aut\u00f3noma de Guerrero (UAGro), pero aclar\u00f3 que los ajustes se desarrollaron en el marco del respeto a la autonom\u00eda de la instituci\u00f3n.<\/p>\n\n\n\n<p>El tambi\u00e9n coordinador del Grupo Parlamentario de MORENA, inform\u00f3 que se llev\u00f3 a cabo una reuni\u00f3n con representantes de distintos grupos de la casa de estudios, a quienes les reiter\u00f3 que ser\u00e1 analizada la propuesta con base en los principios de autonom\u00eda universitaria.<\/p>\n\n\n\n<p>Durante el encuentro entre legisladores morenistas y representantes de la universidad, se conoci\u00f3 el contenido de la propuesta de reforma enviada por la gobernadora Evelyn Salgado Pineda, que propone que la extensi\u00f3n del rectorado, consejeros universitarios y los cargos de directores de las unidades acad\u00e9micas se extienda de 4 a 6 a\u00f1os, pero se aplicar\u00e1 no de manera inmediata a su publicaci\u00f3n en el Diario Oficial, sino hasta el 2027, tras la elecci\u00f3n de rector y directores.<\/p>\n\n\n\n<p>Asegur\u00f3 que los legisladores analizar\u00e1n la propuesta enviada por la gobernadora Evelyn Salgado Pineda, que incluye echar abajo el transitorio de la reforma a la Ley Org\u00e1nica de la Universidad Aut\u00f3noma de Guerrero (UAGro) que permit\u00eda la ampliaci\u00f3n inmediata del rectorado de Javier Salda\u00f1a Almaz\u00e1n, as\u00ed como de los directivos y consejeros universitarios actuales.<\/p>\n\n\n\n<p>\u201cHabremos de dialogar y debatir escuchar todas las participaciones\u00bb, sostuvo el morenista, y agrego: \u00abhubo ajustes, no habr\u00e1 un tema de reelecci\u00f3n y obviamente tendremos que analizarlo muy puntualmente, tenemos que ser responsables en el ejercicio que vayamos a hacer, que vamos a hacer obviamente con respeto a la autonom\u00eda universitaria\u201d, enfatiz\u00f3.<\/p>\n\n\n\n<p>El an\u00e1lisis de la propuesta de la mandataria estatal, se\u00f1al\u00f3 Uri\u00f3stegui Garc\u00eda ser\u00e1 revisado de manera amplia, \u201ctenemos que revisar bien qu\u00e9 es lo que se presenta, tenemos una comisi\u00f3n en donde va a recaer, que se encargar\u00e1 de ello, pero tendremos que debatirlo, tenemos que dar certeza de lo se est\u00e1 haciendo, y actuar conforme a derecho\u201d.<\/p>\n\n\n\n<p>En el caso de los legisladores de Morena la idea es ser respetuosos de todas las posturas, indic\u00f3 el presidente de la Jucipo, \u201csomos 25 diputados, es una fracci\u00f3n muy amplia\u201d, por lo que ser\u00e1 necesario escucharlos a todos, \u201cde eso se trata la democracia\u00bb.<\/p>\n","protected":false},"excerpt":{"rendered":"<p>&#8212; Jes\u00fas Uriostegui Garc\u00eda, coordinador de MORENA, sostiene que la revisi\u00f3n se realiza con respeto a la autonom\u00eda universitaria Rosario Garc\u00eda Orozco El presidente de la Junta de Coordinaci\u00f3n Pol\u00edtica&hellip; <\/p>\n","protected":false},"author":14,"featured_media":96928,"comment_status":"open","ping_status":"open","sticky":false,"template":"","format":"standard","meta":{"fifu_image_url":"https:\/\/www.interaccionnoticias.com.mx\/wp-content\/uploads\/2025\/10\/251022-Jesus-Uriostegui-Garcia.jpg","fifu_image_alt":"","footnotes":""},"categories":[2],"tags":[],"class_list":["post-96925","post","type-post","status-publish","format-standard","has-post-thumbnail","hentry","category-congreso"],"_links":{"self":[{"href":"https:\/\/www.interaccionnoticias.com.mx\/index.php?rest_route=\/wp\/v2\/posts\/96925","targetHints":{"allow":["GET"]}}],"collection":[{"href":"https:\/\/www.interaccionnoticias.com.mx\/index.php?rest_route=\/wp\/v2\/posts"}],"about":[{"href":"https:\/\/www.interaccionnoticias.com.mx\/index.php?rest_route=\/wp\/v2\/types\/post"}],"author":[{"embeddable":true,"href":"https:\/\/www.interaccionnoticias.com.mx\/index.php?rest_route=\/wp\/v2\/users\/14"}],"replies":[{"embeddable":true,"href":"https:\/\/www.interaccionnoticias.com.mx\/index.php?rest_route=%2Fwp%2Fv2%2Fcomments&post=96925"}],"version-history":[{"count":1,"href":"https:\/\/www.interaccionnoticias.com.mx\/index.php?rest_route=\/wp\/v2\/posts\/96925\/revisions"}],"predecessor-version":[{"id":96927,"href":"https:\/\/www.interaccionnoticias.com.mx\/index.php?rest_route=\/wp\/v2\/posts\/96925\/revisions\/96927"}],"wp:featuredmedia":[{"embeddable":true,"href":"https:\/\/www.interaccionnoticias.com.mx\/index.php?rest_route=\/wp\/v2\/media\/96928"}],"wp:attachment":[{"href":"https:\/\/www.interaccionnoticias.com.mx\/index.php?rest_route=%2Fwp%2Fv2%2Fmedia&parent=96925"}],"wp:term":[{"taxonomy":"category","embeddable":true,"href":"https:\/\/www.interaccionnoticias.com.mx\/index.php?rest_route=%2Fwp%2Fv2%2Fcategories&post=96925"},{"taxonomy":"post_tag","embeddable":true,"href":"https:\/\/www.interaccionnoticias.com.mx\/index.php?rest_route=%2Fwp%2Fv2%2Ftags&post=96925"}],"curies":[{"name":"wp","href":"https:\/\/api.w.org\/{rel}","templated":true}]}}