{"id":96911,"date":"2025-10-22T13:16:33","date_gmt":"2025-10-22T19:16:33","guid":{"rendered":"https:\/\/www.interaccionnoticias.com.mx\/?p=96911"},"modified":"2025-10-22T13:16:34","modified_gmt":"2025-10-22T19:16:34","slug":"iniciativa-de-reforma-del-ejecutivo-local-evita-la-permanencia-del-rector-de-la-uagro","status":"publish","type":"post","link":"https:\/\/www.interaccionnoticias.com.mx\/?p=96911","title":{"rendered":"Iniciativa de reforma del Ejecutivo local evita la permanencia del rector de la UAGro"},"content":{"rendered":"\n<p><strong><em>&#8212; El abogado Rub\u00e9n Cayetano Garc\u00eda dice que conoci\u00f3 la propuesta enviada al Congreso, misma que en un transitorio difiere de lo que aprob\u00f3 el Consejo Universitario<br>&#8212; Habr\u00e1 elecciones en 2027, no hasta 2029, sostiene<\/em><\/strong><\/p>\n\n\n\n<p><strong>Rogelio Agust\u00edn<\/strong><\/p>\n\n\n\n<p>El abogado Rub\u00e9n Cayetano Garc\u00eda revel\u00f3 que la iniciativa de reforma a la Ley Org\u00e1nica de la Universidad Aut\u00f3noma de Guerrero (UAGro), enviada al Congreso por ela titular del Poder Ejecutivo local, Evelyn Salgado Pineda, evita que el actual rector se mantenga en el cargo hasta 2029, pues plantea que haya elecciones en 2027.<\/p>\n\n\n\n<p>Cayetano Garc\u00eda estuvo presente en el inicio de una reuni\u00f3n que acad\u00e9micos de la m\u00e1xima casa de estudios sostuvieron con diputados de MORENA, el Grupo Parlamentario que es mayor\u00eda en el Congreso de Guerrero.<\/p>\n\n\n\n<p>El ex diputado federal sali\u00f3 de encuentro casi en el inicio, m\u00e1s tarde, en su p\u00e1gina de Facebook public\u00f3 lo que consider\u00f3, era la parte importante del encuentro.<\/p>\n\n\n\n<p>\u201cConocimos la iniciativa de reforma a la Ley Org\u00e1nica de la Universidad Aut\u00f3noma de Guerrero n\u00famero 178, de la Gobernadora Evelyn Salgado Pineda\u201d, se\u00f1ala de manera inicial.<\/p>\n\n\n\n<p>Luego expone: \u201cLes quit\u00f3 la pr\u00f3rroga de cargos en funciones aprobados por el Consejo Universitario\u201d.<\/p>\n\n\n\n<p>Detalla que en la iniciativa enviada por la jefa del Ejecutivo local se acot\u00f3 la entrada en vigor de la reforma, lo que suceder\u00e1 hasta el 2027, tal como \u00e9l y sus simpatizantes lo sugirieron, en la impugnaci\u00f3n presentada tras la sesi\u00f3n del m\u00e1ximo \u00f3rgano de gobierno universitario.<\/p>\n\n\n\n<p>\u201cEllos quer\u00edan la entrada en vigor desde su publicaci\u00f3n; tengan para que aprendan\u00bb, ironiz\u00f3 Cayetano Garc\u00eda.<\/p>\n\n\n\n<p>Agrega: \u201cMientras el segundo transitorio de la propuesta pretende que los cargos en funciones se sujeten a la reforma, la titular del Ejecutivo en su iniciativa dice no\u201d.<\/p>\n\n\n\n<p>Lo que sigue, es que habr\u00e1 elecciones para rector en 2027 y no hasta 2029, como asegura, se lleg\u00f3 a insinuar en el Consejo.<\/p>\n\n\n\n<p>El ex diputado federal manifest\u00f3 que ser\u00e1 interesante saber qu\u00e9 opinan \u201clos falsos\u201d defensores de la autonom\u00eda universitaria.<\/p>\n\n\n\n<p>Cuestion\u00f3 la posibilidad de que se convoque a movilizaciones a partir de la modificaci\u00f3n hecha en el Ejecutivo local, respecto a lo aprobado en la sesi\u00f3n del Consejo Universitario.<\/p>\n\n\n\n<p>No obstante, asever\u00f3 que dicha modificaci\u00f3n no vulnera la autonom\u00eda universitaria, aunque s\u00ed lesiona los itereses de la c\u00fapula en el poder actual.<\/p>\n\n\n\n<p>Con esto, dijo que \u201cqueda en grado de tentativa de agandalle de los cargos\u201d.<\/p>\n\n\n\n<p>Pese a lo que contiene la iniciativa enviada por la gobernadora Salgado Pineda, dijo que se mantiene firme la impugnaci\u00f3n ante el Tribunal Universitario, por la ampliaci\u00f3n de 4 a 6 a\u00f1os del per\u00edodo de rector y directores de unidades acad\u00e9micas.<\/p>\n","protected":false},"excerpt":{"rendered":"<p>&#8212; El abogado Rub\u00e9n Cayetano Garc\u00eda dice que conoci\u00f3 la propuesta enviada al Congreso, misma que en un transitorio difiere de lo que aprob\u00f3 el Consejo Universitario&#8212; Habr\u00e1 elecciones en&hellip; <\/p>\n","protected":false},"author":21,"featured_media":96914,"comment_status":"open","ping_status":"open","sticky":false,"template":"","format":"standard","meta":{"fifu_image_url":"https:\/\/www.interaccionnoticias.com.mx\/wp-content\/uploads\/2025\/10\/251022-congreso-Uagro.jpg","fifu_image_alt":"","footnotes":""},"categories":[30],"tags":[],"class_list":["post-96911","post","type-post","status-publish","format-standard","has-post-thumbnail","hentry","category-universidad"],"_links":{"self":[{"href":"https:\/\/www.interaccionnoticias.com.mx\/index.php?rest_route=\/wp\/v2\/posts\/96911","targetHints":{"allow":["GET"]}}],"collection":[{"href":"https:\/\/www.interaccionnoticias.com.mx\/index.php?rest_route=\/wp\/v2\/posts"}],"about":[{"href":"https:\/\/www.interaccionnoticias.com.mx\/index.php?rest_route=\/wp\/v2\/types\/post"}],"author":[{"embeddable":true,"href":"https:\/\/www.interaccionnoticias.com.mx\/index.php?rest_route=\/wp\/v2\/users\/21"}],"replies":[{"embeddable":true,"href":"https:\/\/www.interaccionnoticias.com.mx\/index.php?rest_route=%2Fwp%2Fv2%2Fcomments&post=96911"}],"version-history":[{"count":1,"href":"https:\/\/www.interaccionnoticias.com.mx\/index.php?rest_route=\/wp\/v2\/posts\/96911\/revisions"}],"predecessor-version":[{"id":96913,"href":"https:\/\/www.interaccionnoticias.com.mx\/index.php?rest_route=\/wp\/v2\/posts\/96911\/revisions\/96913"}],"wp:featuredmedia":[{"embeddable":true,"href":"https:\/\/www.interaccionnoticias.com.mx\/index.php?rest_route=\/wp\/v2\/media\/96914"}],"wp:attachment":[{"href":"https:\/\/www.interaccionnoticias.com.mx\/index.php?rest_route=%2Fwp%2Fv2%2Fmedia&parent=96911"}],"wp:term":[{"taxonomy":"category","embeddable":true,"href":"https:\/\/www.interaccionnoticias.com.mx\/index.php?rest_route=%2Fwp%2Fv2%2Fcategories&post=96911"},{"taxonomy":"post_tag","embeddable":true,"href":"https:\/\/www.interaccionnoticias.com.mx\/index.php?rest_route=%2Fwp%2Fv2%2Ftags&post=96911"}],"curies":[{"name":"wp","href":"https:\/\/api.w.org\/{rel}","templated":true}]}}