{"id":96893,"date":"2025-10-21T18:22:00","date_gmt":"2025-10-22T00:22:00","guid":{"rendered":"https:\/\/www.interaccionnoticias.com.mx\/?p=96893"},"modified":"2025-10-21T21:11:47","modified_gmt":"2025-10-22T03:11:47","slug":"empresarios-guerrerenses-piden-que-se-intensifique-la-lucha-contra-el-robo-la-extorsion-y-que-bajen-los-impuestos","status":"publish","type":"post","link":"https:\/\/www.interaccionnoticias.com.mx\/?p=96893","title":{"rendered":"Empresarios guerrerenses piden que se intensifique la lucha contra el robo, la extorsi\u00f3n y que bajen los impuestos"},"content":{"rendered":"\n<p><strong><em>&#8212; La migraci\u00f3n de negocios afecta a la juventud, porque escasean las fuentes de empleo, advierten<\/em><\/strong><\/p>\n\n\n\n<p><strong>Jes\u00fas Dorantes \/ Chilpancingo<\/strong><\/p>\n\n\n\n<p>Un grupo de empresarios, comerciantes, restauranteros, productores agr\u00edcolas, ganaderos y profesionistas del estado de Guerrero lanz\u00f3 un llamado de alerta a la presidenta Claudia Sheinbaum Pardo y la Gobernadora Evelyn Salgado Pineda, para que se intensifique la lucha contra los robos, la extorsi\u00f3n y que bajen los impuestos actuales.<\/p>\n\n\n\n<p>En un documento enviado a los gobiernos del Estado y la Federaci\u00f3n, representantes del sector productivo se\u00f1alaron que en los \u00faltimos siete meses, al menos 27 empresarios de la regi\u00f3n Centro decidieron abandonar Guerrero, tomando rumbo hacia entidades como Puebla, Quer\u00e9taro, Quintana Roo, Morelos, Jalisco, Yucat\u00e1n y la Ciudad de M\u00e9xico.<\/p>\n\n\n\n<p>Destacan que se trata principalmente de hoteleros, restauranteros, constructores y profesionistas como m\u00e9dicos e ingenieros.<\/p>\n\n\n\n<p>Los que se van, dejan negocios y empleos formales que probablemente se van a perder.<\/p>\n\n\n\n<p>\u201cEsta situaci\u00f3n afecta directamente a los j\u00f3venes egresados de nuestras instituciones educativas, en algunos casos orill\u00e1ndolos a delinquir\u201d, advirtieron los empresarios, a trav\u00e9s de una carta que carece de firmas.<\/p>\n\n\n\n<p>Denunciaron que la pr\u00e1ctica conocida como cobro de piso genera psicosis, pues implica adem\u00e1s involucra amenazas que ponen en riesgo a sus familias.<\/p>\n\n\n\n<p>En el documento que este martes circul\u00f3 en redes sociales relataron casos concretos, como el de un constructor oriundo de Chilapa de \u00c1lvarez, en la Monta\u00f1a Baja, quien tuvo que abandonar su negocio tras ser v\u00edctima de la delincuencia.<\/p>\n\n\n\n<p>Ese tipo de hechos se repite en ciudades como Acapulco, Taxco y Zihuatanejo, pero podr\u00eda alcanzar pronto a Chilpancingo, si no se intensifica la intervenci\u00f3n federal.<\/p>\n\n\n\n<p>Hay otros problemas que tienen que ver con el \u00e1mbito insitucional, entre ellos el costo del impuesto predial y las licencias, pues se\u00f1alan que por propiedades simples, ya sean viviendas o negocios, se cobran montos que van de 50 mil a 250 mil pesos, afectando la econom\u00eda local y el desarrollo de las empresas.<\/p>\n\n\n\n<p>En la carta expresan la esperanza en que la Presidencia de la Rep\u00fablica intervenga para mejorar la situaci\u00f3n econ\u00f3mica, social y de seguridad en Guerrero, para garantizar que haya m\u00e1s condiciones que permitan a empresarios, profesionistas y ciudadanos desarrollar sus actividades sin riesgo.<\/p>\n\n\n\n<figure class=\"wp-block-gallery has-nested-images columns-default is-cropped wp-block-gallery-1 is-layout-flex wp-block-gallery-is-layout-flex\">\n<figure class=\"wp-block-image size-large\"><img decoding=\"async\" src=\"data:image\/gif;base64,R0lGODlhAQABAIAAAAAAAP\/\/\/ywAAAAAAQABAAACAUwAOw==\" fifu-lazy=\"1\" fifu-data-sizes=\"auto\" fifu-data-srcset=\"https:\/\/i0.wp.com\/www.interaccionnoticias.com.mx\/wp-content\/uploads\/2025\/10\/251021-Empresarios-guerrerenses-1.jpg?ssl=1&w=75&resize=75&ssl=1 75w, https:\/\/i0.wp.com\/www.interaccionnoticias.com.mx\/wp-content\/uploads\/2025\/10\/251021-Empresarios-guerrerenses-1.jpg?ssl=1&w=100&resize=100&ssl=1 100w, https:\/\/i0.wp.com\/www.interaccionnoticias.com.mx\/wp-content\/uploads\/2025\/10\/251021-Empresarios-guerrerenses-1.jpg?ssl=1&w=150&resize=150&ssl=1 150w, https:\/\/i0.wp.com\/www.interaccionnoticias.com.mx\/wp-content\/uploads\/2025\/10\/251021-Empresarios-guerrerenses-1.jpg?ssl=1&w=240&resize=240&ssl=1 240w, https:\/\/i0.wp.com\/www.interaccionnoticias.com.mx\/wp-content\/uploads\/2025\/10\/251021-Empresarios-guerrerenses-1.jpg?ssl=1&w=320&resize=320&ssl=1 320w, https:\/\/i0.wp.com\/www.interaccionnoticias.com.mx\/wp-content\/uploads\/2025\/10\/251021-Empresarios-guerrerenses-1.jpg?ssl=1&w=500&resize=500&ssl=1 500w, https:\/\/i0.wp.com\/www.interaccionnoticias.com.mx\/wp-content\/uploads\/2025\/10\/251021-Empresarios-guerrerenses-1.jpg?ssl=1&w=640&resize=640&ssl=1 640w, https:\/\/i0.wp.com\/www.interaccionnoticias.com.mx\/wp-content\/uploads\/2025\/10\/251021-Empresarios-guerrerenses-1.jpg?ssl=1&w=800&resize=800&ssl=1 800w, https:\/\/i0.wp.com\/www.interaccionnoticias.com.mx\/wp-content\/uploads\/2025\/10\/251021-Empresarios-guerrerenses-1.jpg?ssl=1&w=1024&resize=1024&ssl=1 1024w, https:\/\/i0.wp.com\/www.interaccionnoticias.com.mx\/wp-content\/uploads\/2025\/10\/251021-Empresarios-guerrerenses-1.jpg?ssl=1&w=1280&resize=1280&ssl=1 1280w, https:\/\/i0.wp.com\/www.interaccionnoticias.com.mx\/wp-content\/uploads\/2025\/10\/251021-Empresarios-guerrerenses-1.jpg?ssl=1&w=1600&resize=1600&ssl=1 1600w\" data-id=\"96895\" fifu-data-src=\"https:\/\/i0.wp.com\/www.interaccionnoticias.com.mx\/wp-content\/uploads\/2025\/10\/251021-Empresarios-guerrerenses-1.jpg?ssl=1\" alt=\"\" class=\"wp-image-96895\"\/><\/figure>\n\n\n\n<figure class=\"wp-block-image size-large\"><img decoding=\"async\" src=\"data:image\/gif;base64,R0lGODlhAQABAIAAAAAAAP\/\/\/ywAAAAAAQABAAACAUwAOw==\" fifu-lazy=\"1\" fifu-data-sizes=\"auto\" fifu-data-srcset=\"https:\/\/i0.wp.com\/www.interaccionnoticias.com.mx\/wp-content\/uploads\/2025\/10\/251021-Empresarios-guerrerenses-2.jpg?ssl=1&w=75&resize=75&ssl=1 75w, https:\/\/i0.wp.com\/www.interaccionnoticias.com.mx\/wp-content\/uploads\/2025\/10\/251021-Empresarios-guerrerenses-2.jpg?ssl=1&w=100&resize=100&ssl=1 100w, https:\/\/i0.wp.com\/www.interaccionnoticias.com.mx\/wp-content\/uploads\/2025\/10\/251021-Empresarios-guerrerenses-2.jpg?ssl=1&w=150&resize=150&ssl=1 150w, https:\/\/i0.wp.com\/www.interaccionnoticias.com.mx\/wp-content\/uploads\/2025\/10\/251021-Empresarios-guerrerenses-2.jpg?ssl=1&w=240&resize=240&ssl=1 240w, https:\/\/i0.wp.com\/www.interaccionnoticias.com.mx\/wp-content\/uploads\/2025\/10\/251021-Empresarios-guerrerenses-2.jpg?ssl=1&w=320&resize=320&ssl=1 320w, https:\/\/i0.wp.com\/www.interaccionnoticias.com.mx\/wp-content\/uploads\/2025\/10\/251021-Empresarios-guerrerenses-2.jpg?ssl=1&w=500&resize=500&ssl=1 500w, https:\/\/i0.wp.com\/www.interaccionnoticias.com.mx\/wp-content\/uploads\/2025\/10\/251021-Empresarios-guerrerenses-2.jpg?ssl=1&w=640&resize=640&ssl=1 640w, https:\/\/i0.wp.com\/www.interaccionnoticias.com.mx\/wp-content\/uploads\/2025\/10\/251021-Empresarios-guerrerenses-2.jpg?ssl=1&w=800&resize=800&ssl=1 800w, https:\/\/i0.wp.com\/www.interaccionnoticias.com.mx\/wp-content\/uploads\/2025\/10\/251021-Empresarios-guerrerenses-2.jpg?ssl=1&w=1024&resize=1024&ssl=1 1024w, https:\/\/i0.wp.com\/www.interaccionnoticias.com.mx\/wp-content\/uploads\/2025\/10\/251021-Empresarios-guerrerenses-2.jpg?ssl=1&w=1280&resize=1280&ssl=1 1280w, https:\/\/i0.wp.com\/www.interaccionnoticias.com.mx\/wp-content\/uploads\/2025\/10\/251021-Empresarios-guerrerenses-2.jpg?ssl=1&w=1600&resize=1600&ssl=1 1600w\" data-id=\"96896\" fifu-data-src=\"https:\/\/i0.wp.com\/www.interaccionnoticias.com.mx\/wp-content\/uploads\/2025\/10\/251021-Empresarios-guerrerenses-2.jpg?ssl=1\" alt=\"\" class=\"wp-image-96896\"\/><\/figure>\n\n\n\n<figure class=\"wp-block-image size-large\"><img decoding=\"async\" src=\"data:image\/gif;base64,R0lGODlhAQABAIAAAAAAAP\/\/\/ywAAAAAAQABAAACAUwAOw==\" fifu-lazy=\"1\" fifu-data-sizes=\"auto\" fifu-data-srcset=\"https:\/\/i0.wp.com\/www.interaccionnoticias.com.mx\/wp-content\/uploads\/2025\/10\/251021-Empresarios-guerrerenses-3.jpg?ssl=1&w=75&resize=75&ssl=1 75w, https:\/\/i0.wp.com\/www.interaccionnoticias.com.mx\/wp-content\/uploads\/2025\/10\/251021-Empresarios-guerrerenses-3.jpg?ssl=1&w=100&resize=100&ssl=1 100w, https:\/\/i0.wp.com\/www.interaccionnoticias.com.mx\/wp-content\/uploads\/2025\/10\/251021-Empresarios-guerrerenses-3.jpg?ssl=1&w=150&resize=150&ssl=1 150w, https:\/\/i0.wp.com\/www.interaccionnoticias.com.mx\/wp-content\/uploads\/2025\/10\/251021-Empresarios-guerrerenses-3.jpg?ssl=1&w=240&resize=240&ssl=1 240w, https:\/\/i0.wp.com\/www.interaccionnoticias.com.mx\/wp-content\/uploads\/2025\/10\/251021-Empresarios-guerrerenses-3.jpg?ssl=1&w=320&resize=320&ssl=1 320w, https:\/\/i0.wp.com\/www.interaccionnoticias.com.mx\/wp-content\/uploads\/2025\/10\/251021-Empresarios-guerrerenses-3.jpg?ssl=1&w=500&resize=500&ssl=1 500w, https:\/\/i0.wp.com\/www.interaccionnoticias.com.mx\/wp-content\/uploads\/2025\/10\/251021-Empresarios-guerrerenses-3.jpg?ssl=1&w=640&resize=640&ssl=1 640w, https:\/\/i0.wp.com\/www.interaccionnoticias.com.mx\/wp-content\/uploads\/2025\/10\/251021-Empresarios-guerrerenses-3.jpg?ssl=1&w=800&resize=800&ssl=1 800w, https:\/\/i0.wp.com\/www.interaccionnoticias.com.mx\/wp-content\/uploads\/2025\/10\/251021-Empresarios-guerrerenses-3.jpg?ssl=1&w=1024&resize=1024&ssl=1 1024w, https:\/\/i0.wp.com\/www.interaccionnoticias.com.mx\/wp-content\/uploads\/2025\/10\/251021-Empresarios-guerrerenses-3.jpg?ssl=1&w=1280&resize=1280&ssl=1 1280w, https:\/\/i0.wp.com\/www.interaccionnoticias.com.mx\/wp-content\/uploads\/2025\/10\/251021-Empresarios-guerrerenses-3.jpg?ssl=1&w=1600&resize=1600&ssl=1 1600w\" data-id=\"96894\" fifu-data-src=\"https:\/\/i0.wp.com\/www.interaccionnoticias.com.mx\/wp-content\/uploads\/2025\/10\/251021-Empresarios-guerrerenses-3.jpg?ssl=1\" alt=\"\" class=\"wp-image-96894\"\/><\/figure>\n<\/figure>\n","protected":false},"excerpt":{"rendered":"<p>&#8212; La migraci\u00f3n de negocios afecta a la juventud, porque escasean las fuentes de empleo, advierten Jes\u00fas Dorantes \/ Chilpancingo Un grupo de empresarios, comerciantes, restauranteros, productores agr\u00edcolas, ganaderos y&hellip; <\/p>\n","protected":false},"author":8,"featured_media":96898,"comment_status":"open","ping_status":"open","sticky":false,"template":"","format":"standard","meta":{"fifu_image_url":"https:\/\/www.interaccionnoticias.com.mx\/wp-content\/uploads\/2025\/10\/251021-Empresarios-guerrerenses-2.jpg","fifu_image_alt":"","footnotes":""},"categories":[11],"tags":[],"class_list":["post-96893","post","type-post","status-publish","format-standard","has-post-thumbnail","hentry","category-guerrero"],"_links":{"self":[{"href":"https:\/\/www.interaccionnoticias.com.mx\/index.php?rest_route=\/wp\/v2\/posts\/96893","targetHints":{"allow":["GET"]}}],"collection":[{"href":"https:\/\/www.interaccionnoticias.com.mx\/index.php?rest_route=\/wp\/v2\/posts"}],"about":[{"href":"https:\/\/www.interaccionnoticias.com.mx\/index.php?rest_route=\/wp\/v2\/types\/post"}],"author":[{"embeddable":true,"href":"https:\/\/www.interaccionnoticias.com.mx\/index.php?rest_route=\/wp\/v2\/users\/8"}],"replies":[{"embeddable":true,"href":"https:\/\/www.interaccionnoticias.com.mx\/index.php?rest_route=%2Fwp%2Fv2%2Fcomments&post=96893"}],"version-history":[{"count":1,"href":"https:\/\/www.interaccionnoticias.com.mx\/index.php?rest_route=\/wp\/v2\/posts\/96893\/revisions"}],"predecessor-version":[{"id":96897,"href":"https:\/\/www.interaccionnoticias.com.mx\/index.php?rest_route=\/wp\/v2\/posts\/96893\/revisions\/96897"}],"wp:featuredmedia":[{"embeddable":true,"href":"https:\/\/www.interaccionnoticias.com.mx\/index.php?rest_route=\/wp\/v2\/media\/96898"}],"wp:attachment":[{"href":"https:\/\/www.interaccionnoticias.com.mx\/index.php?rest_route=%2Fwp%2Fv2%2Fmedia&parent=96893"}],"wp:term":[{"taxonomy":"category","embeddable":true,"href":"https:\/\/www.interaccionnoticias.com.mx\/index.php?rest_route=%2Fwp%2Fv2%2Fcategories&post=96893"},{"taxonomy":"post_tag","embeddable":true,"href":"https:\/\/www.interaccionnoticias.com.mx\/index.php?rest_route=%2Fwp%2Fv2%2Ftags&post=96893"}],"curies":[{"name":"wp","href":"https:\/\/api.w.org\/{rel}","templated":true}]}}