{"id":96889,"date":"2025-10-21T17:54:00","date_gmt":"2025-10-21T23:54:00","guid":{"rendered":"https:\/\/www.interaccionnoticias.com.mx\/?p=96889"},"modified":"2025-10-21T21:01:44","modified_gmt":"2025-10-22T03:01:44","slug":"el-21-de-diciembre-se-llevara-a-cabo-el-paseo-del-pendon","status":"publish","type":"post","link":"https:\/\/www.interaccionnoticias.com.mx\/?p=96889","title":{"rendered":"El 21 de diciembre se llevar\u00e1 a cabo el Paseo del Pend\u00f3n"},"content":{"rendered":"\n<p><strong><em>&#8212; Se va a solicitar el apoyo econ\u00f3mico al gobierno del estado, adelant\u00f3 el aldalde Gustavo Alarc\u00f3n<\/em><\/strong><\/p>\n\n\n\n<p><strong>Rosario Garc\u00eda Orozco<\/strong><\/p>\n\n\n\n<p>Ser\u00e1 el 21 de diciembre cuando se lleve a cabo el tradicional Paseo del Pend\u00f3n, que es el anuncio de la 200 edici\u00f3n de la Feria de San Mateo Navidad y A\u00f1o Nuevo, una de las festividades m\u00e1s importantes para la capital, inform\u00f3 el presidente municipal de Chilpancingo, Gustavo Alarc\u00f3n Herrera.<\/p>\n\n\n\n<p>Record\u00f3 que ser\u00e1n dirigentes de organizaciones empresariales quienes conformen el Consejo T\u00e9cnico de la Feria de Chilpancingo, por lo que \u00e9ste ser\u00e1 el \u00faltimo a\u00f1o de actividades del Patronato de la Feria como tal, pero ser\u00e1n respetadas todas las tradiciones y actividades que se realizan en el marco de esa celebraci\u00f3n que cumplir\u00e1 200 a\u00f1os de historia.<\/p>\n\n\n\n<p>Mencion\u00f3 que ser\u00e1 el 21 de diciembre cuando se lleve a cabo el tradicional Paseo del Pend\u00f3n, un domingo antes del 25 de diciembre como cada a\u00f1o se lleva a cabo, por lo que ya se inici\u00f3 con la organizaci\u00f3n y planeaci\u00f3n de esa actividad que re\u00fane a miles de expectadores.<\/p>\n\n\n\n<p>El alcalde de Chilpancingo tambi\u00e9n coment\u00f3 que otro aspecto en el cual se est\u00e1 trabajando en ese Consejo Consultivo es la conformaci\u00f3n del cartel de artistas que se presentar\u00e1n en el Lienzo Charro y el Teatro del Pueblo, \u00abestamos viendo qu\u00e9 artistas van a participar, y dentro de esos artistas, todo est\u00e1 cuidado para que no tengamos problemas, desde el punto de vista jur\u00eddico\u00bb.<\/p>\n\n\n\n<p>Explic\u00f3 que se tendr\u00e1 cuidado de que no se presenten en la feria Chilpancingue\u00f1a artistas que en sus canciones hagan apolog\u00eda del delito para evitar sanciones.<\/p>\n\n\n\n<p>Alarc\u00f3n Herrera dijo que a\u00fan no se ha decidido cu\u00e1l de los tres predios que tienen propuestos ser\u00e1 en el que se va a instalar la feria, pero coment\u00f3 que una opci\u00f3n est\u00e1 en la cercan\u00eda del Palacio de Gobierno.<\/p>\n\n\n\n<p>El primer edil coment\u00f3 que con la finalidad de que la edici\u00f3n 200 de la Feria de San Mateo, Navidad y A\u00f1o Nuevo el ayuntamiento en coordinaci\u00f3n con el Consejo Consultivo solicitar\u00e1n el apoyo econ\u00f3mico del gobierno del estado, y conf\u00edo que como cada a\u00f1o sucede, los chilpancingue\u00f1os cuenten con el respaldo econ\u00f3mico de su gobernadora, Evelyn Salgado Pineda, para que se realice en mejores condiciones el festejo m\u00e1s esperado por los capitalinos.<\/p>\n","protected":false},"excerpt":{"rendered":"<p>&#8212; Se va a solicitar el apoyo econ\u00f3mico al gobierno del estado, adelant\u00f3 el aldalde Gustavo Alarc\u00f3n Rosario Garc\u00eda Orozco Ser\u00e1 el 21 de diciembre cuando se lleve a cabo&hellip; <\/p>\n","protected":false},"author":14,"featured_media":96892,"comment_status":"open","ping_status":"open","sticky":false,"template":"","format":"standard","meta":{"fifu_image_url":"https:\/\/www.interaccionnoticias.com.mx\/wp-content\/uploads\/2025\/10\/251021-Gustavo-Alarcon-Herrera.jpg","fifu_image_alt":"","footnotes":""},"categories":[13],"tags":[],"class_list":["post-96889","post","type-post","status-publish","format-standard","has-post-thumbnail","hentry","category-capital"],"_links":{"self":[{"href":"https:\/\/www.interaccionnoticias.com.mx\/index.php?rest_route=\/wp\/v2\/posts\/96889","targetHints":{"allow":["GET"]}}],"collection":[{"href":"https:\/\/www.interaccionnoticias.com.mx\/index.php?rest_route=\/wp\/v2\/posts"}],"about":[{"href":"https:\/\/www.interaccionnoticias.com.mx\/index.php?rest_route=\/wp\/v2\/types\/post"}],"author":[{"embeddable":true,"href":"https:\/\/www.interaccionnoticias.com.mx\/index.php?rest_route=\/wp\/v2\/users\/14"}],"replies":[{"embeddable":true,"href":"https:\/\/www.interaccionnoticias.com.mx\/index.php?rest_route=%2Fwp%2Fv2%2Fcomments&post=96889"}],"version-history":[{"count":1,"href":"https:\/\/www.interaccionnoticias.com.mx\/index.php?rest_route=\/wp\/v2\/posts\/96889\/revisions"}],"predecessor-version":[{"id":96891,"href":"https:\/\/www.interaccionnoticias.com.mx\/index.php?rest_route=\/wp\/v2\/posts\/96889\/revisions\/96891"}],"wp:featuredmedia":[{"embeddable":true,"href":"https:\/\/www.interaccionnoticias.com.mx\/index.php?rest_route=\/wp\/v2\/media\/96892"}],"wp:attachment":[{"href":"https:\/\/www.interaccionnoticias.com.mx\/index.php?rest_route=%2Fwp%2Fv2%2Fmedia&parent=96889"}],"wp:term":[{"taxonomy":"category","embeddable":true,"href":"https:\/\/www.interaccionnoticias.com.mx\/index.php?rest_route=%2Fwp%2Fv2%2Fcategories&post=96889"},{"taxonomy":"post_tag","embeddable":true,"href":"https:\/\/www.interaccionnoticias.com.mx\/index.php?rest_route=%2Fwp%2Fv2%2Ftags&post=96889"}],"curies":[{"name":"wp","href":"https:\/\/api.w.org\/{rel}","templated":true}]}}