{"id":96886,"date":"2025-10-21T17:53:00","date_gmt":"2025-10-21T23:53:00","guid":{"rendered":"https:\/\/www.interaccionnoticias.com.mx\/?p=96886"},"modified":"2025-10-21T20:45:09","modified_gmt":"2025-10-22T02:45:09","slug":"estamos-a-tiempo-de-parar-la-guerra-dicen-ejidatarios-de-guajes-de-ayala-a-la-familia-michoacana","status":"publish","type":"post","link":"https:\/\/www.interaccionnoticias.com.mx\/?p=96886","title":{"rendered":"\u201cEstamos a tiempo de parar la guerra\u201d, dicen ejidatarios de Guajes de Ayala a la Familia Michoacana"},"content":{"rendered":"\n<p><strong><em>&#8212; \u201cNosotros no hemos faltado al respeto\u201d, dice el vocero Javier Hern\u00e1ndez a los hermanos Hurtado Olascoaga<br>&#8212; Recuerda que en 2021 ya hubo un primer acuerdo de paz, plantea que se reafirme<\/em><\/strong><\/p>\n\n\n\n<p><strong>Rogelio Agust\u00edn<\/strong><\/p>\n\n\n\n<p>El vocero del ejido Guajes de Ayala, Javier Hern\u00e1ndez sostuvo que no existe ninguna raz\u00f3n para que haya un enfrentamiento entre los habitantes de dicha zona con los integrantes de La Familia Michoacana (FM), porque los ejidatarios no han afectado ning\u00fan punto de inter\u00e9s de los hermamos Hurtado Olascoaga.<\/p>\n\n\n\n<p>Javier Hern\u00e1ndez insisti\u00f3 en que la intenci\u00f3n de los integrantes de la FM es el control de la Sierra para la instalaci\u00f3n de laboratorios en los que pretenden procesar drogas sint\u00e9ticas, como metanfetaminas y fentanilo.<\/p>\n\n\n\n<p>Indic\u00f3: \u201cHasta ahora, nosotros como ejidatarios, como sierre\u00f1os no hemos faltado al respeto, al menos mi persona o alguien de quienes vivimos aqu\u00ed jam\u00e1s hemos ido a faltarle a un pueblo, o una ciudad de las que est\u00e1n controlando los hermanos Hurtado Olascoaga\u201d.<\/p>\n\n\n\n<p>Insisti\u00f3: \u201cNunca nos hemos parado en los ultimos a\u00f1os (en la zona de influencia de la FM), no hay, no existe un motivo real para la confrontacion\u201d.<\/p>\n\n\n\n<p>Insisti\u00f3 en que el unico motivo es lo que ya ha manejado con anteriordad, \u201cquieren desplazaros de nuestro tertitorio para instalar laboratorios, pero estamos dispuestos a defendernos hasta el \u00faltimo momento\u201d.<\/p>\n\n\n\n<p>Agreg\u00f3: \u201cEl se\u00f1or Pez lo sabe, lo menciono con respeto porque hasta ahora lo merece, estamos a tiempo de que esto no se haga m\u00e1s grande, que esto no se incremente m\u00e1s y que no salgan familias afectadas por un lado y por otro\u201d.<\/p>\n\n\n\n<p>De manera directa expuso: \u201cOjal\u00e1 se\u00f1or Pez pueda ver esta tramsmisi\u00f3n y verme; usted lo sabe, no hay un motivo real para un conflicto armado entre usted y yo\u201d.<\/p>\n\n\n\n<p>Cerr\u00f3 con un llamado a mantener la paz en la esa parte de la Sierra: \u201cUsted en lo suyo y nosotros en lo de nosotros, respete mis pueblos, mis territorios que a nadie le hace mal, a nadie le pedimos, a nadie le rebamos, no le hemos robado nada a usted y creo que a\u00fan se puede mantener la paz\u201d.<\/p>\n\n\n\n<p>Record\u00f3 que en 2021 hubo una confrontaci\u00f3n, la cual se disip\u00f3 despu\u00e9s de que el principal l\u00edder de la FM reconoci\u00f3 que las hostilidades hab\u00edan detonado por \u201cun descuido\u201d.<\/p>\n\n\n\n<p>En esta ocasi\u00f3n, dijo que se est\u00e1 a tiempo de parar una confrontaci\u00f3n que no le conviene a nadie.<\/p>\n","protected":false},"excerpt":{"rendered":"<p>&#8212; \u201cNosotros no hemos faltado al respeto\u201d, dice el vocero Javier Hern\u00e1ndez a los hermanos Hurtado Olascoaga&#8212; Recuerda que en 2021 ya hubo un primer acuerdo de paz, plantea que&hellip; <\/p>\n","protected":false},"author":21,"featured_media":96888,"comment_status":"open","ping_status":"open","sticky":false,"template":"","format":"standard","meta":{"fifu_image_url":"https:\/\/www.interaccionnoticias.com.mx\/wp-content\/uploads\/2025\/10\/251015-la-Sierra-1.jpg","fifu_image_alt":"","footnotes":""},"categories":[11],"tags":[],"class_list":["post-96886","post","type-post","status-publish","format-standard","has-post-thumbnail","hentry","category-guerrero"],"_links":{"self":[{"href":"https:\/\/www.interaccionnoticias.com.mx\/index.php?rest_route=\/wp\/v2\/posts\/96886","targetHints":{"allow":["GET"]}}],"collection":[{"href":"https:\/\/www.interaccionnoticias.com.mx\/index.php?rest_route=\/wp\/v2\/posts"}],"about":[{"href":"https:\/\/www.interaccionnoticias.com.mx\/index.php?rest_route=\/wp\/v2\/types\/post"}],"author":[{"embeddable":true,"href":"https:\/\/www.interaccionnoticias.com.mx\/index.php?rest_route=\/wp\/v2\/users\/21"}],"replies":[{"embeddable":true,"href":"https:\/\/www.interaccionnoticias.com.mx\/index.php?rest_route=%2Fwp%2Fv2%2Fcomments&post=96886"}],"version-history":[{"count":1,"href":"https:\/\/www.interaccionnoticias.com.mx\/index.php?rest_route=\/wp\/v2\/posts\/96886\/revisions"}],"predecessor-version":[{"id":96887,"href":"https:\/\/www.interaccionnoticias.com.mx\/index.php?rest_route=\/wp\/v2\/posts\/96886\/revisions\/96887"}],"wp:featuredmedia":[{"embeddable":true,"href":"https:\/\/www.interaccionnoticias.com.mx\/index.php?rest_route=\/wp\/v2\/media\/96888"}],"wp:attachment":[{"href":"https:\/\/www.interaccionnoticias.com.mx\/index.php?rest_route=%2Fwp%2Fv2%2Fmedia&parent=96886"}],"wp:term":[{"taxonomy":"category","embeddable":true,"href":"https:\/\/www.interaccionnoticias.com.mx\/index.php?rest_route=%2Fwp%2Fv2%2Fcategories&post=96886"},{"taxonomy":"post_tag","embeddable":true,"href":"https:\/\/www.interaccionnoticias.com.mx\/index.php?rest_route=%2Fwp%2Fv2%2Ftags&post=96886"}],"curies":[{"name":"wp","href":"https:\/\/api.w.org\/{rel}","templated":true}]}}