{"id":96882,"date":"2025-10-21T16:52:00","date_gmt":"2025-10-21T22:52:00","guid":{"rendered":"https:\/\/www.interaccionnoticias.com.mx\/?p=96882"},"modified":"2025-10-21T20:37:34","modified_gmt":"2025-10-22T02:37:34","slug":"el-congreso-de-guerrero-respetara-la-autonomia-universitaria-anticipa-lider-de-la-jucopo","status":"publish","type":"post","link":"https:\/\/www.interaccionnoticias.com.mx\/?p=96882","title":{"rendered":"El Congreso de Guerrero respetar\u00e1 la autonom\u00eda universitaria, anticipa l\u00edder de la JUCOPO"},"content":{"rendered":"\n<p><em><strong>&#8212; El coordinador del Grupo Parlamentario de MORENA, Jes\u00fas Uri\u00f3stegui Garc\u00eda sosutvo que hay un an\u00e1lisis detallado, pero aclara que se act\u00faa con mucho cuidado de no vulnerar a la instituci\u00f3n<\/strong><\/em><\/p>\n\n\n\n<p><strong>Rosario Garc\u00eda Orozco<\/strong><\/p>\n\n\n\n<p>El presidente de la Junta de Coordinaci\u00f3n Pol\u00edtica (Jucopo) del Congreso local, Jes\u00fas Uri\u00f3stegui Garc\u00eda anticip\u00f3 que la discuci\u00f3n sobre la reforma a la Ley Org\u00e1nica de la Universidad Aut\u00f3noma de Guerrero (UAGro) no representar\u00e1 el riesgo de que se vulnere la autonom\u00eda de la instituci\u00f3n.<\/p>\n\n\n\n<p>Uriostegui Garc\u00eda explic\u00f3 que dicha iniciativa se encuentra actualmente en el an\u00e1lisis de los diputados locales, que est\u00e1n conscientes de la importancia que tiene el no romper con la capacidad de autogobierno que tiene dicha xasa de estudios.<\/p>\n\n\n\n<p>A grandes razgos, la reforma env\u00edada por el Consejo Universitario (CU) plantea la ampliaci\u00f3n del periodo del rector y de los directores de unidades acad\u00e9micas, de 4 a 6 a\u00f1os,en tanto que tambi\u00e9n se ampl\u00eda la vigencia de los consejeros t\u00e9cnicos y universitarios.<\/p>\n\n\n\n<p>Anticip\u00f3 que dicho documentoser\u00e1 presentado este mi\u00e9rcoles ante el pleno del Congreso, pero antes, habr\u00e1 un encuentro con grupos de universitarios que han manifestado su inconformidad, para efecto de conocer sus argumentos jur\u00eddicos.<\/p>\n\n\n\n<p>El tambi\u00e9n coordinador del Grupo Parlamentario de MORENA, coment\u00f3 que se trata de un tema de democracia, pero que tambi\u00e9n es importante reiterar el respeto a la autonom\u00eda universitaria.<\/p>\n\n\n\n<p>\u201cCon mucho gusto escucharemos a todas y todos las expresiones universitarias, pero no vamos a romper el principio de respeto a la autonom\u00eda\u00bb, indic\u00f3.<\/p>\n\n\n\n<p>La jornada del mi\u00e9rcoles, el presidente de la JUCOPO prev\u00e9 recibir a tres universitarios, entre ellos Taurino Castrej\u00f3n Salgado, quien la semana pasada protest\u00f3 para pedir a los diputados que no apoyen \u00f1a propuesta de reforma, pues de aprobarse tal y como llego, permitir\u00e1 al actual rector, Javier Salda\u00f1a Almaz\u00e1n permanezca en ese encargo hasta 18 a\u00f1os.<\/p>\n\n\n\n<p>Urui\u00f3stegui coment\u00f3 que hasta este momento hay tres grupos de universitarios que han solicitado una reuni\u00f3n con los legisladores, a ninguno se le ha negado el derecho de audiencia, por lo que insisti\u00f3, en que todos los puntos de vista ser\u00e1n tomados en cuenta.<\/p>\n","protected":false},"excerpt":{"rendered":"<p>&#8212; El coordinador del Grupo Parlamentario de MORENA, Jes\u00fas Uri\u00f3stegui Garc\u00eda sosutvo que hay un an\u00e1lisis detallado, pero aclara que se act\u00faa con mucho cuidado de no vulnerar a la&hellip; <\/p>\n","protected":false},"author":14,"featured_media":96885,"comment_status":"open","ping_status":"open","sticky":false,"template":"","format":"standard","meta":{"fifu_image_url":"https:\/\/www.interaccionnoticias.com.mx\/wp-content\/uploads\/2025\/10\/251021-Jesus-Uriostegui-Garcia.jpg","fifu_image_alt":"","footnotes":""},"categories":[2],"tags":[],"class_list":["post-96882","post","type-post","status-publish","format-standard","has-post-thumbnail","hentry","category-congreso"],"_links":{"self":[{"href":"https:\/\/www.interaccionnoticias.com.mx\/index.php?rest_route=\/wp\/v2\/posts\/96882","targetHints":{"allow":["GET"]}}],"collection":[{"href":"https:\/\/www.interaccionnoticias.com.mx\/index.php?rest_route=\/wp\/v2\/posts"}],"about":[{"href":"https:\/\/www.interaccionnoticias.com.mx\/index.php?rest_route=\/wp\/v2\/types\/post"}],"author":[{"embeddable":true,"href":"https:\/\/www.interaccionnoticias.com.mx\/index.php?rest_route=\/wp\/v2\/users\/14"}],"replies":[{"embeddable":true,"href":"https:\/\/www.interaccionnoticias.com.mx\/index.php?rest_route=%2Fwp%2Fv2%2Fcomments&post=96882"}],"version-history":[{"count":1,"href":"https:\/\/www.interaccionnoticias.com.mx\/index.php?rest_route=\/wp\/v2\/posts\/96882\/revisions"}],"predecessor-version":[{"id":96884,"href":"https:\/\/www.interaccionnoticias.com.mx\/index.php?rest_route=\/wp\/v2\/posts\/96882\/revisions\/96884"}],"wp:featuredmedia":[{"embeddable":true,"href":"https:\/\/www.interaccionnoticias.com.mx\/index.php?rest_route=\/wp\/v2\/media\/96885"}],"wp:attachment":[{"href":"https:\/\/www.interaccionnoticias.com.mx\/index.php?rest_route=%2Fwp%2Fv2%2Fmedia&parent=96882"}],"wp:term":[{"taxonomy":"category","embeddable":true,"href":"https:\/\/www.interaccionnoticias.com.mx\/index.php?rest_route=%2Fwp%2Fv2%2Fcategories&post=96882"},{"taxonomy":"post_tag","embeddable":true,"href":"https:\/\/www.interaccionnoticias.com.mx\/index.php?rest_route=%2Fwp%2Fv2%2Ftags&post=96882"}],"curies":[{"name":"wp","href":"https:\/\/api.w.org\/{rel}","templated":true}]}}