{"id":96878,"date":"2025-10-21T14:17:40","date_gmt":"2025-10-21T20:17:40","guid":{"rendered":"https:\/\/www.interaccionnoticias.com.mx\/?p=96878"},"modified":"2025-10-21T14:17:41","modified_gmt":"2025-10-21T20:17:41","slug":"evodio-velazquez-asegura-que-el-prd-se-fortalece-a-180-dias-de-su-reestructuracion-en-guerrero","status":"publish","type":"post","link":"https:\/\/www.interaccionnoticias.com.mx\/?p=96878","title":{"rendered":"Evodio Vel\u00e1zquez asegura que el PRD se fortalece a 180 d\u00edas de su reestructuraci\u00f3n en Guerrero"},"content":{"rendered":"\n<p><em><strong>El dirigente estatal destaca recorridos por las ocho regiones y anuncia la conformaci\u00f3n de 12 mil \u201cBrigadistas del Sol\u201d<\/strong><\/em><\/p>\n\n\n\n<p><strong>Jes\u00fas Dorantes \/ Chilpancingo<\/strong><\/p>\n\n\n\n<p>El dirigente estatal del Partido de la Revoluci\u00f3n Democr\u00e1tica (PRD) en Guerrero, Evodio Vel\u00e1zquez Aguirre, afirm\u00f3 que el partido sigue en ascenso, al cumplir 180 d\u00edas desde su reestructuraci\u00f3n, durante una rueda de prensa realizada este martes en el Z\u00f3calo de Chilpancingo.<\/p>\n\n\n\n<p>Acompa\u00f1ado por integrantes de la dirigencia estatal y liderazgos municipales, entre ellos Luis Cort\u00e9s, Fernando Calixto y la exalcaldesa de Zihuatanejo, Perla Edith Mart\u00ednez, Vel\u00e1zquez asegur\u00f3 que el PRD ha retomado su v\u00ednculo con la ciudadan\u00eda al \u201cvolver a las plazas p\u00fablicas, a las canchas techadas y a los z\u00f3calos\u201d para escuchar directamente al pueblo.<\/p>\n\n\n\n<p>\u201cEl nuevo comienzo del PRD est\u00e1 dando resultados tangibles. Hemos recorrido las ocho regiones del estado y realizado 52 asambleas en estos 180 d\u00edas\u201d, dijo el exalcalde de Acapulco, quien destac\u00f3 la toma de protesta de 12 mil Brigadistas del Sol, encargados de difundir el mensaje del partido en todo el territorio guerrerense.<\/p>\n\n\n\n<p>Vel\u00e1zquez enfatiz\u00f3 que el PRD busca regresar a sus or\u00edgenes como una fuerza de izquierda democr\u00e1tica, tras marcar distancia con las \u201calianzas antinaturales con la derecha\u201d que, afirm\u00f3, \u201chicieron un enorme da\u00f1o\u201d al instituto pol\u00edtico.<\/p>\n\n\n\n<p>\u201cEl PRD se deslinda de esas alianzas que nos alejaron del pueblo y de los dirigentes del viejo cu\u00f1o que tomaban decisiones desde los escritorios, sin escuchar a la militancia\u201d, sostuvo.<\/p>\n\n\n\n<p>El l\u00edder perredista tambi\u00e9n se\u00f1al\u00f3 que, junto con otras entidades del pa\u00eds, Guerrero participa en la construcci\u00f3n de un nuevo bloque pol\u00edtico nacional, con el objetivo de reposicionar al PRD en la agenda p\u00fablica.<\/p>\n\n\n\n<p>\u201cEstamos vivos, en movimiento y con una narrativa clara: recuperar la confianza del pueblo y reconstruir la izquierda democr\u00e1tica desde abajo\u201d, concluy\u00f3 Vel\u00e1zquez.<\/p>\n","protected":false},"excerpt":{"rendered":"<p>El dirigente estatal destaca recorridos por las ocho regiones y anuncia la conformaci\u00f3n de 12 mil \u201cBrigadistas del Sol\u201d Jes\u00fas Dorantes \/ Chilpancingo El dirigente estatal del Partido de la&hellip; <\/p>\n","protected":false},"author":8,"featured_media":96881,"comment_status":"open","ping_status":"open","sticky":false,"template":"","format":"standard","meta":{"fifu_image_url":"https:\/\/www.interaccionnoticias.com.mx\/wp-content\/uploads\/2025\/10\/251021-Evodio-Velazquez-Aguirre.jpg","fifu_image_alt":"","footnotes":""},"categories":[18],"tags":[],"class_list":["post-96878","post","type-post","status-publish","format-standard","has-post-thumbnail","hentry","category-partidos-politicos"],"_links":{"self":[{"href":"https:\/\/www.interaccionnoticias.com.mx\/index.php?rest_route=\/wp\/v2\/posts\/96878","targetHints":{"allow":["GET"]}}],"collection":[{"href":"https:\/\/www.interaccionnoticias.com.mx\/index.php?rest_route=\/wp\/v2\/posts"}],"about":[{"href":"https:\/\/www.interaccionnoticias.com.mx\/index.php?rest_route=\/wp\/v2\/types\/post"}],"author":[{"embeddable":true,"href":"https:\/\/www.interaccionnoticias.com.mx\/index.php?rest_route=\/wp\/v2\/users\/8"}],"replies":[{"embeddable":true,"href":"https:\/\/www.interaccionnoticias.com.mx\/index.php?rest_route=%2Fwp%2Fv2%2Fcomments&post=96878"}],"version-history":[{"count":1,"href":"https:\/\/www.interaccionnoticias.com.mx\/index.php?rest_route=\/wp\/v2\/posts\/96878\/revisions"}],"predecessor-version":[{"id":96880,"href":"https:\/\/www.interaccionnoticias.com.mx\/index.php?rest_route=\/wp\/v2\/posts\/96878\/revisions\/96880"}],"wp:featuredmedia":[{"embeddable":true,"href":"https:\/\/www.interaccionnoticias.com.mx\/index.php?rest_route=\/wp\/v2\/media\/96881"}],"wp:attachment":[{"href":"https:\/\/www.interaccionnoticias.com.mx\/index.php?rest_route=%2Fwp%2Fv2%2Fmedia&parent=96878"}],"wp:term":[{"taxonomy":"category","embeddable":true,"href":"https:\/\/www.interaccionnoticias.com.mx\/index.php?rest_route=%2Fwp%2Fv2%2Fcategories&post=96878"},{"taxonomy":"post_tag","embeddable":true,"href":"https:\/\/www.interaccionnoticias.com.mx\/index.php?rest_route=%2Fwp%2Fv2%2Ftags&post=96878"}],"curies":[{"name":"wp","href":"https:\/\/api.w.org\/{rel}","templated":true}]}}