{"id":96862,"date":"2025-10-20T14:58:17","date_gmt":"2025-10-20T20:58:17","guid":{"rendered":"https:\/\/www.interaccionnoticias.com.mx\/?p=96862"},"modified":"2025-10-20T14:58:18","modified_gmt":"2025-10-20T20:58:18","slug":"universitarios-exigen-ser-escuchados-en-congreso-sobre-reforma-a-la-ley-organica-de-la-uagro","status":"publish","type":"post","link":"https:\/\/www.interaccionnoticias.com.mx\/?p=96862","title":{"rendered":"Universitarios exigen ser escuchados en Congreso sobre reforma a la Ley Org\u00e1nica de la UAGro"},"content":{"rendered":"\n<p><strong><em>&#8212; Consideran inviable ampliar el periodo del rector y de los directores de escuelas<\/em><\/strong><\/p>\n\n\n\n<p><strong>Por Jes\u00fas Dorantes \/ Chilpancingo, Gro., 20 de octubre de 2025<\/strong><\/p>\n\n\n\n<p>Acad\u00e9micos y personal universitario de la Universidad Aut\u00f3noma de Guerrero (UAGro) se presentaron este lunes en el Congreso del Estado de Guerrero para exigir ser escuchados sobre la propuesta de reforma a la Ley Org\u00e1nica n\u00famero 178, que busca modificar los art\u00edculos 28 y 29, as\u00ed como establecer un transitorio que ampliar\u00eda los periodos del rector y de los consejeros universitarios de cuatro a seis a\u00f1os, prolongando los cargos vigentes hasta 2029.<\/p>\n\n\n\n<p>Durante una rueda de prensa, los universitarios denunciaron que la reforma se ha impulsado sin consulta a la comunidad, y que el rector ha buscado cabildear con diputados sin atender las inquietudes de acad\u00e9micos, administrativos e investigadores. \u201cHacemos un respetuoso llamado a los legisladores para que no se dejen desinformar y escuchen tambi\u00e9n a quienes nos inconformamos con esta propuesta\u201d, se\u00f1al\u00f3 el comisario del colectivo universitario, acompa\u00f1ado del asesor jur\u00eddico Rub\u00e9n Cayetano.<\/p>\n\n\n\n<p>Cayetano explic\u00f3 que existe un litigio legal interno, en el que el rector impugn\u00f3 el emplazamiento de la demanda presentada contra el Consejo Universitario, alegando que la notificaci\u00f3n no fue v\u00e1lida. Sin embargo, los inconformes sostienen que el tribunal universitario ha actuado correctamente y que el procedimiento sigue su curso, por lo que el Congreso no est\u00e1 facultado para aprobar la reforma mientras el caso no se resuelva.<\/p>\n\n\n\n<p>Los universitarios entregaron documentos y constancias que acreditan su leg\u00edtimo derecho a ser escuchados, por lo que pidieron apertura al di\u00e1logo con la 64 Legislatura para evitar que la reforma sea impuesta \u201ccomo tantas decisiones que se toman desde la c\u00fapula universitaria\u201d.<\/p>\n\n\n\n<p>El abogado destac\u00f3 que la Ley vigente establece que para decisiones relevantes debe existir consulta a la comunidad universitaria, algo que no ocurri\u00f3 en esta ocasi\u00f3n. Adem\u00e1s, se\u00f1al\u00f3 que el transitorio de la reforma busca prolongar los cargos actuales, evitando la convocatoria a elecciones programadas para 2027.<\/p>\n","protected":false},"excerpt":{"rendered":"<p>&#8212; Consideran inviable ampliar el periodo del rector y de los directores de escuelas Por Jes\u00fas Dorantes \/ Chilpancingo, Gro., 20 de octubre de 2025 Acad\u00e9micos y personal universitario de&hellip; <\/p>\n","protected":false},"author":8,"featured_media":96865,"comment_status":"open","ping_status":"open","sticky":false,"template":"","format":"standard","meta":{"fifu_image_url":"https:\/\/www.interaccionnoticias.com.mx\/wp-content\/uploads\/2025\/10\/251020-Universitarios.jpg","fifu_image_alt":"","footnotes":""},"categories":[2],"tags":[],"class_list":["post-96862","post","type-post","status-publish","format-standard","has-post-thumbnail","hentry","category-congreso"],"_links":{"self":[{"href":"https:\/\/www.interaccionnoticias.com.mx\/index.php?rest_route=\/wp\/v2\/posts\/96862","targetHints":{"allow":["GET"]}}],"collection":[{"href":"https:\/\/www.interaccionnoticias.com.mx\/index.php?rest_route=\/wp\/v2\/posts"}],"about":[{"href":"https:\/\/www.interaccionnoticias.com.mx\/index.php?rest_route=\/wp\/v2\/types\/post"}],"author":[{"embeddable":true,"href":"https:\/\/www.interaccionnoticias.com.mx\/index.php?rest_route=\/wp\/v2\/users\/8"}],"replies":[{"embeddable":true,"href":"https:\/\/www.interaccionnoticias.com.mx\/index.php?rest_route=%2Fwp%2Fv2%2Fcomments&post=96862"}],"version-history":[{"count":1,"href":"https:\/\/www.interaccionnoticias.com.mx\/index.php?rest_route=\/wp\/v2\/posts\/96862\/revisions"}],"predecessor-version":[{"id":96864,"href":"https:\/\/www.interaccionnoticias.com.mx\/index.php?rest_route=\/wp\/v2\/posts\/96862\/revisions\/96864"}],"wp:featuredmedia":[{"embeddable":true,"href":"https:\/\/www.interaccionnoticias.com.mx\/index.php?rest_route=\/wp\/v2\/media\/96865"}],"wp:attachment":[{"href":"https:\/\/www.interaccionnoticias.com.mx\/index.php?rest_route=%2Fwp%2Fv2%2Fmedia&parent=96862"}],"wp:term":[{"taxonomy":"category","embeddable":true,"href":"https:\/\/www.interaccionnoticias.com.mx\/index.php?rest_route=%2Fwp%2Fv2%2Fcategories&post=96862"},{"taxonomy":"post_tag","embeddable":true,"href":"https:\/\/www.interaccionnoticias.com.mx\/index.php?rest_route=%2Fwp%2Fv2%2Ftags&post=96862"}],"curies":[{"name":"wp","href":"https:\/\/api.w.org\/{rel}","templated":true}]}}