{"id":96849,"date":"2025-10-20T13:45:12","date_gmt":"2025-10-20T19:45:12","guid":{"rendered":"https:\/\/www.interaccionnoticias.com.mx\/?p=96849"},"modified":"2025-10-20T13:45:14","modified_gmt":"2025-10-20T19:45:14","slug":"normalistas-de-la-biceneima-acusan-prepotencia-y-falta-de-empatia-de-su-directora","status":"publish","type":"post","link":"https:\/\/www.interaccionnoticias.com.mx\/?p=96849","title":{"rendered":"Normalistas de la BICENEIMA acusan prepotencia y falta de empat\u00eda de su directora"},"content":{"rendered":"\n<p><strong>Jes\u00fas Dorantes \/ Chilpancingo<\/strong><\/p>\n\n\n\n<p>Estudiantes de la Benem\u00e9rita Escuela Normal \u201cIgnacio Manuel Altamirano\u201d protestaron este lunes en las instalaciones del plantel para exigir un cambio en la direcci\u00f3n, acusando a su actual titular Marilyn Anaya de actuar con prepotencia y falta de sensibilidad hacia el alumnado.<\/p>\n\n\n\n<p>Desde temprana hora los normalistas colocaron al menos 28 carteles en pasillos y accesos de la instituci\u00f3n, en los que expresaron su inconformidad con frases como \u201cqueremos empat\u00eda, no autoritarismo\u201d y \u201cla direcci\u00f3n no escucha\u201d.<\/p>\n\n\n\n<p>Mientras que otros de los mensajes denunciaban abuso de autoridad y convocaban a otros grupos estudiantiles a sumarse al reclamo.<\/p>\n\n\n\n<p>La manifestaci\u00f3n ocurre el mismo d\u00eda en que fueron suspendidas las clases presenciales, la administraci\u00f3n escolar determin\u00f3 que las actividades se realizaran de forma virtual, argumentando medidas preventivas por un hecho de violencia registrado la tarde del domingo en la calle Bugambilias, cercana al plantel, donde autoridades localizaron a un hombre sin vida.<\/p>\n","protected":false},"excerpt":{"rendered":"<p>Jes\u00fas Dorantes \/ Chilpancingo Estudiantes de la Benem\u00e9rita Escuela Normal \u201cIgnacio Manuel Altamirano\u201d protestaron este lunes en las instalaciones del plantel para exigir un cambio en la direcci\u00f3n, acusando a&hellip; <\/p>\n","protected":false},"author":8,"featured_media":96852,"comment_status":"open","ping_status":"open","sticky":false,"template":"","format":"standard","meta":{"fifu_image_url":"https:\/\/www.interaccionnoticias.com.mx\/wp-content\/uploads\/2025\/10\/251020-BICENEIMA.jpg","fifu_image_alt":"","footnotes":""},"categories":[6],"tags":[],"class_list":["post-96849","post","type-post","status-publish","format-standard","has-post-thumbnail","hentry","category-educacion"],"_links":{"self":[{"href":"https:\/\/www.interaccionnoticias.com.mx\/index.php?rest_route=\/wp\/v2\/posts\/96849","targetHints":{"allow":["GET"]}}],"collection":[{"href":"https:\/\/www.interaccionnoticias.com.mx\/index.php?rest_route=\/wp\/v2\/posts"}],"about":[{"href":"https:\/\/www.interaccionnoticias.com.mx\/index.php?rest_route=\/wp\/v2\/types\/post"}],"author":[{"embeddable":true,"href":"https:\/\/www.interaccionnoticias.com.mx\/index.php?rest_route=\/wp\/v2\/users\/8"}],"replies":[{"embeddable":true,"href":"https:\/\/www.interaccionnoticias.com.mx\/index.php?rest_route=%2Fwp%2Fv2%2Fcomments&post=96849"}],"version-history":[{"count":1,"href":"https:\/\/www.interaccionnoticias.com.mx\/index.php?rest_route=\/wp\/v2\/posts\/96849\/revisions"}],"predecessor-version":[{"id":96851,"href":"https:\/\/www.interaccionnoticias.com.mx\/index.php?rest_route=\/wp\/v2\/posts\/96849\/revisions\/96851"}],"wp:featuredmedia":[{"embeddable":true,"href":"https:\/\/www.interaccionnoticias.com.mx\/index.php?rest_route=\/wp\/v2\/media\/96852"}],"wp:attachment":[{"href":"https:\/\/www.interaccionnoticias.com.mx\/index.php?rest_route=%2Fwp%2Fv2%2Fmedia&parent=96849"}],"wp:term":[{"taxonomy":"category","embeddable":true,"href":"https:\/\/www.interaccionnoticias.com.mx\/index.php?rest_route=%2Fwp%2Fv2%2Fcategories&post=96849"},{"taxonomy":"post_tag","embeddable":true,"href":"https:\/\/www.interaccionnoticias.com.mx\/index.php?rest_route=%2Fwp%2Fv2%2Ftags&post=96849"}],"curies":[{"name":"wp","href":"https:\/\/api.w.org\/{rel}","templated":true}]}}