{"id":96844,"date":"2025-10-20T13:27:29","date_gmt":"2025-10-20T19:27:29","guid":{"rendered":"https:\/\/www.interaccionnoticias.com.mx\/?p=96844"},"modified":"2025-10-20T13:27:30","modified_gmt":"2025-10-20T19:27:30","slug":"a-traves-de-alerta-amber-denuncian-la-desaparicion-de-araceli-flores-gutierrez-en-chilpancingo","status":"publish","type":"post","link":"https:\/\/www.interaccionnoticias.com.mx\/?p=96844","title":{"rendered":"A trav\u00e9s de Alerta Amber denuncian la desaparici\u00f3n de Araceli Flores Guti\u00e9rrez en Chilpancingo"},"content":{"rendered":"\n<p><strong><em>&#8212; La adolescente tiene 15 a\u00f1os de edad<\/em><\/strong><\/p>\n\n\n\n<p><strong>Rosario Garc\u00eda Orozco<\/strong><\/p>\n\n\n\n<p>La Fiscal\u00eda General del Estado de Guerrero activ\u00f3 la Alerta Amber para la b\u00fasqueda y localizaci\u00f3n de la adolescente Araceli Flores Guti\u00e9rrez, de 15 a\u00f1os edad, quien fue vista por \u00faltima vez el pasado 17 de octubre en Chilpancingo.<\/p>\n\n\n\n<p>Sus familiares recurrieron al sistema de Alerta Amber como estrategia para tratar de localizar a la menor, dado que hasta el momento no tienen noticias de ella, ni conocer su paradero, por lo que consideran que podr\u00eda ser v\u00edctima de alg\u00fan delito.<\/p>\n\n\n\n<p>La ficha de b\u00fasqueda refiere que Araceli Flores es de tez clara, complexi\u00f3n robusta, y tiene el cabello negro, largo y lacio. Sus ojos son caf\u00e9s claros y medianos, y su nariz grande de base ancha y labios delgados.<\/p>\n\n\n\n<p>Como se\u00f1as particulares, la menor tiene una cicatriz menor en la pierna derecha en forma circular, un lunar en el hombro izquierdo, y hoyuelos en ambas mejillas.<\/p>\n\n\n\n<p>De acuerdo al sistema Alerta Amber la denuncia por su desaparici\u00f3n fue presentada el 19 de octubre, luego de que familiares perdieran contacto con ella desde dos d\u00edas antes.<\/p>\n\n\n\n<p>Por esa raz\u00f3n, la Fiscal\u00eda General del Estado public\u00f3 en sus redes sociales la ficha de b\u00fasqueda y solicit\u00f3 el apoyo de la sociedad para compartir la informaci\u00f3n con el objetivo de localizarla sana y salva.<\/p>\n\n\n\n<p>Tambi\u00e9n pidieron a quien tenga informaci\u00f3n que pueda ayudar en su localizaci\u00f3n a comunicarse a los n\u00fameros 800 832 7692 o 089 de denuncia an\u00f3nima.<\/p>\n\n\n\n<figure class=\"wp-block-image size-full\"><img decoding=\"async\" src=\"data:image\/gif;base64,R0lGODlhAQABAIAAAAAAAP\/\/\/ywAAAAAAQABAAACAUwAOw==\" fifu-lazy=\"1\" fifu-data-sizes=\"auto\" fifu-data-srcset=\"https:\/\/i0.wp.com\/www.interaccionnoticias.com.mx\/wp-content\/uploads\/2025\/10\/251020-Araceli-Flores-Gutierrez.jpg?ssl=1&w=75&resize=75&ssl=1 75w, https:\/\/i0.wp.com\/www.interaccionnoticias.com.mx\/wp-content\/uploads\/2025\/10\/251020-Araceli-Flores-Gutierrez.jpg?ssl=1&w=100&resize=100&ssl=1 100w, https:\/\/i0.wp.com\/www.interaccionnoticias.com.mx\/wp-content\/uploads\/2025\/10\/251020-Araceli-Flores-Gutierrez.jpg?ssl=1&w=150&resize=150&ssl=1 150w, https:\/\/i0.wp.com\/www.interaccionnoticias.com.mx\/wp-content\/uploads\/2025\/10\/251020-Araceli-Flores-Gutierrez.jpg?ssl=1&w=240&resize=240&ssl=1 240w, https:\/\/i0.wp.com\/www.interaccionnoticias.com.mx\/wp-content\/uploads\/2025\/10\/251020-Araceli-Flores-Gutierrez.jpg?ssl=1&w=320&resize=320&ssl=1 320w, https:\/\/i0.wp.com\/www.interaccionnoticias.com.mx\/wp-content\/uploads\/2025\/10\/251020-Araceli-Flores-Gutierrez.jpg?ssl=1&w=500&resize=500&ssl=1 500w, https:\/\/i0.wp.com\/www.interaccionnoticias.com.mx\/wp-content\/uploads\/2025\/10\/251020-Araceli-Flores-Gutierrez.jpg?ssl=1&w=640&resize=640&ssl=1 640w, https:\/\/i0.wp.com\/www.interaccionnoticias.com.mx\/wp-content\/uploads\/2025\/10\/251020-Araceli-Flores-Gutierrez.jpg?ssl=1&w=800&resize=800&ssl=1 800w, https:\/\/i0.wp.com\/www.interaccionnoticias.com.mx\/wp-content\/uploads\/2025\/10\/251020-Araceli-Flores-Gutierrez.jpg?ssl=1&w=1024&resize=1024&ssl=1 1024w, https:\/\/i0.wp.com\/www.interaccionnoticias.com.mx\/wp-content\/uploads\/2025\/10\/251020-Araceli-Flores-Gutierrez.jpg?ssl=1&w=1280&resize=1280&ssl=1 1280w, https:\/\/i0.wp.com\/www.interaccionnoticias.com.mx\/wp-content\/uploads\/2025\/10\/251020-Araceli-Flores-Gutierrez.jpg?ssl=1&w=1600&resize=1600&ssl=1 1600w\" fifu-data-src=\"https:\/\/i0.wp.com\/www.interaccionnoticias.com.mx\/wp-content\/uploads\/2025\/10\/251020-Araceli-Flores-Gutierrez.jpg?ssl=1\" alt=\"\" class=\"wp-image-96846\"\/><\/figure>\n","protected":false},"excerpt":{"rendered":"<p>&#8212; La adolescente tiene 15 a\u00f1os de edad Rosario Garc\u00eda Orozco La Fiscal\u00eda General del Estado de Guerrero activ\u00f3 la Alerta Amber para la b\u00fasqueda y localizaci\u00f3n de la adolescente&hellip; <\/p>\n","protected":false},"author":14,"featured_media":96848,"comment_status":"open","ping_status":"open","sticky":false,"template":"","format":"standard","meta":{"fifu_image_url":"https:\/\/www.interaccionnoticias.com.mx\/wp-content\/uploads\/2025\/10\/251020-Araceli-Flores.jpg","fifu_image_alt":"","footnotes":""},"categories":[247],"tags":[],"class_list":["post-96844","post","type-post","status-publish","format-standard","has-post-thumbnail","hentry","category-lo-has-visto"],"_links":{"self":[{"href":"https:\/\/www.interaccionnoticias.com.mx\/index.php?rest_route=\/wp\/v2\/posts\/96844","targetHints":{"allow":["GET"]}}],"collection":[{"href":"https:\/\/www.interaccionnoticias.com.mx\/index.php?rest_route=\/wp\/v2\/posts"}],"about":[{"href":"https:\/\/www.interaccionnoticias.com.mx\/index.php?rest_route=\/wp\/v2\/types\/post"}],"author":[{"embeddable":true,"href":"https:\/\/www.interaccionnoticias.com.mx\/index.php?rest_route=\/wp\/v2\/users\/14"}],"replies":[{"embeddable":true,"href":"https:\/\/www.interaccionnoticias.com.mx\/index.php?rest_route=%2Fwp%2Fv2%2Fcomments&post=96844"}],"version-history":[{"count":1,"href":"https:\/\/www.interaccionnoticias.com.mx\/index.php?rest_route=\/wp\/v2\/posts\/96844\/revisions"}],"predecessor-version":[{"id":96847,"href":"https:\/\/www.interaccionnoticias.com.mx\/index.php?rest_route=\/wp\/v2\/posts\/96844\/revisions\/96847"}],"wp:featuredmedia":[{"embeddable":true,"href":"https:\/\/www.interaccionnoticias.com.mx\/index.php?rest_route=\/wp\/v2\/media\/96848"}],"wp:attachment":[{"href":"https:\/\/www.interaccionnoticias.com.mx\/index.php?rest_route=%2Fwp%2Fv2%2Fmedia&parent=96844"}],"wp:term":[{"taxonomy":"category","embeddable":true,"href":"https:\/\/www.interaccionnoticias.com.mx\/index.php?rest_route=%2Fwp%2Fv2%2Fcategories&post=96844"},{"taxonomy":"post_tag","embeddable":true,"href":"https:\/\/www.interaccionnoticias.com.mx\/index.php?rest_route=%2Fwp%2Fv2%2Ftags&post=96844"}],"curies":[{"name":"wp","href":"https:\/\/api.w.org\/{rel}","templated":true}]}}