{"id":96840,"date":"2025-10-20T13:11:07","date_gmt":"2025-10-20T19:11:07","guid":{"rendered":"https:\/\/www.interaccionnoticias.com.mx\/?p=96840"},"modified":"2025-10-20T13:11:07","modified_gmt":"2025-10-20T19:11:07","slug":"fm-quiere-las-tierras-de-guajes-de-ayala-para-instalar-laboratorios-de-fentanilo-advierten-ejidatarios","status":"publish","type":"post","link":"https:\/\/www.interaccionnoticias.com.mx\/?p=96840","title":{"rendered":"\u00abFM quiere las tierras de Guajes de Ayala para instalar laboratorios de fentanilo\u00bb, advierten ejidatarios"},"content":{"rendered":"\n<p><strong><em>&#8212; Representante del ejido advierte que el grupo criminal no ceder\u00e1 en su pretensi\u00f3n, que se remonta a varios a\u00f1os<br>&#8212; Asegura que los enfrentamientos del 15 de octubre fueron reales, no un montaje<\/em><\/strong><\/p>\n\n\n\n<p><strong>Rogelio Agust\u00edn<\/strong><\/p>\n\n\n\n<p>El secretario del ejido de Guajes de Ayala, municipio de Coyuca de Catal\u00e1n, Javier Hern\u00e1ndez sostuvo que el grupo delictivo conocido como La Familia Michoacana (FM) pretende apoderarse de dichas tierras para instalar en ellas laboratorios para procesar metanfetaminas y fentanilo.<\/p>\n\n\n\n<p>En una transmisi\u00f3n realizada desde su p\u00e1gina de Facebook, Javier Hern\u00e1ndez sostuvo que la incursi\u00f3n de camionetas con civiles armados, presuntamente integrante de la FM fue real, aunque las autoridades se\u00f1alan que oficialmente no se denunciaron.<\/p>\n\n\n\n<p>Dijo que entre el 15 y 16 de octubre, los habitantes del ejido tuvieron que repeler a balazos a dichas c\u00e9lulas del grupo delictivo, lo que al final tuvo un resultado positivo.<\/p>\n\n\n\n<p>Asegur\u00f3 que en esta ocasi\u00f3n, los ejidatarios lograron disuadir a los presuntos integrantes de la FM y salieron ilesos, pero reconoci\u00f3 que no van a poder hacerlo de manera permanente, porque esa es funci\u00f3n de las autoridades.<\/p>\n\n\n\n<p>En consecuencia, demand\u00f3 que los tres niveles de gobierno realicen las acciones necesarias para expulsar definitivamente a los delincuentes, que de manera permanente est\u00e1n tratando de desplazar a las comunidades para asumir el control del territorio.<\/p>\n\n\n\n<p>Sostuvo: \u00abA ellos les interesa expulsarnos, que nos vayamos de aqu\u00ed para quedarse en el control de la tierra y para instalar laboratorios de metanfetaminas y la elaboraci\u00f3n final de fentanilo\u00bb.<\/p>\n\n\n\n<p>Por esa raz\u00f3n, dijo que lo que sucede en la Sierra le debe preocupar gasta al gobierno de los Estados Unidos de Norteam\u00e9rica (EUA), ya que las drogas que comercializa la FM tienen como destino final al vecino pa\u00eds del norte.<\/p>\n\n\n\n<p>Insisti\u00f3 en que la verdad no se puede ocultar y solicit\u00f3 que se act\u00fae de manera oportuna, no cuando ya se tengan familias asesinadas en dicho ejido.<\/p>\n\n\n\n<p>\u00abNuestro error es vivir en un lugar tan privilegiado como La Sierra, con recursos que la delincuencia ambiciona y m\u00e1s a\u00fan, con todas las condiciones para que ellos puedan instalar aqu\u00ed sus laboratorios\u00bb, asever\u00f3.<\/p>\n\n\n\n<p>Record\u00f3 que no es la primera ocasi\u00f3n en que enfrentan una amenaza de esta naturaleza, ya que en 2021 tuvieron que tomar las armas para contener una primera embestida del grupo criminal, que asegura, no ha perdido el inter\u00e9s por controlar esa parte de la Sierra.<\/p>\n","protected":false},"excerpt":{"rendered":"<p>&#8212; Representante del ejido advierte que el grupo criminal no ceder\u00e1 en su pretensi\u00f3n, que se remonta a varios a\u00f1os&#8212; Asegura que los enfrentamientos del 15 de octubre fueron reales,&hellip; <\/p>\n","protected":false},"author":21,"featured_media":96843,"comment_status":"open","ping_status":"open","sticky":false,"template":"","format":"standard","meta":{"fifu_image_url":"https:\/\/www.interaccionnoticias.com.mx\/wp-content\/uploads\/2025\/10\/251020-Javier-Hernandez.jpg","fifu_image_alt":"","footnotes":""},"categories":[11],"tags":[],"class_list":["post-96840","post","type-post","status-publish","format-standard","has-post-thumbnail","hentry","category-guerrero"],"_links":{"self":[{"href":"https:\/\/www.interaccionnoticias.com.mx\/index.php?rest_route=\/wp\/v2\/posts\/96840","targetHints":{"allow":["GET"]}}],"collection":[{"href":"https:\/\/www.interaccionnoticias.com.mx\/index.php?rest_route=\/wp\/v2\/posts"}],"about":[{"href":"https:\/\/www.interaccionnoticias.com.mx\/index.php?rest_route=\/wp\/v2\/types\/post"}],"author":[{"embeddable":true,"href":"https:\/\/www.interaccionnoticias.com.mx\/index.php?rest_route=\/wp\/v2\/users\/21"}],"replies":[{"embeddable":true,"href":"https:\/\/www.interaccionnoticias.com.mx\/index.php?rest_route=%2Fwp%2Fv2%2Fcomments&post=96840"}],"version-history":[{"count":1,"href":"https:\/\/www.interaccionnoticias.com.mx\/index.php?rest_route=\/wp\/v2\/posts\/96840\/revisions"}],"predecessor-version":[{"id":96842,"href":"https:\/\/www.interaccionnoticias.com.mx\/index.php?rest_route=\/wp\/v2\/posts\/96840\/revisions\/96842"}],"wp:featuredmedia":[{"embeddable":true,"href":"https:\/\/www.interaccionnoticias.com.mx\/index.php?rest_route=\/wp\/v2\/media\/96843"}],"wp:attachment":[{"href":"https:\/\/www.interaccionnoticias.com.mx\/index.php?rest_route=%2Fwp%2Fv2%2Fmedia&parent=96840"}],"wp:term":[{"taxonomy":"category","embeddable":true,"href":"https:\/\/www.interaccionnoticias.com.mx\/index.php?rest_route=%2Fwp%2Fv2%2Fcategories&post=96840"},{"taxonomy":"post_tag","embeddable":true,"href":"https:\/\/www.interaccionnoticias.com.mx\/index.php?rest_route=%2Fwp%2Fv2%2Ftags&post=96840"}],"curies":[{"name":"wp","href":"https:\/\/api.w.org\/{rel}","templated":true}]}}