{"id":96811,"date":"2025-10-19T16:02:26","date_gmt":"2025-10-19T22:02:26","guid":{"rendered":"https:\/\/www.interaccionnoticias.com.mx\/?p=96811"},"modified":"2025-10-19T16:02:27","modified_gmt":"2025-10-19T22:02:27","slug":"lamenta-crac-pc-que-las-autoridades-lejos-de-reconocer-a-las-policias-comunitarias-las-criminalicen","status":"publish","type":"post","link":"https:\/\/www.interaccionnoticias.com.mx\/?p=96811","title":{"rendered":"Lamenta CRAC-PC que las autoridades lejos de reconocer a las polic\u00edas comunitarias las criminalicen"},"content":{"rendered":"\n<p><strong><em>&#8212; Cumplen 30 a\u00f1os de trabajo en materia de seguridad, pero no avanza la iniciativa en el Congreso para su reconocimiento constitucional, se queja<\/em><\/strong><\/p>\n\n\n\n<p><strong>Rosario Garc\u00eda Orozco<\/strong><\/p>\n\n\n\n<p>A 30 a\u00f1os de la creaci\u00f3n de la Coordinadora Regional de Autoridades Comunitarias-Polic\u00eda Comunitaria (CRAC-PC), dicha organizaci\u00f3n de pueblos ind\u00edgenas y afromexicanos, lament\u00f3 que lejos de ser reconocidos de manera oficial, las autoridades los criminalicen.<\/p>\n\n\n\n<p>En un documento publicado en sus redes sociales, la CRAC-PC dio a conocer que desde hace 30 a\u00f1os, pueblos Me&#8217;phaa, Na Savi, Nahuas y afromexicanos de la Costa Chica y Monta\u00f1a de Guerrero \u00abnos reafirmamos como herederos de los primeros pobladores y due\u00f1os de estas tierras, retomamos nuestras instituciones, nuestro gobierno y sistemas normativos. Decidimos conformar nuestras polic\u00edas comunitarias para brindar seguridad, justicia y reeducaci\u00f3n como lo hac\u00edan los abuelos\u00bb.<\/p>\n\n\n\n<p>En ese escrito, aclararon que conformaron su polic\u00eda comunitaria, \u00abno para generar violencia, sino para cuidar nuestra tierra, territorio y bienes naturales, no como s\u00edmbolo de poder para someter por la fuerza a los dem\u00e1s, sino para construir un clima de paz en nuestros pueblos\u00bb.<\/p>\n\n\n\n<p>La organizaci\u00f3n se\u00f1ala que cuenta hoy con 6 casas de justicia, m\u00e1s de 300 pueblos que forman parte de ese sistema, y asegura que en sus territorios \u00abimpera un clima de armon\u00eda, lejos de la violencia que azota otras regiones del estado de Guerrero, donde las instituciones del Estado han sido incapaces de contener y revertir la criminalidad\u00bb.<\/p>\n\n\n\n<p>La CRAC-PC se quej\u00f3 de que lejos de que sean reconocidos de manera oficial, \u00ablas autoridades nos criminalizan. Pensamos que con la llegada de un gobierno Progresista habr\u00eda un di\u00e1logo m\u00e1s fluido, no se discriminar\u00eda a los pueblos ind\u00edgenas\u00bb.<\/p>\n\n\n\n<p>Tambi\u00e9n recordaron que en 2018 en en Congreso Local plantearon que iniciaran los trabajos para el reconocimiento constitucional de la CRAC-PC, por lo que se llev\u00f3 a cabo una consulta y se present\u00f3 una iniciativa que \u00abnunca fue aprobada, por el contrario, la fracci\u00f3n mayoritaria compuesta por Morena nos dio la espalda\u00bb.<\/p>\n\n\n\n<p>Dijeron que confiaron en que tras la aprobaci\u00f3n de la reforma ind\u00edgena en el Congreso de la Uni\u00f3n, que reconoce la jurisdicci\u00f3n ind\u00edgena y la libre determinaci\u00f3n y autonom\u00eda para aplicar y desarrollar sus propios sistemas normativos, en el Congreso Local se avanzara en la construcci\u00f3n de las bases para el reconocimiento constitucional y legal de la CRAC-PC, sin embargo \u00ablas mesas de di\u00e1logo nunca prosperaron\u00bb.<\/p>\n\n\n\n<p>El grupo comunitario reiter\u00f3 que no se avanza en ese tema, \u00abel gobierno le apost\u00f3 al desgaste de la CRAC-PC. Lejos del reconocimiento empez\u00f3 una persecuci\u00f3n y represi\u00f3n contra nuestro sistema de justicia. Hace meses fueron detenidos cinco polic\u00edas comunitarios de Xalpatl\u00e1huac que hoy se encuentra recluidos, como si de delincuencia se tratase, y la semana pasada el Consejero de la CRAC, Jaime Morales Castro fue liberado\u00bb.<\/p>\n\n\n\n<p>En el documento la CRAC lamenta que \u00abmientras detienen a nuestras autoridades comunitarias, el gobierno pacta con las bandas delictivas, el gobierno permite que los asesinos de luchadores sociales sigan en la impunidad y que los grupos delictivos operen a la luz del d\u00eda sembrando violencia y terror\u00bb.<\/p>\n\n\n\n<p>Se\u00f1alan que no hay diferencia entre los gobiernos del pasado, que los encarcelaba, porque \u00abahora con el mismo c\u00e1lculo lo hace el gobierno que se dice progresista\u00bb.<\/p>\n\n\n\n<p>Exigieron que se esclarezca y haya justicia por los casos de Roc\u00edo Mesino, quien hace 12 a\u00f1os fue asesinada en la sierra de Atoyac, y el homicidio de Ranferi Hern\u00e1ndez y su familia, abatidos hace 8 a\u00f1os.<\/p>\n\n\n\n<p>Advirtieron que nacieron sin el permiso del gobierno y que como \u00abherederos de los ind\u00f3mitos Yopes, resistiremos a la embestida de este gobierno y la CRAC-PC vivir\u00e1 por siempre, porque somos parte de este h\u00e1bitat, porque somos parte de estas tierras\u00bb.<\/p>\n\n\n\n<figure class=\"wp-block-gallery has-nested-images columns-default is-cropped wp-block-gallery-1 is-layout-flex wp-block-gallery-is-layout-flex\">\n<figure class=\"wp-block-image size-large\"><img decoding=\"async\" src=\"data:image\/gif;base64,R0lGODlhAQABAIAAAAAAAP\/\/\/ywAAAAAAQABAAACAUwAOw==\" fifu-lazy=\"1\" fifu-data-sizes=\"auto\" fifu-data-srcset=\"https:\/\/i2.wp.com\/www.interaccionnoticias.com.mx\/wp-content\/uploads\/2025\/10\/251019-CRAC-PC-1.jpg?ssl=1&w=75&resize=75&ssl=1 75w, https:\/\/i2.wp.com\/www.interaccionnoticias.com.mx\/wp-content\/uploads\/2025\/10\/251019-CRAC-PC-1.jpg?ssl=1&w=100&resize=100&ssl=1 100w, https:\/\/i2.wp.com\/www.interaccionnoticias.com.mx\/wp-content\/uploads\/2025\/10\/251019-CRAC-PC-1.jpg?ssl=1&w=150&resize=150&ssl=1 150w, https:\/\/i2.wp.com\/www.interaccionnoticias.com.mx\/wp-content\/uploads\/2025\/10\/251019-CRAC-PC-1.jpg?ssl=1&w=240&resize=240&ssl=1 240w, https:\/\/i2.wp.com\/www.interaccionnoticias.com.mx\/wp-content\/uploads\/2025\/10\/251019-CRAC-PC-1.jpg?ssl=1&w=320&resize=320&ssl=1 320w, https:\/\/i2.wp.com\/www.interaccionnoticias.com.mx\/wp-content\/uploads\/2025\/10\/251019-CRAC-PC-1.jpg?ssl=1&w=500&resize=500&ssl=1 500w, https:\/\/i2.wp.com\/www.interaccionnoticias.com.mx\/wp-content\/uploads\/2025\/10\/251019-CRAC-PC-1.jpg?ssl=1&w=640&resize=640&ssl=1 640w, https:\/\/i2.wp.com\/www.interaccionnoticias.com.mx\/wp-content\/uploads\/2025\/10\/251019-CRAC-PC-1.jpg?ssl=1&w=800&resize=800&ssl=1 800w, https:\/\/i2.wp.com\/www.interaccionnoticias.com.mx\/wp-content\/uploads\/2025\/10\/251019-CRAC-PC-1.jpg?ssl=1&w=1024&resize=1024&ssl=1 1024w, https:\/\/i2.wp.com\/www.interaccionnoticias.com.mx\/wp-content\/uploads\/2025\/10\/251019-CRAC-PC-1.jpg?ssl=1&w=1280&resize=1280&ssl=1 1280w, https:\/\/i2.wp.com\/www.interaccionnoticias.com.mx\/wp-content\/uploads\/2025\/10\/251019-CRAC-PC-1.jpg?ssl=1&w=1600&resize=1600&ssl=1 1600w\" data-id=\"96812\" fifu-data-src=\"https:\/\/i2.wp.com\/www.interaccionnoticias.com.mx\/wp-content\/uploads\/2025\/10\/251019-CRAC-PC-1.jpg?ssl=1\" alt=\"\" class=\"wp-image-96812\"\/><\/figure>\n\n\n\n<figure class=\"wp-block-image size-large\"><img decoding=\"async\" src=\"data:image\/gif;base64,R0lGODlhAQABAIAAAAAAAP\/\/\/ywAAAAAAQABAAACAUwAOw==\" fifu-lazy=\"1\" fifu-data-sizes=\"auto\" fifu-data-srcset=\"https:\/\/i2.wp.com\/www.interaccionnoticias.com.mx\/wp-content\/uploads\/2025\/10\/251019-CRAC-PC-2.jpg?ssl=1&w=75&resize=75&ssl=1 75w, https:\/\/i2.wp.com\/www.interaccionnoticias.com.mx\/wp-content\/uploads\/2025\/10\/251019-CRAC-PC-2.jpg?ssl=1&w=100&resize=100&ssl=1 100w, https:\/\/i2.wp.com\/www.interaccionnoticias.com.mx\/wp-content\/uploads\/2025\/10\/251019-CRAC-PC-2.jpg?ssl=1&w=150&resize=150&ssl=1 150w, https:\/\/i2.wp.com\/www.interaccionnoticias.com.mx\/wp-content\/uploads\/2025\/10\/251019-CRAC-PC-2.jpg?ssl=1&w=240&resize=240&ssl=1 240w, https:\/\/i2.wp.com\/www.interaccionnoticias.com.mx\/wp-content\/uploads\/2025\/10\/251019-CRAC-PC-2.jpg?ssl=1&w=320&resize=320&ssl=1 320w, https:\/\/i2.wp.com\/www.interaccionnoticias.com.mx\/wp-content\/uploads\/2025\/10\/251019-CRAC-PC-2.jpg?ssl=1&w=500&resize=500&ssl=1 500w, https:\/\/i2.wp.com\/www.interaccionnoticias.com.mx\/wp-content\/uploads\/2025\/10\/251019-CRAC-PC-2.jpg?ssl=1&w=640&resize=640&ssl=1 640w, https:\/\/i2.wp.com\/www.interaccionnoticias.com.mx\/wp-content\/uploads\/2025\/10\/251019-CRAC-PC-2.jpg?ssl=1&w=800&resize=800&ssl=1 800w, https:\/\/i2.wp.com\/www.interaccionnoticias.com.mx\/wp-content\/uploads\/2025\/10\/251019-CRAC-PC-2.jpg?ssl=1&w=1024&resize=1024&ssl=1 1024w, https:\/\/i2.wp.com\/www.interaccionnoticias.com.mx\/wp-content\/uploads\/2025\/10\/251019-CRAC-PC-2.jpg?ssl=1&w=1280&resize=1280&ssl=1 1280w, https:\/\/i2.wp.com\/www.interaccionnoticias.com.mx\/wp-content\/uploads\/2025\/10\/251019-CRAC-PC-2.jpg?ssl=1&w=1600&resize=1600&ssl=1 1600w\" data-id=\"96814\" fifu-data-src=\"https:\/\/i2.wp.com\/www.interaccionnoticias.com.mx\/wp-content\/uploads\/2025\/10\/251019-CRAC-PC-2.jpg?ssl=1\" alt=\"\" class=\"wp-image-96814\"\/><\/figure>\n\n\n\n<figure class=\"wp-block-image size-large\"><img decoding=\"async\" src=\"data:image\/gif;base64,R0lGODlhAQABAIAAAAAAAP\/\/\/ywAAAAAAQABAAACAUwAOw==\" fifu-lazy=\"1\" fifu-data-sizes=\"auto\" fifu-data-srcset=\"https:\/\/i2.wp.com\/www.interaccionnoticias.com.mx\/wp-content\/uploads\/2025\/10\/251019-CRAC-PC-3.jpg?ssl=1&w=75&resize=75&ssl=1 75w, https:\/\/i2.wp.com\/www.interaccionnoticias.com.mx\/wp-content\/uploads\/2025\/10\/251019-CRAC-PC-3.jpg?ssl=1&w=100&resize=100&ssl=1 100w, https:\/\/i2.wp.com\/www.interaccionnoticias.com.mx\/wp-content\/uploads\/2025\/10\/251019-CRAC-PC-3.jpg?ssl=1&w=150&resize=150&ssl=1 150w, https:\/\/i2.wp.com\/www.interaccionnoticias.com.mx\/wp-content\/uploads\/2025\/10\/251019-CRAC-PC-3.jpg?ssl=1&w=240&resize=240&ssl=1 240w, https:\/\/i2.wp.com\/www.interaccionnoticias.com.mx\/wp-content\/uploads\/2025\/10\/251019-CRAC-PC-3.jpg?ssl=1&w=320&resize=320&ssl=1 320w, https:\/\/i2.wp.com\/www.interaccionnoticias.com.mx\/wp-content\/uploads\/2025\/10\/251019-CRAC-PC-3.jpg?ssl=1&w=500&resize=500&ssl=1 500w, https:\/\/i2.wp.com\/www.interaccionnoticias.com.mx\/wp-content\/uploads\/2025\/10\/251019-CRAC-PC-3.jpg?ssl=1&w=640&resize=640&ssl=1 640w, https:\/\/i2.wp.com\/www.interaccionnoticias.com.mx\/wp-content\/uploads\/2025\/10\/251019-CRAC-PC-3.jpg?ssl=1&w=800&resize=800&ssl=1 800w, https:\/\/i2.wp.com\/www.interaccionnoticias.com.mx\/wp-content\/uploads\/2025\/10\/251019-CRAC-PC-3.jpg?ssl=1&w=1024&resize=1024&ssl=1 1024w, https:\/\/i2.wp.com\/www.interaccionnoticias.com.mx\/wp-content\/uploads\/2025\/10\/251019-CRAC-PC-3.jpg?ssl=1&w=1280&resize=1280&ssl=1 1280w, https:\/\/i2.wp.com\/www.interaccionnoticias.com.mx\/wp-content\/uploads\/2025\/10\/251019-CRAC-PC-3.jpg?ssl=1&w=1600&resize=1600&ssl=1 1600w\" data-id=\"96815\" fifu-data-src=\"https:\/\/i2.wp.com\/www.interaccionnoticias.com.mx\/wp-content\/uploads\/2025\/10\/251019-CRAC-PC-3.jpg?ssl=1\" alt=\"\" class=\"wp-image-96815\"\/><\/figure>\n\n\n\n<figure class=\"wp-block-image size-large\"><img decoding=\"async\" src=\"data:image\/gif;base64,R0lGODlhAQABAIAAAAAAAP\/\/\/ywAAAAAAQABAAACAUwAOw==\" fifu-lazy=\"1\" fifu-data-sizes=\"auto\" fifu-data-srcset=\"https:\/\/i2.wp.com\/www.interaccionnoticias.com.mx\/wp-content\/uploads\/2025\/10\/251019-CRAC-PC-4.jpg?ssl=1&w=75&resize=75&ssl=1 75w, https:\/\/i2.wp.com\/www.interaccionnoticias.com.mx\/wp-content\/uploads\/2025\/10\/251019-CRAC-PC-4.jpg?ssl=1&w=100&resize=100&ssl=1 100w, https:\/\/i2.wp.com\/www.interaccionnoticias.com.mx\/wp-content\/uploads\/2025\/10\/251019-CRAC-PC-4.jpg?ssl=1&w=150&resize=150&ssl=1 150w, https:\/\/i2.wp.com\/www.interaccionnoticias.com.mx\/wp-content\/uploads\/2025\/10\/251019-CRAC-PC-4.jpg?ssl=1&w=240&resize=240&ssl=1 240w, https:\/\/i2.wp.com\/www.interaccionnoticias.com.mx\/wp-content\/uploads\/2025\/10\/251019-CRAC-PC-4.jpg?ssl=1&w=320&resize=320&ssl=1 320w, https:\/\/i2.wp.com\/www.interaccionnoticias.com.mx\/wp-content\/uploads\/2025\/10\/251019-CRAC-PC-4.jpg?ssl=1&w=500&resize=500&ssl=1 500w, https:\/\/i2.wp.com\/www.interaccionnoticias.com.mx\/wp-content\/uploads\/2025\/10\/251019-CRAC-PC-4.jpg?ssl=1&w=640&resize=640&ssl=1 640w, https:\/\/i2.wp.com\/www.interaccionnoticias.com.mx\/wp-content\/uploads\/2025\/10\/251019-CRAC-PC-4.jpg?ssl=1&w=800&resize=800&ssl=1 800w, https:\/\/i2.wp.com\/www.interaccionnoticias.com.mx\/wp-content\/uploads\/2025\/10\/251019-CRAC-PC-4.jpg?ssl=1&w=1024&resize=1024&ssl=1 1024w, https:\/\/i2.wp.com\/www.interaccionnoticias.com.mx\/wp-content\/uploads\/2025\/10\/251019-CRAC-PC-4.jpg?ssl=1&w=1280&resize=1280&ssl=1 1280w, https:\/\/i2.wp.com\/www.interaccionnoticias.com.mx\/wp-content\/uploads\/2025\/10\/251019-CRAC-PC-4.jpg?ssl=1&w=1600&resize=1600&ssl=1 1600w\" data-id=\"96813\" fifu-data-src=\"https:\/\/i2.wp.com\/www.interaccionnoticias.com.mx\/wp-content\/uploads\/2025\/10\/251019-CRAC-PC-4.jpg?ssl=1\" alt=\"\" class=\"wp-image-96813\"\/><\/figure>\n<\/figure>\n","protected":false},"excerpt":{"rendered":"<p>&#8212; Cumplen 30 a\u00f1os de trabajo en materia de seguridad, pero no avanza la iniciativa en el Congreso para su reconocimiento constitucional, se queja Rosario Garc\u00eda Orozco A 30 a\u00f1os&hellip; <\/p>\n","protected":false},"author":14,"featured_media":96817,"comment_status":"open","ping_status":"open","sticky":false,"template":"","format":"standard","meta":{"fifu_image_url":"https:\/\/www.interaccionnoticias.com.mx\/wp-content\/uploads\/2025\/10\/251019-CRAC-PC-3.jpg","fifu_image_alt":"","footnotes":""},"categories":[15],"tags":[],"class_list":["post-96811","post","type-post","status-publish","format-standard","has-post-thumbnail","hentry","category-movimientos-sociales"],"_links":{"self":[{"href":"https:\/\/www.interaccionnoticias.com.mx\/index.php?rest_route=\/wp\/v2\/posts\/96811","targetHints":{"allow":["GET"]}}],"collection":[{"href":"https:\/\/www.interaccionnoticias.com.mx\/index.php?rest_route=\/wp\/v2\/posts"}],"about":[{"href":"https:\/\/www.interaccionnoticias.com.mx\/index.php?rest_route=\/wp\/v2\/types\/post"}],"author":[{"embeddable":true,"href":"https:\/\/www.interaccionnoticias.com.mx\/index.php?rest_route=\/wp\/v2\/users\/14"}],"replies":[{"embeddable":true,"href":"https:\/\/www.interaccionnoticias.com.mx\/index.php?rest_route=%2Fwp%2Fv2%2Fcomments&post=96811"}],"version-history":[{"count":1,"href":"https:\/\/www.interaccionnoticias.com.mx\/index.php?rest_route=\/wp\/v2\/posts\/96811\/revisions"}],"predecessor-version":[{"id":96816,"href":"https:\/\/www.interaccionnoticias.com.mx\/index.php?rest_route=\/wp\/v2\/posts\/96811\/revisions\/96816"}],"wp:featuredmedia":[{"embeddable":true,"href":"https:\/\/www.interaccionnoticias.com.mx\/index.php?rest_route=\/wp\/v2\/media\/96817"}],"wp:attachment":[{"href":"https:\/\/www.interaccionnoticias.com.mx\/index.php?rest_route=%2Fwp%2Fv2%2Fmedia&parent=96811"}],"wp:term":[{"taxonomy":"category","embeddable":true,"href":"https:\/\/www.interaccionnoticias.com.mx\/index.php?rest_route=%2Fwp%2Fv2%2Fcategories&post=96811"},{"taxonomy":"post_tag","embeddable":true,"href":"https:\/\/www.interaccionnoticias.com.mx\/index.php?rest_route=%2Fwp%2Fv2%2Ftags&post=96811"}],"curies":[{"name":"wp","href":"https:\/\/api.w.org\/{rel}","templated":true}]}}