{"id":96779,"date":"2025-10-17T20:52:03","date_gmt":"2025-10-18T02:52:03","guid":{"rendered":"https:\/\/www.interaccionnoticias.com.mx\/?p=96779"},"modified":"2025-10-17T20:52:04","modified_gmt":"2025-10-18T02:52:04","slug":"profepa-confirma-que-soloco-sellos-de-clausura-a-la-mina-los-filos","status":"publish","type":"post","link":"https:\/\/www.interaccionnoticias.com.mx\/?p=96779","title":{"rendered":"Profepa confirma que soloc\u00f3 sellos de clausura a la mina Los Filos"},"content":{"rendered":"\n<p>&#8212; Los sellos de clausura fueron colocados en cinco zonas por presuntos riesgos ambientales<\/p>\n\n\n\n<p><strong>Rosario Garc\u00eda Orozco<\/strong><\/p>\n\n\n\n<p>La Procuradur\u00eda Federal de Protecci\u00f3n al Ambiente (Profepa) confirm\u00f3 que coloc\u00f3 sellos de clausura en \u00e1reas de la mina \u00abLos Filos\u00bb, luego de una revisi\u00f3n en las instalaciones del corporativo Equinox Gold, realizado en el mes de mayo en atenci\u00f3n a denuncias populares presentadas por las comunidades vecinas, por presuntos da\u00f1os ambientales.<\/p>\n\n\n\n<p>La mina ubicada en el ejido de Carrizalillo, en el municipio Eduardo Neri de la zona Centro de Guerrero, tiene sin operar desde el pasado mes de abril al concluir el contrato de arrendamiento entre los ejidatarios de Carrizalillo y la empresa de origen canadiense.<\/p>\n\n\n\n<p>Los sellos colocados en la mina Los Filos tienen el n\u00famero de expediente PFPA\/32\/351\/00091-25-05, y se ubicaron en zonas clave del \u00e1rea industrial y de procesamiento de minerales.<\/p>\n\n\n\n<p>La Profepa inform\u00f3 a trav\u00e9s de su p\u00e1gina oficial que clausur\u00f3 5 \u00e1reas de la unidad minera Los Filos \u00abpara prevenir riesgos ambientales. Previamente, la Procuradur\u00eda hab\u00eda ordenado a la empresa adoptar medidas urgentes para corregir las irregularidades detectadas en esas cinco zonas y erradicar los riesgos asociados, mismas que no han sido cumplidas en su totalidad\u00bb.<\/p>\n\n\n\n<p>La dependencia federal se\u00f1al\u00f3 que las clausuras ser\u00e1n levantadas hasta que la empresa cumpla con todas las medidas de urgente aplicaci\u00f3n que le fueron impuestas y se verifique que ya no representan riesgo para el medio ambiente.<\/p>\n\n\n\n<p>Entre las razones por las que Profepa determin\u00f3 proceder a la clausura se encuentran que la mina subterr\u00e1nea ocupa una superficie mayor a la que tiene autorizada, adem\u00e1s de que dos dep\u00f3sitos de residuos presentan problemas de estabilidad, adem\u00e1s de que el patio de lixiviaci\u00f3n, que es el \u00e1rea en la que se extraen metales mediante el uso de sustancias qu\u00edmicas, no cuentan con la infraestructura adecuada para impedir el ingreso de animales y presentan acumulaci\u00f3n de l\u00edquido que puede derramarse fuera del patio.<\/p>\n\n\n\n<p>La Profepa menciona que a pesar de los avisos que realiz\u00f3 a la empresa minera solo se cubrieron algunas recomendaciones de manera parcial, por lo que se procedi\u00f3 a la clausura de 5 zonas, \u00aben las que la empresa deber\u00e1 corregir los problemas detectados\u00bb.<\/p>\n\n\n\n<p>Ejidatarios del poblado de Carrizalillo han informado que la mina enfrenta diversos procesos administrativos por incumplimientos ambientales y que la clausura podr\u00eda estar vinculada a la falta de un plan formal de cierre, que es lo que han estado reclamando.<\/p>\n\n\n\n<p>Desde que concluy\u00f3 el contrato de arrendamiento, los comuneros instalaron un campamento de vigilancia en los accesos principales para impedir que Equinox Gold reanude operaciones sin un nuevo acuerdo de renta o sin cumplir con las condiciones ambientales requeridas.<\/p>\n\n\n\n<p>Por su parte, la Secretar\u00eda del Medio Ambiente y Recursos Naturales (Semaren) del gobierno estatal precis\u00f3 que la supervisi\u00f3n y la aplicaci\u00f3n de las medidas de seguridad en proyectos mineros es responsabilidad de la Procuradur\u00eda Federal de Protecci\u00f3n Ecol\u00f3gica (Profepa) y de la Secretar\u00eda del Medio Ambiente federal.<\/p>\n\n\n\n<p>Precis\u00f3 que las instancias federales proceden conforme a lo establecido en la Ley General del Equilibrio Ecol\u00f3gico y la Protecci\u00f3n al Ambiente, e inform\u00f3 sobre su disposici\u00f3n para colaborar de manera directa y de acompa\u00f1amiento con las instancias federales, en el marco de su competencia, especialmente en la atenci\u00f3n a impactos locales, sociales, sin intervenci\u00f3n en los procedimientos sancionatorios federales.<\/p>\n\n\n\n<p>En tanto, la empresa minera Equinox Gold confirm\u00f3 que recibi\u00f3 avisos de clausura temporal por parte de la Profepa, en algunas \u00e1reas de la unidad. \u00abLa compa\u00f1\u00eda ha cooperado plenamente con Profepa durante sus cuatro meses de inspecciones y se encuentra revisando las medidas temporales ordenadas y descritas en las notificaciones\u00bb.<\/p>\n\n\n\n<p>La empresa reiter\u00f3 su compromiso con el mantenimiento de salvaguardas ambientales, el cumplimiento de todos los requisitos regulatorios y la colaboraci\u00f3n estrecha con las autoridades y socios comunitarios para garantizar el manejo y cuidado responsable de la mina Los Filos.<\/p>\n","protected":false},"excerpt":{"rendered":"<p>&#8212; Los sellos de clausura fueron colocados en cinco zonas por presuntos riesgos ambientales Rosario Garc\u00eda Orozco La Procuradur\u00eda Federal de Protecci\u00f3n al Ambiente (Profepa) confirm\u00f3 que coloc\u00f3 sellos de&hellip; <\/p>\n","protected":false},"author":14,"featured_media":96782,"comment_status":"open","ping_status":"open","sticky":false,"template":"","format":"standard","meta":{"fifu_image_url":"https:\/\/www.interaccionnoticias.com.mx\/wp-content\/uploads\/2025\/10\/251017-Los-Filos.jpg","fifu_image_alt":"","footnotes":""},"categories":[11],"tags":[],"class_list":["post-96779","post","type-post","status-publish","format-standard","has-post-thumbnail","hentry","category-guerrero"],"_links":{"self":[{"href":"https:\/\/www.interaccionnoticias.com.mx\/index.php?rest_route=\/wp\/v2\/posts\/96779","targetHints":{"allow":["GET"]}}],"collection":[{"href":"https:\/\/www.interaccionnoticias.com.mx\/index.php?rest_route=\/wp\/v2\/posts"}],"about":[{"href":"https:\/\/www.interaccionnoticias.com.mx\/index.php?rest_route=\/wp\/v2\/types\/post"}],"author":[{"embeddable":true,"href":"https:\/\/www.interaccionnoticias.com.mx\/index.php?rest_route=\/wp\/v2\/users\/14"}],"replies":[{"embeddable":true,"href":"https:\/\/www.interaccionnoticias.com.mx\/index.php?rest_route=%2Fwp%2Fv2%2Fcomments&post=96779"}],"version-history":[{"count":1,"href":"https:\/\/www.interaccionnoticias.com.mx\/index.php?rest_route=\/wp\/v2\/posts\/96779\/revisions"}],"predecessor-version":[{"id":96781,"href":"https:\/\/www.interaccionnoticias.com.mx\/index.php?rest_route=\/wp\/v2\/posts\/96779\/revisions\/96781"}],"wp:featuredmedia":[{"embeddable":true,"href":"https:\/\/www.interaccionnoticias.com.mx\/index.php?rest_route=\/wp\/v2\/media\/96782"}],"wp:attachment":[{"href":"https:\/\/www.interaccionnoticias.com.mx\/index.php?rest_route=%2Fwp%2Fv2%2Fmedia&parent=96779"}],"wp:term":[{"taxonomy":"category","embeddable":true,"href":"https:\/\/www.interaccionnoticias.com.mx\/index.php?rest_route=%2Fwp%2Fv2%2Fcategories&post=96779"},{"taxonomy":"post_tag","embeddable":true,"href":"https:\/\/www.interaccionnoticias.com.mx\/index.php?rest_route=%2Fwp%2Fv2%2Ftags&post=96779"}],"curies":[{"name":"wp","href":"https:\/\/api.w.org\/{rel}","templated":true}]}}