{"id":96752,"date":"2025-10-17T17:58:02","date_gmt":"2025-10-17T23:58:02","guid":{"rendered":"https:\/\/www.interaccionnoticias.com.mx\/?p=96752"},"modified":"2025-10-17T17:58:03","modified_gmt":"2025-10-17T23:58:03","slug":"al-panteon-ministerial-segundo-bloque-de-extranjeros-reclutados-por-el-crimen-en-guerrero","status":"publish","type":"post","link":"https:\/\/www.interaccionnoticias.com.mx\/?p=96752","title":{"rendered":"Al Pante\u00f3n Ministerial, segundo bloque de extranjeros reclutados por el crimen en Guerrero"},"content":{"rendered":"\n<p><em><strong>&#8212; Se trata de 30 personas, 14 de ellos salvadore\u00f1os y guatemaltecos que participaron en la incursi\u00f3n armada de Tecpan, en octubre de 2024<br>&#8212; Aunque est\u00e1n identificados, sus familias nunca los reclamaron, lo mismo que a 16 connacionales<\/strong><\/em><\/p>\n\n\n\n<p><strong>Rogelio Agust\u00edn<\/strong><\/p>\n\n\n\n<p>Los cad\u00e1veres identificados, pero no reclamados de 30 supuestos pistoleros, 14 de ellos de origen guatemalteco y salvadore\u00f1o fueron canalizados al Cementario Estatal Forense de Chilpancingo, donde estar\u00e1n listos para cuando sean requeridos por sus seres queridos.<\/p>\n\n\n\n<p>Se trata del segundo bloque de personas que fueron abatidas en los enfrentamientos registrados en octubre de 2024, cuando a balazos intentaron apoderarse de la cabecera municipal de Tecpan, en la Costa Grande de Guerrero.<\/p>\n\n\n\n<p>Del total de cad\u00e1veres depositados este viernes en b\u00f3vedas del Cementerio Estatal Forense, 14 corresponden a centroamericanos que murieron durante dicha incursi\u00f3n, la cual inici\u00f3 la madrugada del 24 de octubre del a\u00f1o pasado.<\/p>\n\n\n\n<p>Ese d\u00eda, personal del Ej\u00e9rcito Mexicano intervino para evitar que la poblaci\u00f3n quedara en medio de la confrontaci\u00f3n entre civiles armados.<\/p>\n\n\n\n<p>Peritos en criminal\u00edstica, polic\u00edas ministeriales y personal del Servicio M\u00e9dico Forense (SEMEFO) organizaron el traslado de los restos humanos, el cual se desarroll\u00f3 sin complicaciones.<\/p>\n\n\n\n<p>Aunque se se\u00f1ala que todos fueron identificados, ninguno fue reclamado por sus familiares o los consulados de sus pa\u00edses.<\/p>\n\n\n\n<p>Sin embargo, se anota que los cad\u00e1veres fueron identificados a partir de las declaraciones de 16 personas detenidas en un campo de adiestramiento clandestino, el cual se desmantel\u00f3 en el municipio de Coyuca de Ben\u00edtez, tambi\u00e9n en la Costa Grande.<\/p>\n\n\n\n<p>Los cuerpos cuentan con cadena de guardia y custodia para su f\u00e1cil localizaci\u00f3n, en caso de ser reclamados por sus familiares o las autoridades consulares de sus pa\u00edses.<\/p>\n\n\n\n<p>De los 30 cad\u00e1veres trasladados este viernes, 16 son mexicanos y la mayor\u00eda guerrerenses, pero a pesar de que se les identific\u00f3, tampoco fueron reclamados.<\/p>\n\n\n\n<figure class=\"wp-block-gallery has-nested-images columns-default is-cropped wp-block-gallery-1 is-layout-flex wp-block-gallery-is-layout-flex\">\n<figure class=\"wp-block-image size-large\"><img decoding=\"async\" src=\"data:image\/gif;base64,R0lGODlhAQABAIAAAAAAAP\/\/\/ywAAAAAAQABAAACAUwAOw==\" fifu-lazy=\"1\" fifu-data-sizes=\"auto\" fifu-data-srcset=\"https:\/\/i1.wp.com\/www.interaccionnoticias.com.mx\/wp-content\/uploads\/2025\/10\/251017-segundo-bloque-de-extranjeros-1.jpg?ssl=1&w=75&resize=75&ssl=1 75w, https:\/\/i1.wp.com\/www.interaccionnoticias.com.mx\/wp-content\/uploads\/2025\/10\/251017-segundo-bloque-de-extranjeros-1.jpg?ssl=1&w=100&resize=100&ssl=1 100w, https:\/\/i1.wp.com\/www.interaccionnoticias.com.mx\/wp-content\/uploads\/2025\/10\/251017-segundo-bloque-de-extranjeros-1.jpg?ssl=1&w=150&resize=150&ssl=1 150w, https:\/\/i1.wp.com\/www.interaccionnoticias.com.mx\/wp-content\/uploads\/2025\/10\/251017-segundo-bloque-de-extranjeros-1.jpg?ssl=1&w=240&resize=240&ssl=1 240w, https:\/\/i1.wp.com\/www.interaccionnoticias.com.mx\/wp-content\/uploads\/2025\/10\/251017-segundo-bloque-de-extranjeros-1.jpg?ssl=1&w=320&resize=320&ssl=1 320w, https:\/\/i1.wp.com\/www.interaccionnoticias.com.mx\/wp-content\/uploads\/2025\/10\/251017-segundo-bloque-de-extranjeros-1.jpg?ssl=1&w=500&resize=500&ssl=1 500w, https:\/\/i1.wp.com\/www.interaccionnoticias.com.mx\/wp-content\/uploads\/2025\/10\/251017-segundo-bloque-de-extranjeros-1.jpg?ssl=1&w=640&resize=640&ssl=1 640w, https:\/\/i1.wp.com\/www.interaccionnoticias.com.mx\/wp-content\/uploads\/2025\/10\/251017-segundo-bloque-de-extranjeros-1.jpg?ssl=1&w=800&resize=800&ssl=1 800w, https:\/\/i1.wp.com\/www.interaccionnoticias.com.mx\/wp-content\/uploads\/2025\/10\/251017-segundo-bloque-de-extranjeros-1.jpg?ssl=1&w=1024&resize=1024&ssl=1 1024w, https:\/\/i1.wp.com\/www.interaccionnoticias.com.mx\/wp-content\/uploads\/2025\/10\/251017-segundo-bloque-de-extranjeros-1.jpg?ssl=1&w=1280&resize=1280&ssl=1 1280w, https:\/\/i1.wp.com\/www.interaccionnoticias.com.mx\/wp-content\/uploads\/2025\/10\/251017-segundo-bloque-de-extranjeros-1.jpg?ssl=1&w=1600&resize=1600&ssl=1 1600w\" data-id=\"96753\" fifu-data-src=\"https:\/\/i1.wp.com\/www.interaccionnoticias.com.mx\/wp-content\/uploads\/2025\/10\/251017-segundo-bloque-de-extranjeros-1.jpg?ssl=1\" alt=\"\" class=\"wp-image-96753\"\/><\/figure>\n\n\n\n<figure class=\"wp-block-image size-large\"><img decoding=\"async\" src=\"data:image\/gif;base64,R0lGODlhAQABAIAAAAAAAP\/\/\/ywAAAAAAQABAAACAUwAOw==\" fifu-lazy=\"1\" fifu-data-sizes=\"auto\" fifu-data-srcset=\"https:\/\/i1.wp.com\/www.interaccionnoticias.com.mx\/wp-content\/uploads\/2025\/10\/251017-segundo-bloque-de-extranjeros-2.jpg?ssl=1&w=75&resize=75&ssl=1 75w, https:\/\/i1.wp.com\/www.interaccionnoticias.com.mx\/wp-content\/uploads\/2025\/10\/251017-segundo-bloque-de-extranjeros-2.jpg?ssl=1&w=100&resize=100&ssl=1 100w, https:\/\/i1.wp.com\/www.interaccionnoticias.com.mx\/wp-content\/uploads\/2025\/10\/251017-segundo-bloque-de-extranjeros-2.jpg?ssl=1&w=150&resize=150&ssl=1 150w, https:\/\/i1.wp.com\/www.interaccionnoticias.com.mx\/wp-content\/uploads\/2025\/10\/251017-segundo-bloque-de-extranjeros-2.jpg?ssl=1&w=240&resize=240&ssl=1 240w, https:\/\/i1.wp.com\/www.interaccionnoticias.com.mx\/wp-content\/uploads\/2025\/10\/251017-segundo-bloque-de-extranjeros-2.jpg?ssl=1&w=320&resize=320&ssl=1 320w, https:\/\/i1.wp.com\/www.interaccionnoticias.com.mx\/wp-content\/uploads\/2025\/10\/251017-segundo-bloque-de-extranjeros-2.jpg?ssl=1&w=500&resize=500&ssl=1 500w, https:\/\/i1.wp.com\/www.interaccionnoticias.com.mx\/wp-content\/uploads\/2025\/10\/251017-segundo-bloque-de-extranjeros-2.jpg?ssl=1&w=640&resize=640&ssl=1 640w, https:\/\/i1.wp.com\/www.interaccionnoticias.com.mx\/wp-content\/uploads\/2025\/10\/251017-segundo-bloque-de-extranjeros-2.jpg?ssl=1&w=800&resize=800&ssl=1 800w, https:\/\/i1.wp.com\/www.interaccionnoticias.com.mx\/wp-content\/uploads\/2025\/10\/251017-segundo-bloque-de-extranjeros-2.jpg?ssl=1&w=1024&resize=1024&ssl=1 1024w, https:\/\/i1.wp.com\/www.interaccionnoticias.com.mx\/wp-content\/uploads\/2025\/10\/251017-segundo-bloque-de-extranjeros-2.jpg?ssl=1&w=1280&resize=1280&ssl=1 1280w, https:\/\/i1.wp.com\/www.interaccionnoticias.com.mx\/wp-content\/uploads\/2025\/10\/251017-segundo-bloque-de-extranjeros-2.jpg?ssl=1&w=1600&resize=1600&ssl=1 1600w\" data-id=\"96754\" fifu-data-src=\"https:\/\/i1.wp.com\/www.interaccionnoticias.com.mx\/wp-content\/uploads\/2025\/10\/251017-segundo-bloque-de-extranjeros-2.jpg?ssl=1\" alt=\"\" class=\"wp-image-96754\"\/><\/figure>\n<\/figure>\n","protected":false},"excerpt":{"rendered":"<p>&#8212; Se trata de 30 personas, 14 de ellos salvadore\u00f1os y guatemaltecos que participaron en la incursi\u00f3n armada de Tecpan, en octubre de 2024&#8212; Aunque est\u00e1n identificados, sus familias nunca&hellip; <\/p>\n","protected":false},"author":21,"featured_media":96756,"comment_status":"open","ping_status":"open","sticky":false,"template":"","format":"standard","meta":{"fifu_image_url":"https:\/\/www.interaccionnoticias.com.mx\/wp-content\/uploads\/2025\/10\/251017-segundo-bloque-de-extranjeros-2.jpg","fifu_image_alt":"","footnotes":""},"categories":[27],"tags":[],"class_list":["post-96752","post","type-post","status-publish","format-standard","has-post-thumbnail","hentry","category-seguridad-publica"],"_links":{"self":[{"href":"https:\/\/www.interaccionnoticias.com.mx\/index.php?rest_route=\/wp\/v2\/posts\/96752","targetHints":{"allow":["GET"]}}],"collection":[{"href":"https:\/\/www.interaccionnoticias.com.mx\/index.php?rest_route=\/wp\/v2\/posts"}],"about":[{"href":"https:\/\/www.interaccionnoticias.com.mx\/index.php?rest_route=\/wp\/v2\/types\/post"}],"author":[{"embeddable":true,"href":"https:\/\/www.interaccionnoticias.com.mx\/index.php?rest_route=\/wp\/v2\/users\/21"}],"replies":[{"embeddable":true,"href":"https:\/\/www.interaccionnoticias.com.mx\/index.php?rest_route=%2Fwp%2Fv2%2Fcomments&post=96752"}],"version-history":[{"count":1,"href":"https:\/\/www.interaccionnoticias.com.mx\/index.php?rest_route=\/wp\/v2\/posts\/96752\/revisions"}],"predecessor-version":[{"id":96755,"href":"https:\/\/www.interaccionnoticias.com.mx\/index.php?rest_route=\/wp\/v2\/posts\/96752\/revisions\/96755"}],"wp:featuredmedia":[{"embeddable":true,"href":"https:\/\/www.interaccionnoticias.com.mx\/index.php?rest_route=\/wp\/v2\/media\/96756"}],"wp:attachment":[{"href":"https:\/\/www.interaccionnoticias.com.mx\/index.php?rest_route=%2Fwp%2Fv2%2Fmedia&parent=96752"}],"wp:term":[{"taxonomy":"category","embeddable":true,"href":"https:\/\/www.interaccionnoticias.com.mx\/index.php?rest_route=%2Fwp%2Fv2%2Fcategories&post=96752"},{"taxonomy":"post_tag","embeddable":true,"href":"https:\/\/www.interaccionnoticias.com.mx\/index.php?rest_route=%2Fwp%2Fv2%2Ftags&post=96752"}],"curies":[{"name":"wp","href":"https:\/\/api.w.org\/{rel}","templated":true}]}}