{"id":96652,"date":"2025-10-15T18:42:00","date_gmt":"2025-10-16T00:42:00","guid":{"rendered":"https:\/\/www.interaccionnoticias.com.mx\/?p=96652"},"modified":"2025-10-15T21:39:43","modified_gmt":"2025-10-16T03:39:43","slug":"pide-congreso-local-al-gobierno-federal-aplicar-protocolos-en-la-autopista-del-sol-ante-bloqueos","status":"publish","type":"post","link":"https:\/\/www.interaccionnoticias.com.mx\/?p=96652","title":{"rendered":"Pide Congreso Local al gobierno federal aplicar protocolos en la Autopista del Sol ante bloqueos"},"content":{"rendered":"\n<p><strong><em>&#8212; La propuesta fue realizada por la legisladora Erika Lurs, y en la sesi\u00f3n de este d\u00eda fundamento el exhorto la diputada Pilar Vadillo<br>&#8212; Tres diputados de Morena votaron en contra y dos del mismo partido se abstuvieron<\/em><\/strong><\/p>\n\n\n\n<p><strong>Rosario Garc\u00eda Orozco<\/strong><\/p>\n\n\n\n<p>El Congreso Local aprob\u00f3 exhortar al gobierno federal a aplicar protocolos ante bloqueos o manifestaciones en la carretera federal 95D, conocida como Autopista del Sol que comunica a la Ciudad de M\u00e9xico con el puerto de Acapulco, y que de manera constante se registran en distintos puntos de esa v\u00eda.<\/p>\n\n\n\n<p>El exhorto fue aprobado con 28 votos a favor, 3 en contra y dos abstenciones, de tal manera que por mayor\u00eda de votos el Pleno del Congreso Local aval\u00f3 la propuesta a trav\u00e9s de la cual se pide a la Secretar\u00eda de Infraestructura, Comunicaciones y Transportes (SICT) y a Caminos y Puentes Federales de Ingresos se apliquen protocolos durante manifestaciones y bloqueos a esa vialidad de cuota, para afectar de menor manera a los usuarios.<\/p>\n\n\n\n<p>Dicha propuesta fue presentada en mayo pasado por la diputada de Movimiento Ciudadano, Erika Lorena L\u00fchrs Cort\u00e9s al considerar que las afectaciones por las movilizaciones ocasionan retrasos de la movilidad de las personas, de pacientes con urgencias m\u00e9dicas y p\u00e9rdidas econ\u00f3micas.<\/p>\n\n\n\n<p>Durante la sesi\u00f3n de este miercoles, el exhorto fue fundamentado por la presidenta de la Comisi\u00f3n de Seguridad P\u00fablica, Ma. del Pilar Vadillo Ruiz, quien se\u00f1al\u00f3 que los bloqueos y cortes a la circulaci\u00f3n en la Autopista del Sol, causados por marchas, manifestaciones o protestas p\u00fablicas de ciudadanos y organizaciones generan afectaciones a quienes transitan por esa v\u00eda de cuota.<\/p>\n\n\n\n<p>Dej\u00f3 claro que se respeta el derecho a la expresi\u00f3n y libre manifestaci\u00f3n, pero considero que deben establecerse l\u00edmites \u201cclaros\u201d, sobre todo cuando se pone en riesgo la seguridad de terceros y se transgrede \u201cel estado de derecho, y es ah\u00ed donde las autoridades deben asumir su responsabilidad\u201d.<\/p>\n\n\n\n<p>En tanto, Erika Lorena L\u00fchrs Cortes, diputada promovente de ese exhorto, al razonar su voto, hizo un llamado \u201cexigente y firme\u201d a las dependencias federales correspondientes ante los bloqueos y cortes en la Autopista del Sol.<\/p>\n\n\n\n<p>Consider\u00f3 que se debe respetar el derecho al libre tr\u00e1nsito, que hay afectaciones econ\u00f3micas a distribuidores de productos perecederos, que hay temas de salud que deben ser atendidos y que en un bloqueo puede ponerse en riesgo la vida de una o varias personas.<\/p>\n\n\n\n<p>La propuesta fue votada en contra por los diputados morenistas Pablo Am\u00edlcar Sandoval, Marisol Baz\u00e1n Fern\u00e1ndez y Diana Bernab\u00e9, todos de Morena; mientras que se abstuvieron los legisladores Carlos Eduardo Bello Solano y Ana Lilia Botello Figueroa, tambi\u00e9n del mismo partido.<\/p>\n\n\n\n<figure class=\"wp-block-gallery has-nested-images columns-default is-cropped wp-block-gallery-1 is-layout-flex wp-block-gallery-is-layout-flex\">\n<figure class=\"wp-block-image size-large\"><img decoding=\"async\" src=\"data:image\/gif;base64,R0lGODlhAQABAIAAAAAAAP\/\/\/ywAAAAAAQABAAACAUwAOw==\" fifu-lazy=\"1\" fifu-data-sizes=\"auto\" fifu-data-srcset=\"https:\/\/i2.wp.com\/www.interaccionnoticias.com.mx\/wp-content\/uploads\/2025\/10\/251015-Congreso-Local.jpg?ssl=1&w=75&resize=75&ssl=1 75w, https:\/\/i2.wp.com\/www.interaccionnoticias.com.mx\/wp-content\/uploads\/2025\/10\/251015-Congreso-Local.jpg?ssl=1&w=100&resize=100&ssl=1 100w, https:\/\/i2.wp.com\/www.interaccionnoticias.com.mx\/wp-content\/uploads\/2025\/10\/251015-Congreso-Local.jpg?ssl=1&w=150&resize=150&ssl=1 150w, https:\/\/i2.wp.com\/www.interaccionnoticias.com.mx\/wp-content\/uploads\/2025\/10\/251015-Congreso-Local.jpg?ssl=1&w=240&resize=240&ssl=1 240w, https:\/\/i2.wp.com\/www.interaccionnoticias.com.mx\/wp-content\/uploads\/2025\/10\/251015-Congreso-Local.jpg?ssl=1&w=320&resize=320&ssl=1 320w, https:\/\/i2.wp.com\/www.interaccionnoticias.com.mx\/wp-content\/uploads\/2025\/10\/251015-Congreso-Local.jpg?ssl=1&w=500&resize=500&ssl=1 500w, https:\/\/i2.wp.com\/www.interaccionnoticias.com.mx\/wp-content\/uploads\/2025\/10\/251015-Congreso-Local.jpg?ssl=1&w=640&resize=640&ssl=1 640w, https:\/\/i2.wp.com\/www.interaccionnoticias.com.mx\/wp-content\/uploads\/2025\/10\/251015-Congreso-Local.jpg?ssl=1&w=800&resize=800&ssl=1 800w, https:\/\/i2.wp.com\/www.interaccionnoticias.com.mx\/wp-content\/uploads\/2025\/10\/251015-Congreso-Local.jpg?ssl=1&w=1024&resize=1024&ssl=1 1024w, https:\/\/i2.wp.com\/www.interaccionnoticias.com.mx\/wp-content\/uploads\/2025\/10\/251015-Congreso-Local.jpg?ssl=1&w=1280&resize=1280&ssl=1 1280w, https:\/\/i2.wp.com\/www.interaccionnoticias.com.mx\/wp-content\/uploads\/2025\/10\/251015-Congreso-Local.jpg?ssl=1&w=1600&resize=1600&ssl=1 1600w\" data-id=\"96654\" fifu-data-src=\"https:\/\/i2.wp.com\/www.interaccionnoticias.com.mx\/wp-content\/uploads\/2025\/10\/251015-Congreso-Local.jpg?ssl=1\" alt=\"\" class=\"wp-image-96654\"\/><\/figure>\n\n\n\n<figure class=\"wp-block-image size-large\"><img decoding=\"async\" src=\"data:image\/gif;base64,R0lGODlhAQABAIAAAAAAAP\/\/\/ywAAAAAAQABAAACAUwAOw==\" fifu-lazy=\"1\" fifu-data-sizes=\"auto\" fifu-data-srcset=\"https:\/\/i1.wp.com\/www.interaccionnoticias.com.mx\/wp-content\/uploads\/2025\/10\/251015-Erika-Lorena-Luhrs-Cortes.jpg?ssl=1&w=75&resize=75&ssl=1 75w, https:\/\/i1.wp.com\/www.interaccionnoticias.com.mx\/wp-content\/uploads\/2025\/10\/251015-Erika-Lorena-Luhrs-Cortes.jpg?ssl=1&w=100&resize=100&ssl=1 100w, https:\/\/i1.wp.com\/www.interaccionnoticias.com.mx\/wp-content\/uploads\/2025\/10\/251015-Erika-Lorena-Luhrs-Cortes.jpg?ssl=1&w=150&resize=150&ssl=1 150w, https:\/\/i1.wp.com\/www.interaccionnoticias.com.mx\/wp-content\/uploads\/2025\/10\/251015-Erika-Lorena-Luhrs-Cortes.jpg?ssl=1&w=240&resize=240&ssl=1 240w, https:\/\/i1.wp.com\/www.interaccionnoticias.com.mx\/wp-content\/uploads\/2025\/10\/251015-Erika-Lorena-Luhrs-Cortes.jpg?ssl=1&w=320&resize=320&ssl=1 320w, https:\/\/i1.wp.com\/www.interaccionnoticias.com.mx\/wp-content\/uploads\/2025\/10\/251015-Erika-Lorena-Luhrs-Cortes.jpg?ssl=1&w=500&resize=500&ssl=1 500w, https:\/\/i1.wp.com\/www.interaccionnoticias.com.mx\/wp-content\/uploads\/2025\/10\/251015-Erika-Lorena-Luhrs-Cortes.jpg?ssl=1&w=640&resize=640&ssl=1 640w, https:\/\/i1.wp.com\/www.interaccionnoticias.com.mx\/wp-content\/uploads\/2025\/10\/251015-Erika-Lorena-Luhrs-Cortes.jpg?ssl=1&w=800&resize=800&ssl=1 800w, https:\/\/i1.wp.com\/www.interaccionnoticias.com.mx\/wp-content\/uploads\/2025\/10\/251015-Erika-Lorena-Luhrs-Cortes.jpg?ssl=1&w=1024&resize=1024&ssl=1 1024w, https:\/\/i1.wp.com\/www.interaccionnoticias.com.mx\/wp-content\/uploads\/2025\/10\/251015-Erika-Lorena-Luhrs-Cortes.jpg?ssl=1&w=1280&resize=1280&ssl=1 1280w, https:\/\/i1.wp.com\/www.interaccionnoticias.com.mx\/wp-content\/uploads\/2025\/10\/251015-Erika-Lorena-Luhrs-Cortes.jpg?ssl=1&w=1600&resize=1600&ssl=1 1600w\" data-id=\"96653\" fifu-data-src=\"https:\/\/i1.wp.com\/www.interaccionnoticias.com.mx\/wp-content\/uploads\/2025\/10\/251015-Erika-Lorena-Luhrs-Cortes.jpg?ssl=1\" alt=\"\" class=\"wp-image-96653\"\/><\/figure>\n<\/figure>\n","protected":false},"excerpt":{"rendered":"<p>&#8212; La propuesta fue realizada por la legisladora Erika Lurs, y en la sesi\u00f3n de este d\u00eda fundamento el exhorto la diputada Pilar Vadillo&#8212; Tres diputados de Morena votaron en&hellip; <\/p>\n","protected":false},"author":14,"featured_media":96656,"comment_status":"open","ping_status":"open","sticky":false,"template":"","format":"standard","meta":{"fifu_image_url":"https:\/\/www.interaccionnoticias.com.mx\/wp-content\/uploads\/2025\/10\/251015-Erika-Lorena-Luhrs-Cortes.jpg","fifu_image_alt":"","footnotes":""},"categories":[2],"tags":[],"class_list":["post-96652","post","type-post","status-publish","format-standard","has-post-thumbnail","hentry","category-congreso"],"_links":{"self":[{"href":"https:\/\/www.interaccionnoticias.com.mx\/index.php?rest_route=\/wp\/v2\/posts\/96652","targetHints":{"allow":["GET"]}}],"collection":[{"href":"https:\/\/www.interaccionnoticias.com.mx\/index.php?rest_route=\/wp\/v2\/posts"}],"about":[{"href":"https:\/\/www.interaccionnoticias.com.mx\/index.php?rest_route=\/wp\/v2\/types\/post"}],"author":[{"embeddable":true,"href":"https:\/\/www.interaccionnoticias.com.mx\/index.php?rest_route=\/wp\/v2\/users\/14"}],"replies":[{"embeddable":true,"href":"https:\/\/www.interaccionnoticias.com.mx\/index.php?rest_route=%2Fwp%2Fv2%2Fcomments&post=96652"}],"version-history":[{"count":1,"href":"https:\/\/www.interaccionnoticias.com.mx\/index.php?rest_route=\/wp\/v2\/posts\/96652\/revisions"}],"predecessor-version":[{"id":96655,"href":"https:\/\/www.interaccionnoticias.com.mx\/index.php?rest_route=\/wp\/v2\/posts\/96652\/revisions\/96655"}],"wp:featuredmedia":[{"embeddable":true,"href":"https:\/\/www.interaccionnoticias.com.mx\/index.php?rest_route=\/wp\/v2\/media\/96656"}],"wp:attachment":[{"href":"https:\/\/www.interaccionnoticias.com.mx\/index.php?rest_route=%2Fwp%2Fv2%2Fmedia&parent=96652"}],"wp:term":[{"taxonomy":"category","embeddable":true,"href":"https:\/\/www.interaccionnoticias.com.mx\/index.php?rest_route=%2Fwp%2Fv2%2Fcategories&post=96652"},{"taxonomy":"post_tag","embeddable":true,"href":"https:\/\/www.interaccionnoticias.com.mx\/index.php?rest_route=%2Fwp%2Fv2%2Ftags&post=96652"}],"curies":[{"name":"wp","href":"https:\/\/api.w.org\/{rel}","templated":true}]}}