{"id":96648,"date":"2025-10-15T14:18:00","date_gmt":"2025-10-15T20:18:00","guid":{"rendered":"https:\/\/www.interaccionnoticias.com.mx\/?p=96648"},"modified":"2025-10-15T20:12:33","modified_gmt":"2025-10-16T02:12:33","slug":"inicia-el-registro-de-aspirantes-a-la-dirigencia-estatal-del-suspeg","status":"publish","type":"post","link":"https:\/\/www.interaccionnoticias.com.mx\/?p=96648","title":{"rendered":"Inicia el registro de aspirantes a la dirigencia estatal del SUSPEG"},"content":{"rendered":"\n<p><strong><em>&#8212; Este mi\u00e9rcoles se registr\u00f3 Javier Vel\u00e1zquez Pat<\/em><\/strong><\/p>\n\n\n\n<p><strong>Rosario Garc\u00eda Orozco<\/strong><\/p>\n\n\n\n<p>Este mi\u00e9rcoles inici\u00f3 el proceso de campa\u00f1a para la renovaci\u00f3n de la dirigencia estatal del Sindicato \u00danico de Servidores P\u00fablicos al Servicio del Estado (SUSPEG), con el registro de los aspirantes.<\/p>\n\n\n\n<p>El primero en registrarse fue Javier del Carmen Vel\u00e1squez Pat, quien se reuni\u00f3 con sus seguidores en la Alameda Granados Maldonado de esta ciudad.<\/p>\n\n\n\n<p>De ah\u00ed partieron en marcha hasta las instalaciones del SUSPEG, ubicadas en el barrio de San Mateo, para registrar la planilla Verde que encabeza, quien dijo contar con el respaldo de la mayor\u00eda de los secretarios generales de las secciones.<\/p>\n\n\n\n<p>Previo a su registro, mencion\u00f3 que tiene 31 a\u00f1os de servicio y que a lo largo de su vida laboral y sindical ha acumulado la suficiente experiencia para dirigir al sindicato de borucratas del estado con el respaldo de m\u00e1s de 7 mil agremiados, \u201cva a ser hist\u00f3rico nadie jam\u00e1s en la historia del SUSPEG, ha logrado tanta unidad a trav\u00e9s del SUSPEG, nos apoyan 70 secretarios generales de todo el estado de los 75 secretarios que tiene el SUSPEG en Guerrero\u201d.<\/p>\n\n\n\n<p>Confi\u00f3 en el proceso electoral que inicia este mi\u00e9rcoles para la renovaci\u00f3n de la dirigencia estatal del Sindicato burocr\u00e1tico m\u00e1s importante de la entidad, \u00ablas condiciones est\u00e1n dadas porque es una fiesta democr\u00e1tica que finalmente va en la representaci\u00f3n del comit\u00e9 central ejecutivo para los suspegistas\u201d.<\/p>\n\n\n\n<p>Enumer\u00f3 algunas propuestas sindicales como el seguimiento a la propuesta legislativa que hizo el SUSPEG, para garantizar las pensiones y jubilaciones de los trabajadores que cotizan en el ISSSPEG y que de manera recurrente tienen que protestar para exigir el pago de sus mensualidades.<\/p>\n\n\n\n<p>Esa propuesta hecha por la actual dirigencia, establece que que deben retenerse a los ayuntamientos deudores los recursos que son retenidos a los trabajadores, por concepto de prestaciones y cuotas patronales, pero que no llegan a las arcas del SUSPEG y al momento ya superan mil millones de pesos.<\/p>\n\n\n\n<p>\u201cYa esta una propuesta a la Ley 912 y tenemos que impulsarla, tenemos que, no es un acto de justicia, yo digo que es un acto humano, de que finalmente nuestros compa\u00f1eros jubilados tengan su mensualidad puntualmente y que finalmente no andemos con esos problema, los recursos del ISSSPEG vamos a defenderlos con todo\u201d, enfatiz\u00f3 el ahora candidato a dirigente estatal del SUSPEG.<\/p>\n\n\n\n<p>Otra de las propuestas, dijo, es el descongelamiento de las plazas de maestros estatales que actualmente est\u00e1n \u201ccongeladas, ya indagamos jur\u00eddicamente ante el UESICAM que es el \u00f3rgano institucionalmente responsable de esa actividad desde la federaci\u00f3n, las plazas estatales si pueden ser concursadas bajo un esquema \u00e9tico, moral, de ley para que se puedan concursar esas plazas\u201d.<\/p>\n\n\n\n<p>Sostuvo que ese proceso ayudar\u00e1 al magisterio estatal, as\u00ed como al saneamiento de las finanzas de la organizaci\u00f3n que pretende dirigir.<\/p>\n","protected":false},"excerpt":{"rendered":"<p>&#8212; Este mi\u00e9rcoles se registr\u00f3 Javier Vel\u00e1zquez Pat Rosario Garc\u00eda Orozco Este mi\u00e9rcoles inici\u00f3 el proceso de campa\u00f1a para la renovaci\u00f3n de la dirigencia estatal del Sindicato \u00danico de Servidores&hellip; <\/p>\n","protected":false},"author":14,"featured_media":96651,"comment_status":"open","ping_status":"open","sticky":false,"template":"","format":"standard","meta":{"fifu_image_url":"https:\/\/www.interaccionnoticias.com.mx\/wp-content\/uploads\/2025\/10\/251015-SUSPEG.jpg","fifu_image_alt":"","footnotes":""},"categories":[11],"tags":[],"class_list":["post-96648","post","type-post","status-publish","format-standard","has-post-thumbnail","hentry","category-guerrero"],"_links":{"self":[{"href":"https:\/\/www.interaccionnoticias.com.mx\/index.php?rest_route=\/wp\/v2\/posts\/96648","targetHints":{"allow":["GET"]}}],"collection":[{"href":"https:\/\/www.interaccionnoticias.com.mx\/index.php?rest_route=\/wp\/v2\/posts"}],"about":[{"href":"https:\/\/www.interaccionnoticias.com.mx\/index.php?rest_route=\/wp\/v2\/types\/post"}],"author":[{"embeddable":true,"href":"https:\/\/www.interaccionnoticias.com.mx\/index.php?rest_route=\/wp\/v2\/users\/14"}],"replies":[{"embeddable":true,"href":"https:\/\/www.interaccionnoticias.com.mx\/index.php?rest_route=%2Fwp%2Fv2%2Fcomments&post=96648"}],"version-history":[{"count":1,"href":"https:\/\/www.interaccionnoticias.com.mx\/index.php?rest_route=\/wp\/v2\/posts\/96648\/revisions"}],"predecessor-version":[{"id":96650,"href":"https:\/\/www.interaccionnoticias.com.mx\/index.php?rest_route=\/wp\/v2\/posts\/96648\/revisions\/96650"}],"wp:featuredmedia":[{"embeddable":true,"href":"https:\/\/www.interaccionnoticias.com.mx\/index.php?rest_route=\/wp\/v2\/media\/96651"}],"wp:attachment":[{"href":"https:\/\/www.interaccionnoticias.com.mx\/index.php?rest_route=%2Fwp%2Fv2%2Fmedia&parent=96648"}],"wp:term":[{"taxonomy":"category","embeddable":true,"href":"https:\/\/www.interaccionnoticias.com.mx\/index.php?rest_route=%2Fwp%2Fv2%2Fcategories&post=96648"},{"taxonomy":"post_tag","embeddable":true,"href":"https:\/\/www.interaccionnoticias.com.mx\/index.php?rest_route=%2Fwp%2Fv2%2Ftags&post=96648"}],"curies":[{"name":"wp","href":"https:\/\/api.w.org\/{rel}","templated":true}]}}