{"id":96634,"date":"2025-10-15T15:23:00","date_gmt":"2025-10-15T21:23:00","guid":{"rendered":"https:\/\/www.interaccionnoticias.com.mx\/?p=96634"},"modified":"2025-10-15T20:00:49","modified_gmt":"2025-10-16T02:00:49","slug":"liberan-a-ex-consejero-de-la-crac-pc-estaba-acusado-de-secuestro","status":"publish","type":"post","link":"https:\/\/www.interaccionnoticias.com.mx\/?p=96634","title":{"rendered":"Liberan a ex consejero de la CRAC-PC, estaba acusado de secuestro"},"content":{"rendered":"\n<p><strong><em>&#8212; La FGE no acredit\u00f3 el delito<br>&#8212; La liberaci\u00f3n, tras cuatro horas de bloqueo en la Autopista del Sol<\/em><\/strong><\/p>\n\n\n\n<p><strong>Jes\u00fas Dorantes<\/strong><\/p>\n\n\n\n<p>Alrededor de las 15:00 horas de este mi\u00e9rcoles, Jaime Morales Castro, ex comisario de Coapinola y ex consejero de la Casa de Justicia del Para\u00edso, municipio de Ayutla de los Libres fue liberado y sali\u00f3 del Centro de Reinserci\u00f3n Social (CERESO) de Tlapa, donde pas\u00f3 casi una semana acusado de secuestro.<\/p>\n\n\n\n<p>Los abogados del Centro de Derechos Humanos de la Monta\u00f1a (CDHM) confirmaron que a Morales Castro no se le acredit\u00f3 el delito de secuestro, el cual se le imputaba en una carpeta de investigaci\u00f3n desde el a\u00f1o 2013.<\/p>\n\n\n\n<p>Los representantes de la Coordinadora Regional de Autoridades Comunitarias (CRAC) que este 15 de octubre se movilizaron hacia Chilpancingo para bloquear la Autopista del Sol, confirmaron que antes de las 15:00 horas, se hab\u00eda confirmado la liberaci\u00f3n de su compa\u00f1ero, con el que realizaron una video llamada cuando sal\u00eda del penal de Tlapa.<\/p>\n\n\n\n<p>Dijeron que el hecho de que se le haya liberado al no acreditar el delito, es una muestra de que en Guerrero se criminaliza a la polic\u00eda comunitaria.<\/p>\n\n\n\n<p>Sin embargo, el subsecretario de Desarrollo Pol\u00edtico, Francisco Rodr\u00edguez Cisneros en su momento desmarc\u00f3 a la administraci\u00f3n actual, ya que la carpeta de investigaci\u00f3n por la que se le capturo data desde 2013, cuando la el gobierno actual entr\u00f3 en funciones en 2021, casi ocho a\u00f1os despu\u00e9s.<\/p>\n\n\n\n<figure class=\"wp-block-gallery has-nested-images columns-default is-cropped wp-block-gallery-1 is-layout-flex wp-block-gallery-is-layout-flex\">\n<figure class=\"wp-block-image size-large\"><img decoding=\"async\" src=\"data:image\/gif;base64,R0lGODlhAQABAIAAAAAAAP\/\/\/ywAAAAAAQABAAACAUwAOw==\" fifu-lazy=\"1\" fifu-data-sizes=\"auto\" fifu-data-srcset=\"https:\/\/i2.wp.com\/www.interaccionnoticias.com.mx\/wp-content\/uploads\/2025\/10\/251015-Liberan-a-ex-consejero-CRAC-PC-6.jpg?ssl=1&w=75&resize=75&ssl=1 75w, https:\/\/i2.wp.com\/www.interaccionnoticias.com.mx\/wp-content\/uploads\/2025\/10\/251015-Liberan-a-ex-consejero-CRAC-PC-6.jpg?ssl=1&w=100&resize=100&ssl=1 100w, https:\/\/i2.wp.com\/www.interaccionnoticias.com.mx\/wp-content\/uploads\/2025\/10\/251015-Liberan-a-ex-consejero-CRAC-PC-6.jpg?ssl=1&w=150&resize=150&ssl=1 150w, https:\/\/i2.wp.com\/www.interaccionnoticias.com.mx\/wp-content\/uploads\/2025\/10\/251015-Liberan-a-ex-consejero-CRAC-PC-6.jpg?ssl=1&w=240&resize=240&ssl=1 240w, https:\/\/i2.wp.com\/www.interaccionnoticias.com.mx\/wp-content\/uploads\/2025\/10\/251015-Liberan-a-ex-consejero-CRAC-PC-6.jpg?ssl=1&w=320&resize=320&ssl=1 320w, https:\/\/i2.wp.com\/www.interaccionnoticias.com.mx\/wp-content\/uploads\/2025\/10\/251015-Liberan-a-ex-consejero-CRAC-PC-6.jpg?ssl=1&w=500&resize=500&ssl=1 500w, https:\/\/i2.wp.com\/www.interaccionnoticias.com.mx\/wp-content\/uploads\/2025\/10\/251015-Liberan-a-ex-consejero-CRAC-PC-6.jpg?ssl=1&w=640&resize=640&ssl=1 640w, https:\/\/i2.wp.com\/www.interaccionnoticias.com.mx\/wp-content\/uploads\/2025\/10\/251015-Liberan-a-ex-consejero-CRAC-PC-6.jpg?ssl=1&w=800&resize=800&ssl=1 800w, https:\/\/i2.wp.com\/www.interaccionnoticias.com.mx\/wp-content\/uploads\/2025\/10\/251015-Liberan-a-ex-consejero-CRAC-PC-6.jpg?ssl=1&w=1024&resize=1024&ssl=1 1024w, https:\/\/i2.wp.com\/www.interaccionnoticias.com.mx\/wp-content\/uploads\/2025\/10\/251015-Liberan-a-ex-consejero-CRAC-PC-6.jpg?ssl=1&w=1280&resize=1280&ssl=1 1280w, https:\/\/i2.wp.com\/www.interaccionnoticias.com.mx\/wp-content\/uploads\/2025\/10\/251015-Liberan-a-ex-consejero-CRAC-PC-6.jpg?ssl=1&w=1600&resize=1600&ssl=1 1600w\" data-id=\"96635\" fifu-data-src=\"https:\/\/i2.wp.com\/www.interaccionnoticias.com.mx\/wp-content\/uploads\/2025\/10\/251015-Liberan-a-ex-consejero-CRAC-PC-6.jpg?ssl=1\" alt=\"\" class=\"wp-image-96635\"\/><\/figure>\n\n\n\n<figure class=\"wp-block-image size-large\"><img decoding=\"async\" src=\"data:image\/gif;base64,R0lGODlhAQABAIAAAAAAAP\/\/\/ywAAAAAAQABAAACAUwAOw==\" fifu-lazy=\"1\" fifu-data-sizes=\"auto\" fifu-data-srcset=\"https:\/\/i2.wp.com\/www.interaccionnoticias.com.mx\/wp-content\/uploads\/2025\/10\/251015-Liberan-a-ex-consejero-CRAC-PC-7.jpg?ssl=1&w=75&resize=75&ssl=1 75w, https:\/\/i2.wp.com\/www.interaccionnoticias.com.mx\/wp-content\/uploads\/2025\/10\/251015-Liberan-a-ex-consejero-CRAC-PC-7.jpg?ssl=1&w=100&resize=100&ssl=1 100w, https:\/\/i2.wp.com\/www.interaccionnoticias.com.mx\/wp-content\/uploads\/2025\/10\/251015-Liberan-a-ex-consejero-CRAC-PC-7.jpg?ssl=1&w=150&resize=150&ssl=1 150w, https:\/\/i2.wp.com\/www.interaccionnoticias.com.mx\/wp-content\/uploads\/2025\/10\/251015-Liberan-a-ex-consejero-CRAC-PC-7.jpg?ssl=1&w=240&resize=240&ssl=1 240w, https:\/\/i2.wp.com\/www.interaccionnoticias.com.mx\/wp-content\/uploads\/2025\/10\/251015-Liberan-a-ex-consejero-CRAC-PC-7.jpg?ssl=1&w=320&resize=320&ssl=1 320w, https:\/\/i2.wp.com\/www.interaccionnoticias.com.mx\/wp-content\/uploads\/2025\/10\/251015-Liberan-a-ex-consejero-CRAC-PC-7.jpg?ssl=1&w=500&resize=500&ssl=1 500w, https:\/\/i2.wp.com\/www.interaccionnoticias.com.mx\/wp-content\/uploads\/2025\/10\/251015-Liberan-a-ex-consejero-CRAC-PC-7.jpg?ssl=1&w=640&resize=640&ssl=1 640w, https:\/\/i2.wp.com\/www.interaccionnoticias.com.mx\/wp-content\/uploads\/2025\/10\/251015-Liberan-a-ex-consejero-CRAC-PC-7.jpg?ssl=1&w=800&resize=800&ssl=1 800w, https:\/\/i2.wp.com\/www.interaccionnoticias.com.mx\/wp-content\/uploads\/2025\/10\/251015-Liberan-a-ex-consejero-CRAC-PC-7.jpg?ssl=1&w=1024&resize=1024&ssl=1 1024w, https:\/\/i2.wp.com\/www.interaccionnoticias.com.mx\/wp-content\/uploads\/2025\/10\/251015-Liberan-a-ex-consejero-CRAC-PC-7.jpg?ssl=1&w=1280&resize=1280&ssl=1 1280w, https:\/\/i2.wp.com\/www.interaccionnoticias.com.mx\/wp-content\/uploads\/2025\/10\/251015-Liberan-a-ex-consejero-CRAC-PC-7.jpg?ssl=1&w=1600&resize=1600&ssl=1 1600w\" data-id=\"96638\" fifu-data-src=\"https:\/\/i2.wp.com\/www.interaccionnoticias.com.mx\/wp-content\/uploads\/2025\/10\/251015-Liberan-a-ex-consejero-CRAC-PC-7.jpg?ssl=1\" alt=\"\" class=\"wp-image-96638\"\/><\/figure>\n\n\n\n<figure class=\"wp-block-image size-large\"><img decoding=\"async\" src=\"data:image\/gif;base64,R0lGODlhAQABAIAAAAAAAP\/\/\/ywAAAAAAQABAAACAUwAOw==\" fifu-lazy=\"1\" fifu-data-sizes=\"auto\" fifu-data-srcset=\"https:\/\/i3.wp.com\/www.interaccionnoticias.com.mx\/wp-content\/uploads\/2025\/10\/251015-Liberan-a-ex-consejero-CRAC-PC-8.jpg?ssl=1&w=75&resize=75&ssl=1 75w, https:\/\/i3.wp.com\/www.interaccionnoticias.com.mx\/wp-content\/uploads\/2025\/10\/251015-Liberan-a-ex-consejero-CRAC-PC-8.jpg?ssl=1&w=100&resize=100&ssl=1 100w, https:\/\/i3.wp.com\/www.interaccionnoticias.com.mx\/wp-content\/uploads\/2025\/10\/251015-Liberan-a-ex-consejero-CRAC-PC-8.jpg?ssl=1&w=150&resize=150&ssl=1 150w, https:\/\/i3.wp.com\/www.interaccionnoticias.com.mx\/wp-content\/uploads\/2025\/10\/251015-Liberan-a-ex-consejero-CRAC-PC-8.jpg?ssl=1&w=240&resize=240&ssl=1 240w, https:\/\/i3.wp.com\/www.interaccionnoticias.com.mx\/wp-content\/uploads\/2025\/10\/251015-Liberan-a-ex-consejero-CRAC-PC-8.jpg?ssl=1&w=320&resize=320&ssl=1 320w, https:\/\/i3.wp.com\/www.interaccionnoticias.com.mx\/wp-content\/uploads\/2025\/10\/251015-Liberan-a-ex-consejero-CRAC-PC-8.jpg?ssl=1&w=500&resize=500&ssl=1 500w, https:\/\/i3.wp.com\/www.interaccionnoticias.com.mx\/wp-content\/uploads\/2025\/10\/251015-Liberan-a-ex-consejero-CRAC-PC-8.jpg?ssl=1&w=640&resize=640&ssl=1 640w, https:\/\/i3.wp.com\/www.interaccionnoticias.com.mx\/wp-content\/uploads\/2025\/10\/251015-Liberan-a-ex-consejero-CRAC-PC-8.jpg?ssl=1&w=800&resize=800&ssl=1 800w, https:\/\/i3.wp.com\/www.interaccionnoticias.com.mx\/wp-content\/uploads\/2025\/10\/251015-Liberan-a-ex-consejero-CRAC-PC-8.jpg?ssl=1&w=1024&resize=1024&ssl=1 1024w, https:\/\/i3.wp.com\/www.interaccionnoticias.com.mx\/wp-content\/uploads\/2025\/10\/251015-Liberan-a-ex-consejero-CRAC-PC-8.jpg?ssl=1&w=1280&resize=1280&ssl=1 1280w, https:\/\/i3.wp.com\/www.interaccionnoticias.com.mx\/wp-content\/uploads\/2025\/10\/251015-Liberan-a-ex-consejero-CRAC-PC-8.jpg?ssl=1&w=1600&resize=1600&ssl=1 1600w\" data-id=\"96637\" fifu-data-src=\"https:\/\/i3.wp.com\/www.interaccionnoticias.com.mx\/wp-content\/uploads\/2025\/10\/251015-Liberan-a-ex-consejero-CRAC-PC-8.jpg?ssl=1\" alt=\"\" class=\"wp-image-96637\"\/><\/figure>\n\n\n\n<figure class=\"wp-block-image size-large\"><img decoding=\"async\" src=\"data:image\/gif;base64,R0lGODlhAQABAIAAAAAAAP\/\/\/ywAAAAAAQABAAACAUwAOw==\" fifu-lazy=\"1\" fifu-data-sizes=\"auto\" fifu-data-srcset=\"https:\/\/i2.wp.com\/www.interaccionnoticias.com.mx\/wp-content\/uploads\/2025\/10\/251015-Liberan-a-ex-consejero-CRAC-PC-4.jpg?ssl=1&w=75&resize=75&ssl=1 75w, https:\/\/i2.wp.com\/www.interaccionnoticias.com.mx\/wp-content\/uploads\/2025\/10\/251015-Liberan-a-ex-consejero-CRAC-PC-4.jpg?ssl=1&w=100&resize=100&ssl=1 100w, https:\/\/i2.wp.com\/www.interaccionnoticias.com.mx\/wp-content\/uploads\/2025\/10\/251015-Liberan-a-ex-consejero-CRAC-PC-4.jpg?ssl=1&w=150&resize=150&ssl=1 150w, https:\/\/i2.wp.com\/www.interaccionnoticias.com.mx\/wp-content\/uploads\/2025\/10\/251015-Liberan-a-ex-consejero-CRAC-PC-4.jpg?ssl=1&w=240&resize=240&ssl=1 240w, https:\/\/i2.wp.com\/www.interaccionnoticias.com.mx\/wp-content\/uploads\/2025\/10\/251015-Liberan-a-ex-consejero-CRAC-PC-4.jpg?ssl=1&w=320&resize=320&ssl=1 320w, https:\/\/i2.wp.com\/www.interaccionnoticias.com.mx\/wp-content\/uploads\/2025\/10\/251015-Liberan-a-ex-consejero-CRAC-PC-4.jpg?ssl=1&w=500&resize=500&ssl=1 500w, https:\/\/i2.wp.com\/www.interaccionnoticias.com.mx\/wp-content\/uploads\/2025\/10\/251015-Liberan-a-ex-consejero-CRAC-PC-4.jpg?ssl=1&w=640&resize=640&ssl=1 640w, https:\/\/i2.wp.com\/www.interaccionnoticias.com.mx\/wp-content\/uploads\/2025\/10\/251015-Liberan-a-ex-consejero-CRAC-PC-4.jpg?ssl=1&w=800&resize=800&ssl=1 800w, https:\/\/i2.wp.com\/www.interaccionnoticias.com.mx\/wp-content\/uploads\/2025\/10\/251015-Liberan-a-ex-consejero-CRAC-PC-4.jpg?ssl=1&w=1024&resize=1024&ssl=1 1024w, https:\/\/i2.wp.com\/www.interaccionnoticias.com.mx\/wp-content\/uploads\/2025\/10\/251015-Liberan-a-ex-consejero-CRAC-PC-4.jpg?ssl=1&w=1280&resize=1280&ssl=1 1280w, https:\/\/i2.wp.com\/www.interaccionnoticias.com.mx\/wp-content\/uploads\/2025\/10\/251015-Liberan-a-ex-consejero-CRAC-PC-4.jpg?ssl=1&w=1600&resize=1600&ssl=1 1600w\" data-id=\"96639\" fifu-data-src=\"https:\/\/i2.wp.com\/www.interaccionnoticias.com.mx\/wp-content\/uploads\/2025\/10\/251015-Liberan-a-ex-consejero-CRAC-PC-4.jpg?ssl=1\" alt=\"\" class=\"wp-image-96639\"\/><\/figure>\n\n\n\n<figure class=\"wp-block-image size-large\"><img decoding=\"async\" src=\"data:image\/gif;base64,R0lGODlhAQABAIAAAAAAAP\/\/\/ywAAAAAAQABAAACAUwAOw==\" fifu-lazy=\"1\" fifu-data-sizes=\"auto\" fifu-data-srcset=\"https:\/\/i2.wp.com\/www.interaccionnoticias.com.mx\/wp-content\/uploads\/2025\/10\/251015-Liberan-a-ex-consejero-CRAC-PC-5.jpg?ssl=1&w=75&resize=75&ssl=1 75w, https:\/\/i2.wp.com\/www.interaccionnoticias.com.mx\/wp-content\/uploads\/2025\/10\/251015-Liberan-a-ex-consejero-CRAC-PC-5.jpg?ssl=1&w=100&resize=100&ssl=1 100w, https:\/\/i2.wp.com\/www.interaccionnoticias.com.mx\/wp-content\/uploads\/2025\/10\/251015-Liberan-a-ex-consejero-CRAC-PC-5.jpg?ssl=1&w=150&resize=150&ssl=1 150w, https:\/\/i2.wp.com\/www.interaccionnoticias.com.mx\/wp-content\/uploads\/2025\/10\/251015-Liberan-a-ex-consejero-CRAC-PC-5.jpg?ssl=1&w=240&resize=240&ssl=1 240w, https:\/\/i2.wp.com\/www.interaccionnoticias.com.mx\/wp-content\/uploads\/2025\/10\/251015-Liberan-a-ex-consejero-CRAC-PC-5.jpg?ssl=1&w=320&resize=320&ssl=1 320w, https:\/\/i2.wp.com\/www.interaccionnoticias.com.mx\/wp-content\/uploads\/2025\/10\/251015-Liberan-a-ex-consejero-CRAC-PC-5.jpg?ssl=1&w=500&resize=500&ssl=1 500w, https:\/\/i2.wp.com\/www.interaccionnoticias.com.mx\/wp-content\/uploads\/2025\/10\/251015-Liberan-a-ex-consejero-CRAC-PC-5.jpg?ssl=1&w=640&resize=640&ssl=1 640w, https:\/\/i2.wp.com\/www.interaccionnoticias.com.mx\/wp-content\/uploads\/2025\/10\/251015-Liberan-a-ex-consejero-CRAC-PC-5.jpg?ssl=1&w=800&resize=800&ssl=1 800w, https:\/\/i2.wp.com\/www.interaccionnoticias.com.mx\/wp-content\/uploads\/2025\/10\/251015-Liberan-a-ex-consejero-CRAC-PC-5.jpg?ssl=1&w=1024&resize=1024&ssl=1 1024w, https:\/\/i2.wp.com\/www.interaccionnoticias.com.mx\/wp-content\/uploads\/2025\/10\/251015-Liberan-a-ex-consejero-CRAC-PC-5.jpg?ssl=1&w=1280&resize=1280&ssl=1 1280w, https:\/\/i2.wp.com\/www.interaccionnoticias.com.mx\/wp-content\/uploads\/2025\/10\/251015-Liberan-a-ex-consejero-CRAC-PC-5.jpg?ssl=1&w=1600&resize=1600&ssl=1 1600w\" data-id=\"96636\" fifu-data-src=\"https:\/\/i2.wp.com\/www.interaccionnoticias.com.mx\/wp-content\/uploads\/2025\/10\/251015-Liberan-a-ex-consejero-CRAC-PC-5.jpg?ssl=1\" alt=\"\" class=\"wp-image-96636\"\/><\/figure>\n<\/figure>\n","protected":false},"excerpt":{"rendered":"<p>&#8212; La FGE no acredit\u00f3 el delito&#8212; La liberaci\u00f3n, tras cuatro horas de bloqueo en la Autopista del Sol Jes\u00fas Dorantes Alrededor de las 15:00 horas de este mi\u00e9rcoles, Jaime&hellip; <\/p>\n","protected":false},"author":8,"featured_media":96641,"comment_status":"open","ping_status":"open","sticky":false,"template":"","format":"standard","meta":{"fifu_image_url":"https:\/\/www.interaccionnoticias.com.mx\/wp-content\/uploads\/2025\/10\/251015-Liberan-a-ex-consejero-CRAC-PC-8.jpg","fifu_image_alt":"","footnotes":""},"categories":[11],"tags":[],"class_list":["post-96634","post","type-post","status-publish","format-standard","has-post-thumbnail","hentry","category-guerrero"],"_links":{"self":[{"href":"https:\/\/www.interaccionnoticias.com.mx\/index.php?rest_route=\/wp\/v2\/posts\/96634","targetHints":{"allow":["GET"]}}],"collection":[{"href":"https:\/\/www.interaccionnoticias.com.mx\/index.php?rest_route=\/wp\/v2\/posts"}],"about":[{"href":"https:\/\/www.interaccionnoticias.com.mx\/index.php?rest_route=\/wp\/v2\/types\/post"}],"author":[{"embeddable":true,"href":"https:\/\/www.interaccionnoticias.com.mx\/index.php?rest_route=\/wp\/v2\/users\/8"}],"replies":[{"embeddable":true,"href":"https:\/\/www.interaccionnoticias.com.mx\/index.php?rest_route=%2Fwp%2Fv2%2Fcomments&post=96634"}],"version-history":[{"count":1,"href":"https:\/\/www.interaccionnoticias.com.mx\/index.php?rest_route=\/wp\/v2\/posts\/96634\/revisions"}],"predecessor-version":[{"id":96640,"href":"https:\/\/www.interaccionnoticias.com.mx\/index.php?rest_route=\/wp\/v2\/posts\/96634\/revisions\/96640"}],"wp:featuredmedia":[{"embeddable":true,"href":"https:\/\/www.interaccionnoticias.com.mx\/index.php?rest_route=\/wp\/v2\/media\/96641"}],"wp:attachment":[{"href":"https:\/\/www.interaccionnoticias.com.mx\/index.php?rest_route=%2Fwp%2Fv2%2Fmedia&parent=96634"}],"wp:term":[{"taxonomy":"category","embeddable":true,"href":"https:\/\/www.interaccionnoticias.com.mx\/index.php?rest_route=%2Fwp%2Fv2%2Fcategories&post=96634"},{"taxonomy":"post_tag","embeddable":true,"href":"https:\/\/www.interaccionnoticias.com.mx\/index.php?rest_route=%2Fwp%2Fv2%2Ftags&post=96634"}],"curies":[{"name":"wp","href":"https:\/\/api.w.org\/{rel}","templated":true}]}}