{"id":96607,"date":"2025-10-15T18:24:03","date_gmt":"2025-10-16T00:24:03","guid":{"rendered":"https:\/\/www.interaccionnoticias.com.mx\/?p=96607"},"modified":"2025-10-15T18:24:04","modified_gmt":"2025-10-16T00:24:04","slug":"entregan-al-congreso-el-cuarto-informe-de-labores","status":"publish","type":"post","link":"https:\/\/www.interaccionnoticias.com.mx\/?p=96607","title":{"rendered":"Entregan al Congreso el Cuarto Informe de Labores"},"content":{"rendered":"\n<p><em><strong>&#8212; Acude la encargada de despacho de la Secretar\u00eda General de Gobierno, Anacleta L\u00f3pez Vega<br>&#8212; El secretario de Planeaci\u00f3n, Ren\u00e9 Vargas Pineda pondera el avance en la oferta educativa de nivel superior, habla en especial de las universidades de La Sierra<\/strong><\/em><\/p>\n\n\n\n<p><strong>Rosario Garc\u00eda Orozco<\/strong><\/p>\n\n\n\n<p>La encargada de despacho de la Secretar\u00eda General de Gobierno, Anacleta L\u00f3pez Vega entreg\u00f3 al Congreso Local el Cuarto Informe de Gobierno, conforme a lo dispuesto en el Art\u00edculo 73 de la Constituci\u00f3n Pol\u00edtica del Estado de Guerrero.<\/p>\n\n\n\n<p>El documento fue entregado a los mienbros de la Mesa Directiva que preside el diputado Alejandro Carabias Icaza, y de la Junta de Coordinaci\u00f3n Pol\u00edtica (Jucopo), Jes\u00fas Uri\u00f3stegui Garc\u00eda.<\/p>\n\n\n\n<p>Al hacer entrega del Cuarto Informe de Gobierno, Anacleta L\u00f3pez Vega mencion\u00f3 que se trata de un acto de transparencia y rendici\u00f3n de cuentas, para informar sobre las acciones y programas de tipo pol\u00edtico, social y econ\u00f3mico que se desarrollaron durante el \u00faltimo a\u00f1o.<\/p>\n\n\n\n<p>Mientras que el secretario de Planeaci\u00f3n y Desarrollo Regional, Ren\u00e9 Vargas Pineda, explic\u00f3 que el informe comprende del 16 de octubre del 2024 al 15 de octubre del 2025, \u00aben el que se da cuenta de todas las acciones, obras, pol\u00edticas p\u00fablicas y programas que se desarrollaron durante este cuarto a\u00f1o de gobierno, y en ese sentido hay mucho por destacar: la l\u00ednea de pol\u00edtica p\u00fablica que ha impulsado nuestra gobernadora ha sido transformadora, que tiende a centrarse en las personas, que tiene que ver con hacer efectivos los derechos humanos, los derechos a la salud, la educaci\u00f3n, sociales, econ\u00f3micos y que est\u00e1n reflejados en todas las acciones que se han realizado\u00bb.<\/p>\n\n\n\n<p>Destac\u00f3 que en materia de educaci\u00f3n se ampli\u00f3 la oferta educativa de nivel superior con 14 licenciaturas, 6 maestr\u00edas, una espacialidad y 5 carreras de t\u00e9cnico superior universitario, adem\u00e1s de la Universidad Virtual, y enfatiz\u00f3 el avance de las universidades instaladas en localidades serranas de Guerrero.<\/p>\n\n\n\n<p>De la misma manera, ponder\u00f3 el crecimiento del turismo, en virtud de que las actividades en ese rubro ya no se centran s\u00f3lo en tres ciudades, sino que se amplio a m\u00e1s regiones de Guerrero, en la estrategia del \u00abHogar del Sol, y se han sumado 49 municipios a esta pol\u00edtica, por lo que el estado ha recibido 8 millones de turistas que generaron una derrama econ\u00f3mica de 63 mil millones de pesos\u00bb.<\/p>\n\n\n\n<p>El presidente de la Mesa Directiva, el diputado Alejandro Carabias Icaza, mencion\u00f3 que con ese acto no s\u00f3lo se cumple cabalmente en tiempo y forma con lo que establece la Constituci\u00f3n Pol\u00edtica del Estado Libre y Soberano de Guerrero, \u00absino tambi\u00e9n se abre la posibilidad de que el Congreso Local haga un espacio para poder desahogar en comparecencias, la glosa y poder conocer, analizar y valorar de manera muy pormenorizada las obras y acciones de la administraci\u00f3n estatal\u00bb.<\/p>\n\n\n\n<p>Refiri\u00f3 que se trata de saber los resultados que se han tenido de los recursos que se aplican en los distintos programas, obras p\u00fablicas y dem\u00e1s acciones del gobierno del estado.<\/p>\n","protected":false},"excerpt":{"rendered":"<p>&#8212; Acude la encargada de despacho de la Secretar\u00eda General de Gobierno, Anacleta L\u00f3pez Vega&#8212; El secretario de Planeaci\u00f3n, Ren\u00e9 Vargas Pineda pondera el avance en la oferta educativa de&hellip; <\/p>\n","protected":false},"author":14,"featured_media":96610,"comment_status":"open","ping_status":"open","sticky":false,"template":"","format":"standard","meta":{"fifu_image_url":"https:\/\/www.interaccionnoticias.com.mx\/wp-content\/uploads\/2025\/10\/251015-Cuarto-Informe-de-Labores.jpg","fifu_image_alt":"","footnotes":""},"categories":[2],"tags":[],"class_list":["post-96607","post","type-post","status-publish","format-standard","has-post-thumbnail","hentry","category-congreso"],"_links":{"self":[{"href":"https:\/\/www.interaccionnoticias.com.mx\/index.php?rest_route=\/wp\/v2\/posts\/96607","targetHints":{"allow":["GET"]}}],"collection":[{"href":"https:\/\/www.interaccionnoticias.com.mx\/index.php?rest_route=\/wp\/v2\/posts"}],"about":[{"href":"https:\/\/www.interaccionnoticias.com.mx\/index.php?rest_route=\/wp\/v2\/types\/post"}],"author":[{"embeddable":true,"href":"https:\/\/www.interaccionnoticias.com.mx\/index.php?rest_route=\/wp\/v2\/users\/14"}],"replies":[{"embeddable":true,"href":"https:\/\/www.interaccionnoticias.com.mx\/index.php?rest_route=%2Fwp%2Fv2%2Fcomments&post=96607"}],"version-history":[{"count":1,"href":"https:\/\/www.interaccionnoticias.com.mx\/index.php?rest_route=\/wp\/v2\/posts\/96607\/revisions"}],"predecessor-version":[{"id":96609,"href":"https:\/\/www.interaccionnoticias.com.mx\/index.php?rest_route=\/wp\/v2\/posts\/96607\/revisions\/96609"}],"wp:featuredmedia":[{"embeddable":true,"href":"https:\/\/www.interaccionnoticias.com.mx\/index.php?rest_route=\/wp\/v2\/media\/96610"}],"wp:attachment":[{"href":"https:\/\/www.interaccionnoticias.com.mx\/index.php?rest_route=%2Fwp%2Fv2%2Fmedia&parent=96607"}],"wp:term":[{"taxonomy":"category","embeddable":true,"href":"https:\/\/www.interaccionnoticias.com.mx\/index.php?rest_route=%2Fwp%2Fv2%2Fcategories&post=96607"},{"taxonomy":"post_tag","embeddable":true,"href":"https:\/\/www.interaccionnoticias.com.mx\/index.php?rest_route=%2Fwp%2Fv2%2Ftags&post=96607"}],"curies":[{"name":"wp","href":"https:\/\/api.w.org\/{rel}","templated":true}]}}