{"id":9660,"date":"2017-10-30T19:20:09","date_gmt":"2017-10-31T01:20:09","guid":{"rendered":"http:\/\/www.inter-accion.com.mx\/?p=9660"},"modified":"2017-10-30T19:20:09","modified_gmt":"2017-10-31T01:20:09","slug":"declaran-policias-de-tlapa-sobre-el-caso-de-yndira-sandoval","status":"publish","type":"post","link":"https:\/\/www.interaccionnoticias.com.mx\/?p=9660","title":{"rendered":"Declaran polic\u00edas de Tlapa sobre el caso de Yndira Sandoval"},"content":{"rendered":"<p>Los elementos de la Polic\u00eda Preventiva de Tlapa que participaron en la detenci\u00f3n de Yndira Sandoval S\u00e1nchez, rindieron su declaraci\u00f3n ministerial sobre los hechos que se registraron la noche del 16 de septiembre pasado, cuando la activista asegura que fue atacada sexualmente.<br \/>\nLa diligencia fue confirmada por el Vocero del Grupo de Coordinaci\u00f3n Guerrero (GCG), Roberto \u00c1lvarez Heredia, quien manifest\u00f3 que est\u00e1 impedido para dar a conocer el contenido de las declaraciones emitidas, as\u00ed como el contenido de las diligencias desarrolladas por los elementos policiacos, para efecto de no entorpecer el debido proceso y la presunci\u00f3n de inocencia.&nbsp;<br \/>\nExplic\u00f3 que&nbsp;la Carpeta de Investigaci\u00f3n relacionada con los hechos del pasado 16 de septiembre, en la cabecera municipal de Tlapa se encuentra en la etapa de integraci\u00f3n, se espera que concluya en los pr\u00f3ximos d\u00edas.<br \/>\nYndira Sandoval no se present\u00f3 ante la Agencia del Ministerio P\u00fablico del Fuero Com\u00fan (AMPFC) de Tlapa, con la intenci\u00f3n de ampliar la entrevista ministerial, en la que podr\u00e1 se\u00f1alar a la probable responsable de las lesiones de car\u00e1cter sexual que ha denunciado p\u00fablicamente.<br \/>\nEl portavoz refiri\u00f3 que&nbsp;la investigaci\u00f3n que realiza la Fiscal\u00eda General del Estado es seria, exhaustiva e imparcial, de tal suerte que se fincar\u00e1n responsabilidades a qui\u00e9n resulte responsable de la comisi\u00f3n de un delito.<br \/>\nEn el grupo de oficiales que declararon se encuentra la elemento que es se\u00f1alada por Yndira como presunta responsable, se estima que la comparecencia tuvo una duraci\u00f3n aproximada de siete horas.&nbsp;&nbsp;<\/p>\n","protected":false},"excerpt":{"rendered":"<p>Los elementos de la Polic\u00eda Preventiva de Tlapa que participaron en la detenci\u00f3n de Yndira Sandoval S\u00e1nchez, rindieron su declaraci\u00f3n ministerial sobre los hechos que se registraron la noche del&hellip; <\/p>\n","protected":false},"author":1,"featured_media":0,"comment_status":"closed","ping_status":"closed","sticky":false,"template":"","format":"standard","meta":{"fifu_image_url":"","fifu_image_alt":"","footnotes":""},"categories":[8,15],"tags":[],"class_list":["post-9660","post","type-post","status-publish","format-standard","hentry","category-featured","category-movimientos-sociales"],"_links":{"self":[{"href":"https:\/\/www.interaccionnoticias.com.mx\/index.php?rest_route=\/wp\/v2\/posts\/9660","targetHints":{"allow":["GET"]}}],"collection":[{"href":"https:\/\/www.interaccionnoticias.com.mx\/index.php?rest_route=\/wp\/v2\/posts"}],"about":[{"href":"https:\/\/www.interaccionnoticias.com.mx\/index.php?rest_route=\/wp\/v2\/types\/post"}],"author":[{"embeddable":true,"href":"https:\/\/www.interaccionnoticias.com.mx\/index.php?rest_route=\/wp\/v2\/users\/1"}],"replies":[{"embeddable":true,"href":"https:\/\/www.interaccionnoticias.com.mx\/index.php?rest_route=%2Fwp%2Fv2%2Fcomments&post=9660"}],"version-history":[{"count":0,"href":"https:\/\/www.interaccionnoticias.com.mx\/index.php?rest_route=\/wp\/v2\/posts\/9660\/revisions"}],"wp:attachment":[{"href":"https:\/\/www.interaccionnoticias.com.mx\/index.php?rest_route=%2Fwp%2Fv2%2Fmedia&parent=9660"}],"wp:term":[{"taxonomy":"category","embeddable":true,"href":"https:\/\/www.interaccionnoticias.com.mx\/index.php?rest_route=%2Fwp%2Fv2%2Fcategories&post=9660"},{"taxonomy":"post_tag","embeddable":true,"href":"https:\/\/www.interaccionnoticias.com.mx\/index.php?rest_route=%2Fwp%2Fv2%2Ftags&post=9660"}],"curies":[{"name":"wp","href":"https:\/\/api.w.org\/{rel}","templated":true}]}}