{"id":96590,"date":"2025-10-15T10:37:00","date_gmt":"2025-10-15T16:37:00","guid":{"rendered":"https:\/\/www.interaccionnoticias.com.mx\/?p=96590"},"modified":"2025-10-15T18:15:33","modified_gmt":"2025-10-16T00:15:33","slug":"policias-comunitarios-bloquean-la-autopista-del-sol","status":"publish","type":"post","link":"https:\/\/www.interaccionnoticias.com.mx\/?p=96590","title":{"rendered":"Polic\u00edas comunitarios bloquean la Autopista del Sol"},"content":{"rendered":"\n<p><em><strong>&#8212; Representantes de la CRAC-PC se plantan en el Parador del Marqu\u00e9s, en Chilpancingo<br>&#8212; Exigen la liberaci\u00f3n del ex comisario Javier Morales Castro, acusado de secuestro<\/strong><\/em><\/p>\n\n\n\n<p><strong>Jes\u00fas Dorantes<\/strong><\/p>\n\n\n\n<p>Integrantes de la Coordinadora Regional de Autoridades Comunitarias (CRAC) instalaron un bloqueo en los cuatro carriles de la Autopista del Sol, en la entrada sur de la capital del estado, para exigir la liberaci\u00f3n del ex consejero Javier Morales Castro, quien permanece en el penal de Tlapa acusado de secuestro.<\/p>\n\n\n\n<p>Alrededor de las 09:30 horas, los representantes de las cinco casas de justicia de la CRAC-PC llegaron a la entrada sur de la ciudad para instalarse en plant\u00f3 justo en el punto conocido como El Parador del Marqu\u00e9s.<\/p>\n\n\n\n<p>Ah\u00ed dijeron que se encontraban para materializar una advertencia el pasado domingo 12 de octubre en la Costa Chica, cuando se conmemoraron los 30 a\u00f1os de los primeros grupos de la Polic\u00eda Comunitaria, que actualmente tiene presencia en 12 municipios de la entidad.<\/p>\n\n\n\n<p>Mart\u00edn Rosales Sierra, uno de los representantes legales de la coordinadora, manifest\u00f3 que el ex consejero Morales Castro fue detenido la semana pasada por elementos de la Polic\u00eda Investigadora Ministerial (PIM), quienes le notificaron la existencia de una orden de aprehensi\u00f3n en su contra.<\/p>\n\n\n\n<p>Dicho delito, dijo que se configur\u00f3 a partir de que el ex comisario de Coapinola cumpli\u00f3 con su trabajo como consejero de la comunitaria, de tal manera que no cometi\u00f3 ning\u00fan delito.<\/p>\n\n\n\n<p>Por esa raz\u00f3n, demand\u00f3 que operadores del Gobierno de Guerrero y de la Fiscal\u00eda General del Estado (FGE) acudieran a dialogar, para efecto de hacerles ver que en contra del ex consejero se estaba cometiendo una injusticia.<\/p>\n\n\n\n<p>Dijo que no es el \u00fanico caso, pues tambi\u00e9n se encuentran presos injustamente cinco polic\u00edas comunitarios de la cabecera municipal<\/p>\n\n\n\n<p>Para exigir la liberaci\u00f3n del ex comandante Regional Jaime Morales Castro, as\u00ed como de los comunitarios de Xalpatl\u00e1huac Agust\u00edn Vitino, Pedro \u00c1lvarez, Juan Sim\u00f3n, Rosendo Gabino y Francisco Dircio.<\/p>\n\n\n\n<p>En el caso de Xalpatl\u00e1huac, manifest\u00f3 que fueron denunciados por las autoridades municipales.<\/p>\n\n\n\n<p>Rosales Sierra advirti\u00f3 que la de este mi\u00e9rcoles es apenas una primera actividad, ya que de no concretarse la liberaci\u00f3n reclamada, las protestas se van a intensificar en cuanto al n\u00famero de personas y nivel de presi\u00f3n.<\/p>\n\n\n\n<p>Los comunitarios de la CRAC-PC llegaron a Chilpancingo sin uniformes y sin armas.<\/p>\n\n\n\n<figure class=\"wp-block-gallery has-nested-images columns-default is-cropped wp-block-gallery-1 is-layout-flex wp-block-gallery-is-layout-flex\">\n<figure class=\"wp-block-image size-large\"><img decoding=\"async\" src=\"data:image\/gif;base64,R0lGODlhAQABAIAAAAAAAP\/\/\/ywAAAAAAQABAAACAUwAOw==\" fifu-lazy=\"1\" fifu-data-sizes=\"auto\" fifu-data-srcset=\"https:\/\/i2.wp.com\/www.interaccionnoticias.com.mx\/wp-content\/uploads\/2025\/10\/251015-Policias-comunitarios-2.jpg?ssl=1&w=75&resize=75&ssl=1 75w, https:\/\/i2.wp.com\/www.interaccionnoticias.com.mx\/wp-content\/uploads\/2025\/10\/251015-Policias-comunitarios-2.jpg?ssl=1&w=100&resize=100&ssl=1 100w, https:\/\/i2.wp.com\/www.interaccionnoticias.com.mx\/wp-content\/uploads\/2025\/10\/251015-Policias-comunitarios-2.jpg?ssl=1&w=150&resize=150&ssl=1 150w, https:\/\/i2.wp.com\/www.interaccionnoticias.com.mx\/wp-content\/uploads\/2025\/10\/251015-Policias-comunitarios-2.jpg?ssl=1&w=240&resize=240&ssl=1 240w, https:\/\/i2.wp.com\/www.interaccionnoticias.com.mx\/wp-content\/uploads\/2025\/10\/251015-Policias-comunitarios-2.jpg?ssl=1&w=320&resize=320&ssl=1 320w, https:\/\/i2.wp.com\/www.interaccionnoticias.com.mx\/wp-content\/uploads\/2025\/10\/251015-Policias-comunitarios-2.jpg?ssl=1&w=500&resize=500&ssl=1 500w, https:\/\/i2.wp.com\/www.interaccionnoticias.com.mx\/wp-content\/uploads\/2025\/10\/251015-Policias-comunitarios-2.jpg?ssl=1&w=640&resize=640&ssl=1 640w, https:\/\/i2.wp.com\/www.interaccionnoticias.com.mx\/wp-content\/uploads\/2025\/10\/251015-Policias-comunitarios-2.jpg?ssl=1&w=800&resize=800&ssl=1 800w, https:\/\/i2.wp.com\/www.interaccionnoticias.com.mx\/wp-content\/uploads\/2025\/10\/251015-Policias-comunitarios-2.jpg?ssl=1&w=1024&resize=1024&ssl=1 1024w, https:\/\/i2.wp.com\/www.interaccionnoticias.com.mx\/wp-content\/uploads\/2025\/10\/251015-Policias-comunitarios-2.jpg?ssl=1&w=1280&resize=1280&ssl=1 1280w, https:\/\/i2.wp.com\/www.interaccionnoticias.com.mx\/wp-content\/uploads\/2025\/10\/251015-Policias-comunitarios-2.jpg?ssl=1&w=1600&resize=1600&ssl=1 1600w\" data-id=\"96592\" fifu-data-src=\"https:\/\/i2.wp.com\/www.interaccionnoticias.com.mx\/wp-content\/uploads\/2025\/10\/251015-Policias-comunitarios-2.jpg?ssl=1\" alt=\"\" class=\"wp-image-96592\"\/><\/figure>\n\n\n\n<figure class=\"wp-block-image size-large\"><img decoding=\"async\" src=\"data:image\/gif;base64,R0lGODlhAQABAIAAAAAAAP\/\/\/ywAAAAAAQABAAACAUwAOw==\" fifu-lazy=\"1\" fifu-data-sizes=\"auto\" fifu-data-srcset=\"https:\/\/i2.wp.com\/www.interaccionnoticias.com.mx\/wp-content\/uploads\/2025\/10\/251015-Policias-comunitarios-3.jpg?ssl=1&w=75&resize=75&ssl=1 75w, https:\/\/i2.wp.com\/www.interaccionnoticias.com.mx\/wp-content\/uploads\/2025\/10\/251015-Policias-comunitarios-3.jpg?ssl=1&w=100&resize=100&ssl=1 100w, https:\/\/i2.wp.com\/www.interaccionnoticias.com.mx\/wp-content\/uploads\/2025\/10\/251015-Policias-comunitarios-3.jpg?ssl=1&w=150&resize=150&ssl=1 150w, https:\/\/i2.wp.com\/www.interaccionnoticias.com.mx\/wp-content\/uploads\/2025\/10\/251015-Policias-comunitarios-3.jpg?ssl=1&w=240&resize=240&ssl=1 240w, https:\/\/i2.wp.com\/www.interaccionnoticias.com.mx\/wp-content\/uploads\/2025\/10\/251015-Policias-comunitarios-3.jpg?ssl=1&w=320&resize=320&ssl=1 320w, https:\/\/i2.wp.com\/www.interaccionnoticias.com.mx\/wp-content\/uploads\/2025\/10\/251015-Policias-comunitarios-3.jpg?ssl=1&w=500&resize=500&ssl=1 500w, https:\/\/i2.wp.com\/www.interaccionnoticias.com.mx\/wp-content\/uploads\/2025\/10\/251015-Policias-comunitarios-3.jpg?ssl=1&w=640&resize=640&ssl=1 640w, https:\/\/i2.wp.com\/www.interaccionnoticias.com.mx\/wp-content\/uploads\/2025\/10\/251015-Policias-comunitarios-3.jpg?ssl=1&w=800&resize=800&ssl=1 800w, https:\/\/i2.wp.com\/www.interaccionnoticias.com.mx\/wp-content\/uploads\/2025\/10\/251015-Policias-comunitarios-3.jpg?ssl=1&w=1024&resize=1024&ssl=1 1024w, https:\/\/i2.wp.com\/www.interaccionnoticias.com.mx\/wp-content\/uploads\/2025\/10\/251015-Policias-comunitarios-3.jpg?ssl=1&w=1280&resize=1280&ssl=1 1280w, https:\/\/i2.wp.com\/www.interaccionnoticias.com.mx\/wp-content\/uploads\/2025\/10\/251015-Policias-comunitarios-3.jpg?ssl=1&w=1600&resize=1600&ssl=1 1600w\" data-id=\"96593\" fifu-data-src=\"https:\/\/i2.wp.com\/www.interaccionnoticias.com.mx\/wp-content\/uploads\/2025\/10\/251015-Policias-comunitarios-3.jpg?ssl=1\" alt=\"\" class=\"wp-image-96593\"\/><\/figure>\n\n\n\n<figure class=\"wp-block-image size-large\"><img decoding=\"async\" src=\"data:image\/gif;base64,R0lGODlhAQABAIAAAAAAAP\/\/\/ywAAAAAAQABAAACAUwAOw==\" fifu-lazy=\"1\" fifu-data-sizes=\"auto\" fifu-data-srcset=\"https:\/\/i2.wp.com\/www.interaccionnoticias.com.mx\/wp-content\/uploads\/2025\/10\/251015-Policias-comunitarios-4.jpg?ssl=1&w=75&resize=75&ssl=1 75w, https:\/\/i2.wp.com\/www.interaccionnoticias.com.mx\/wp-content\/uploads\/2025\/10\/251015-Policias-comunitarios-4.jpg?ssl=1&w=100&resize=100&ssl=1 100w, https:\/\/i2.wp.com\/www.interaccionnoticias.com.mx\/wp-content\/uploads\/2025\/10\/251015-Policias-comunitarios-4.jpg?ssl=1&w=150&resize=150&ssl=1 150w, https:\/\/i2.wp.com\/www.interaccionnoticias.com.mx\/wp-content\/uploads\/2025\/10\/251015-Policias-comunitarios-4.jpg?ssl=1&w=240&resize=240&ssl=1 240w, https:\/\/i2.wp.com\/www.interaccionnoticias.com.mx\/wp-content\/uploads\/2025\/10\/251015-Policias-comunitarios-4.jpg?ssl=1&w=320&resize=320&ssl=1 320w, https:\/\/i2.wp.com\/www.interaccionnoticias.com.mx\/wp-content\/uploads\/2025\/10\/251015-Policias-comunitarios-4.jpg?ssl=1&w=500&resize=500&ssl=1 500w, https:\/\/i2.wp.com\/www.interaccionnoticias.com.mx\/wp-content\/uploads\/2025\/10\/251015-Policias-comunitarios-4.jpg?ssl=1&w=640&resize=640&ssl=1 640w, https:\/\/i2.wp.com\/www.interaccionnoticias.com.mx\/wp-content\/uploads\/2025\/10\/251015-Policias-comunitarios-4.jpg?ssl=1&w=800&resize=800&ssl=1 800w, https:\/\/i2.wp.com\/www.interaccionnoticias.com.mx\/wp-content\/uploads\/2025\/10\/251015-Policias-comunitarios-4.jpg?ssl=1&w=1024&resize=1024&ssl=1 1024w, https:\/\/i2.wp.com\/www.interaccionnoticias.com.mx\/wp-content\/uploads\/2025\/10\/251015-Policias-comunitarios-4.jpg?ssl=1&w=1280&resize=1280&ssl=1 1280w, https:\/\/i2.wp.com\/www.interaccionnoticias.com.mx\/wp-content\/uploads\/2025\/10\/251015-Policias-comunitarios-4.jpg?ssl=1&w=1600&resize=1600&ssl=1 1600w\" data-id=\"96594\" fifu-data-src=\"https:\/\/i2.wp.com\/www.interaccionnoticias.com.mx\/wp-content\/uploads\/2025\/10\/251015-Policias-comunitarios-4.jpg?ssl=1\" alt=\"\" class=\"wp-image-96594\"\/><\/figure>\n\n\n\n<figure class=\"wp-block-image size-large\"><img decoding=\"async\" src=\"data:image\/gif;base64,R0lGODlhAQABAIAAAAAAAP\/\/\/ywAAAAAAQABAAACAUwAOw==\" fifu-lazy=\"1\" fifu-data-sizes=\"auto\" fifu-data-srcset=\"https:\/\/i2.wp.com\/www.interaccionnoticias.com.mx\/wp-content\/uploads\/2025\/10\/251015-Policias-comunitarios-1.jpg?ssl=1&w=75&resize=75&ssl=1 75w, https:\/\/i2.wp.com\/www.interaccionnoticias.com.mx\/wp-content\/uploads\/2025\/10\/251015-Policias-comunitarios-1.jpg?ssl=1&w=100&resize=100&ssl=1 100w, https:\/\/i2.wp.com\/www.interaccionnoticias.com.mx\/wp-content\/uploads\/2025\/10\/251015-Policias-comunitarios-1.jpg?ssl=1&w=150&resize=150&ssl=1 150w, https:\/\/i2.wp.com\/www.interaccionnoticias.com.mx\/wp-content\/uploads\/2025\/10\/251015-Policias-comunitarios-1.jpg?ssl=1&w=240&resize=240&ssl=1 240w, https:\/\/i2.wp.com\/www.interaccionnoticias.com.mx\/wp-content\/uploads\/2025\/10\/251015-Policias-comunitarios-1.jpg?ssl=1&w=320&resize=320&ssl=1 320w, https:\/\/i2.wp.com\/www.interaccionnoticias.com.mx\/wp-content\/uploads\/2025\/10\/251015-Policias-comunitarios-1.jpg?ssl=1&w=500&resize=500&ssl=1 500w, https:\/\/i2.wp.com\/www.interaccionnoticias.com.mx\/wp-content\/uploads\/2025\/10\/251015-Policias-comunitarios-1.jpg?ssl=1&w=640&resize=640&ssl=1 640w, https:\/\/i2.wp.com\/www.interaccionnoticias.com.mx\/wp-content\/uploads\/2025\/10\/251015-Policias-comunitarios-1.jpg?ssl=1&w=800&resize=800&ssl=1 800w, https:\/\/i2.wp.com\/www.interaccionnoticias.com.mx\/wp-content\/uploads\/2025\/10\/251015-Policias-comunitarios-1.jpg?ssl=1&w=1024&resize=1024&ssl=1 1024w, https:\/\/i2.wp.com\/www.interaccionnoticias.com.mx\/wp-content\/uploads\/2025\/10\/251015-Policias-comunitarios-1.jpg?ssl=1&w=1280&resize=1280&ssl=1 1280w, https:\/\/i2.wp.com\/www.interaccionnoticias.com.mx\/wp-content\/uploads\/2025\/10\/251015-Policias-comunitarios-1.jpg?ssl=1&w=1600&resize=1600&ssl=1 1600w\" data-id=\"96591\" fifu-data-src=\"https:\/\/i2.wp.com\/www.interaccionnoticias.com.mx\/wp-content\/uploads\/2025\/10\/251015-Policias-comunitarios-1.jpg?ssl=1\" alt=\"\" class=\"wp-image-96591\"\/><\/figure>\n<\/figure>\n","protected":false},"excerpt":{"rendered":"<p>&#8212; Representantes de la CRAC-PC se plantan en el Parador del Marqu\u00e9s, en Chilpancingo&#8212; Exigen la liberaci\u00f3n del ex comisario Javier Morales Castro, acusado de secuestro Jes\u00fas Dorantes Integrantes de&hellip; <\/p>\n","protected":false},"author":8,"featured_media":96596,"comment_status":"open","ping_status":"open","sticky":false,"template":"","format":"standard","meta":{"fifu_image_url":"https:\/\/www.interaccionnoticias.com.mx\/wp-content\/uploads\/2025\/10\/251015-Policias-comunitarios-4.jpg","fifu_image_alt":"","footnotes":""},"categories":[15],"tags":[],"class_list":["post-96590","post","type-post","status-publish","format-standard","has-post-thumbnail","hentry","category-movimientos-sociales"],"_links":{"self":[{"href":"https:\/\/www.interaccionnoticias.com.mx\/index.php?rest_route=\/wp\/v2\/posts\/96590","targetHints":{"allow":["GET"]}}],"collection":[{"href":"https:\/\/www.interaccionnoticias.com.mx\/index.php?rest_route=\/wp\/v2\/posts"}],"about":[{"href":"https:\/\/www.interaccionnoticias.com.mx\/index.php?rest_route=\/wp\/v2\/types\/post"}],"author":[{"embeddable":true,"href":"https:\/\/www.interaccionnoticias.com.mx\/index.php?rest_route=\/wp\/v2\/users\/8"}],"replies":[{"embeddable":true,"href":"https:\/\/www.interaccionnoticias.com.mx\/index.php?rest_route=%2Fwp%2Fv2%2Fcomments&post=96590"}],"version-history":[{"count":1,"href":"https:\/\/www.interaccionnoticias.com.mx\/index.php?rest_route=\/wp\/v2\/posts\/96590\/revisions"}],"predecessor-version":[{"id":96595,"href":"https:\/\/www.interaccionnoticias.com.mx\/index.php?rest_route=\/wp\/v2\/posts\/96590\/revisions\/96595"}],"wp:featuredmedia":[{"embeddable":true,"href":"https:\/\/www.interaccionnoticias.com.mx\/index.php?rest_route=\/wp\/v2\/media\/96596"}],"wp:attachment":[{"href":"https:\/\/www.interaccionnoticias.com.mx\/index.php?rest_route=%2Fwp%2Fv2%2Fmedia&parent=96590"}],"wp:term":[{"taxonomy":"category","embeddable":true,"href":"https:\/\/www.interaccionnoticias.com.mx\/index.php?rest_route=%2Fwp%2Fv2%2Fcategories&post=96590"},{"taxonomy":"post_tag","embeddable":true,"href":"https:\/\/www.interaccionnoticias.com.mx\/index.php?rest_route=%2Fwp%2Fv2%2Ftags&post=96590"}],"curies":[{"name":"wp","href":"https:\/\/api.w.org\/{rel}","templated":true}]}}