{"id":96586,"date":"2025-10-15T09:38:00","date_gmt":"2025-10-15T15:38:00","guid":{"rendered":"https:\/\/www.interaccionnoticias.com.mx\/?p=96586"},"modified":"2025-10-15T18:07:51","modified_gmt":"2025-10-16T00:07:51","slug":"confirma-astudillo-que-le-fue-cancelada-la-visa-para-entrar-a-eua-denuncia-que-hay-una-guerra-sucia-en-su-contra","status":"publish","type":"post","link":"https:\/\/www.interaccionnoticias.com.mx\/?p=96586","title":{"rendered":"Confirma Astudillo que le fue cancelada la visa para entrar a EUA, denuncia que hay una guerra sucia en su contra"},"content":{"rendered":"\n<p><strong><em>&#8212; El ex gobernador confirma que ya comenz\u00f3 el tr\u00e1mite para recuperar el documento<br>&#8212; Declaraciones sobre los aranceles contra M\u00e9xico, una de las posibles causas<\/em><\/strong><\/p>\n\n\n\n<p><strong>Rogelio Agust\u00edn Esteban<\/strong><\/p>\n\n\n\n<p>El ex gobernador H\u00e9ctor Astudillo Flores confirm\u00f3 que desde el 31 de julio le fue revocada la visa para ingresar a los Estados Unidos de Norteam\u00e9rica (EUA), sostuvo que no le informaron la causa, pero neg\u00f3 que sea por alguna vinculaci\u00f3n con la delincuencia organizada.<\/p>\n\n\n\n<p>En una entrevista con Ciro G\u00f3mez Leyva, Astudillo Flores confirm\u00f3 que el pasado 31 de julio, por medio de un correo electr\u00f3nico se le inform\u00f3 que su visa para ingresar al vecino pa\u00eds del norte hab\u00eda sido revocada.<\/p>\n\n\n\n<p>\u201cNo he tenido informaci\u00f3n del por qu\u00e9, he tratado de informarme sobre la raz\u00f3n pero no he tenido mayor informaci\u00f3n\u201d, anot\u00f3.<\/p>\n\n\n\n<p>Agreg\u00f3 que \u201calguien\u201d se enter\u00f3 de dicha notificaci\u00f3n y aprovecho la circunstancia para iniciar lo que calific\u00f3 como una guerra sucia.<\/p>\n\n\n\n<p>\u201cAlguien organiz\u00f3 una guerra sucia para decir que soy miembro de la delincuencia organizada y lo peor que puede haber de un ser humano\u201d, anot\u00f3.<\/p>\n\n\n\n<p>Refiri\u00f3 que su vida ha sido p\u00fablica en Guerrero el pa\u00eds, a partir de que ha sido gobernador de la entidad, alcalde de Chilpancingo y legislador, tanto en el \u00e1mbito local como federal.<\/p>\n\n\n\n<p>Entre las posibles causas de la cancelaci\u00f3n, dijo que diez d\u00edas antes de la cancelaci\u00f3n, emiti\u00f3 una serie de declaraciones a diferentes medios de comunicaci\u00f3n, en las que critic\u00f3 la aplicaci\u00f3n de aranceles a la introducci\u00f3n de jitomate al vecino pa\u00eds del norte.<\/p>\n\n\n\n<p>Agreg\u00f3, que en ese momento cuestion\u00f3 el hecho de que el presidente Donald Trump haya utilizado el tema migratorio para mantenerse en el \u00e1nimo de su electorado.<\/p>\n\n\n\n<p>Dijo que una posibilidad para que se le revocara la visa, es precisamente el contenido de esas declaraciones que se difundieron en diferentes medios.<\/p>\n\n\n\n<p>Coment\u00f3 que ya comenz\u00f3 el tr\u00e1mite encaminado a recuperar la visa, por lo que le solicitaron devolver la que ya se le hab\u00eda cancelado y pudo avanzar en el primer paso.<\/p>\n\n\n\n<p>Dijo que ten\u00eda 39 a\u00f1os con la visa vigente, por lo que tuvo la oportunidad de realizar actividades de tipo pol\u00edtico, acad\u00e9mico y hasta para vacacionar en los Estados Unidos.<\/p>\n\n\n\n<p><\/p>\n","protected":false},"excerpt":{"rendered":"<p>&#8212; El ex gobernador confirma que ya comenz\u00f3 el tr\u00e1mite para recuperar el documento&#8212; Declaraciones sobre los aranceles contra M\u00e9xico, una de las posibles causas Rogelio Agust\u00edn Esteban El ex&hellip; <\/p>\n","protected":false},"author":21,"featured_media":96589,"comment_status":"open","ping_status":"open","sticky":false,"template":"","format":"standard","meta":{"fifu_image_url":"https:\/\/www.interaccionnoticias.com.mx\/wp-content\/uploads\/2025\/10\/251015-Hector-Astudillo-Flores.jpg","fifu_image_alt":"","footnotes":""},"categories":[21],"tags":[],"class_list":["post-96586","post","type-post","status-publish","format-standard","has-post-thumbnail","hentry","category-politica"],"_links":{"self":[{"href":"https:\/\/www.interaccionnoticias.com.mx\/index.php?rest_route=\/wp\/v2\/posts\/96586","targetHints":{"allow":["GET"]}}],"collection":[{"href":"https:\/\/www.interaccionnoticias.com.mx\/index.php?rest_route=\/wp\/v2\/posts"}],"about":[{"href":"https:\/\/www.interaccionnoticias.com.mx\/index.php?rest_route=\/wp\/v2\/types\/post"}],"author":[{"embeddable":true,"href":"https:\/\/www.interaccionnoticias.com.mx\/index.php?rest_route=\/wp\/v2\/users\/21"}],"replies":[{"embeddable":true,"href":"https:\/\/www.interaccionnoticias.com.mx\/index.php?rest_route=%2Fwp%2Fv2%2Fcomments&post=96586"}],"version-history":[{"count":1,"href":"https:\/\/www.interaccionnoticias.com.mx\/index.php?rest_route=\/wp\/v2\/posts\/96586\/revisions"}],"predecessor-version":[{"id":96588,"href":"https:\/\/www.interaccionnoticias.com.mx\/index.php?rest_route=\/wp\/v2\/posts\/96586\/revisions\/96588"}],"wp:featuredmedia":[{"embeddable":true,"href":"https:\/\/www.interaccionnoticias.com.mx\/index.php?rest_route=\/wp\/v2\/media\/96589"}],"wp:attachment":[{"href":"https:\/\/www.interaccionnoticias.com.mx\/index.php?rest_route=%2Fwp%2Fv2%2Fmedia&parent=96586"}],"wp:term":[{"taxonomy":"category","embeddable":true,"href":"https:\/\/www.interaccionnoticias.com.mx\/index.php?rest_route=%2Fwp%2Fv2%2Fcategories&post=96586"},{"taxonomy":"post_tag","embeddable":true,"href":"https:\/\/www.interaccionnoticias.com.mx\/index.php?rest_route=%2Fwp%2Fv2%2Ftags&post=96586"}],"curies":[{"name":"wp","href":"https:\/\/api.w.org\/{rel}","templated":true}]}}