{"id":9657,"date":"2017-10-30T19:15:06","date_gmt":"2017-10-31T01:15:06","guid":{"rendered":"http:\/\/www.inter-accion.com.mx\/?p=9657"},"modified":"2017-10-30T19:15:06","modified_gmt":"2017-10-31T01:15:06","slug":"de-6-a-7-millones-el-costo-de-la-feria-de-navidad-y-ano-nuevo","status":"publish","type":"post","link":"https:\/\/www.interaccionnoticias.com.mx\/?p=9657","title":{"rendered":"De 6 a 7 millones, el costo de la Feria de Navidad y A\u00f1o Nuevo"},"content":{"rendered":"<p>El alcalde Jes\u00fas Tejeda Vargas anticip\u00f3 que la feria de Navidad y A\u00f1o Nuevo 2017, la festividad m\u00e1s importante en la regi\u00f3n Centro de Guerrero tendr\u00e1 un costo de 6 a 7 millones de pesos.<br \/>\nLa ma\u00f1ana del lunes 30 de octubre, el jefe de cabildo particip\u00f3 en la presentaci\u00f3n de las convocatorias para el desarrollos de los cert\u00e1menes \u201cSe\u00f1orita Flor de Noche Buena\u201d y \u201cFlor de Noche Buena Infantil\u201d, que tendr\u00e1n una premiaci\u00f3n de 50 y 30 mil pesos, respectivamente.<br \/>\nComent\u00f3 que dicha feria ha entrado en un periodo de crisis durante los \u00faltimos a\u00f1os, de tal suerte que en 2016 hubo algunos espacios comerciales que se quedaron sin ocupar, pues quienes tradicionalmente los contrataban decidieron ya no venir.<br \/>\nPara este a\u00f1o, dijo que si se hace la difusi\u00f3n adecuada, adem\u00e1s de incorporar elementos que resulten atractivos para la poblaci\u00f3n, se podr\u00e1 recuperar nuevamente la atenci\u00f3n de la gente, principalmente del sector comercio.<br \/>\nEstim\u00f3 que considerando aspectos como el Teatro del Pueblo, el Paseo del Pend\u00f3n y la Plaza de Toros, el gasto que se erogar\u00e1 para el desarrollo de la feria podr\u00eda oscilar entre los 6 y 7 millones de pesos.<br \/>\nRecord\u00f3 que el Teatro del Pueblo es completamente gratis, por lo que existen artistas que llegan a cobrar hasta 2 millones de pesos, el m\u00e1s barato 900 mil, lo que permite hacer una proyecci\u00f3n de los costos.<br \/>\nEl alcalde Tejeda indic\u00f3 que se espera el respaldo econ\u00f3mico del gobierno estatal, pero todav\u00eda no se sabe de cuanto ser\u00e1 la aportaci\u00f3n.<br \/>\nLa intenci\u00f3n del patronato y del cabildo que encabeza, dijo que es tener la mayor cantidad de actividades, con costos que est\u00e9n al acceso de la poblaci\u00f3n.<br \/>\nRespecto a la seguridad, no descart\u00f3 la posibilidad de requerir el apoyo de la polic\u00eda del estado y del Ej\u00e9rcito Mexicano, para ofrecer la garant\u00eda que las familias necesitan en el cuidado de su integridad.<\/p>\n","protected":false},"excerpt":{"rendered":"<p>El alcalde Jes\u00fas Tejeda Vargas anticip\u00f3 que la feria de Navidad y A\u00f1o Nuevo 2017, la festividad m\u00e1s importante en la regi\u00f3n Centro de Guerrero tendr\u00e1 un costo de 6&hellip; <\/p>\n","protected":false},"author":1,"featured_media":0,"comment_status":"closed","ping_status":"closed","sticky":false,"template":"","format":"standard","meta":{"fifu_image_url":"","fifu_image_alt":"","footnotes":""},"categories":[13,8],"tags":[],"class_list":["post-9657","post","type-post","status-publish","format-standard","hentry","category-capital","category-featured"],"_links":{"self":[{"href":"https:\/\/www.interaccionnoticias.com.mx\/index.php?rest_route=\/wp\/v2\/posts\/9657","targetHints":{"allow":["GET"]}}],"collection":[{"href":"https:\/\/www.interaccionnoticias.com.mx\/index.php?rest_route=\/wp\/v2\/posts"}],"about":[{"href":"https:\/\/www.interaccionnoticias.com.mx\/index.php?rest_route=\/wp\/v2\/types\/post"}],"author":[{"embeddable":true,"href":"https:\/\/www.interaccionnoticias.com.mx\/index.php?rest_route=\/wp\/v2\/users\/1"}],"replies":[{"embeddable":true,"href":"https:\/\/www.interaccionnoticias.com.mx\/index.php?rest_route=%2Fwp%2Fv2%2Fcomments&post=9657"}],"version-history":[{"count":0,"href":"https:\/\/www.interaccionnoticias.com.mx\/index.php?rest_route=\/wp\/v2\/posts\/9657\/revisions"}],"wp:attachment":[{"href":"https:\/\/www.interaccionnoticias.com.mx\/index.php?rest_route=%2Fwp%2Fv2%2Fmedia&parent=9657"}],"wp:term":[{"taxonomy":"category","embeddable":true,"href":"https:\/\/www.interaccionnoticias.com.mx\/index.php?rest_route=%2Fwp%2Fv2%2Fcategories&post=9657"},{"taxonomy":"post_tag","embeddable":true,"href":"https:\/\/www.interaccionnoticias.com.mx\/index.php?rest_route=%2Fwp%2Fv2%2Ftags&post=9657"}],"curies":[{"name":"wp","href":"https:\/\/api.w.org\/{rel}","templated":true}]}}