{"id":96553,"date":"2025-10-14T16:03:00","date_gmt":"2025-10-14T22:03:00","guid":{"rendered":"https:\/\/www.interaccionnoticias.com.mx\/?p=96553"},"modified":"2025-10-14T22:53:17","modified_gmt":"2025-10-15T04:53:17","slug":"dirigente-del-pri-guerrero-rechaza-que-le-hayan-cancelado-su-visa-para-ingresar-a-estados-unidos","status":"publish","type":"post","link":"https:\/\/www.interaccionnoticias.com.mx\/?p=96553","title":{"rendered":"Dirigente del PRI-Guerrero rechaza que le hayan cancelado su visa para ingresar a Estados Unidos"},"content":{"rendered":"\n<p><strong><em>&#8212; Alejandro Bravo Abarca refiere que es v\u00edctima de una infamia<br>&#8212; Asegura que tiene vigente su visa y que puede ingresar a EUA cuando quiera o sea necesario<\/em><\/strong><\/p>\n\n\n\n<p><strong>Rogelio Agust\u00edn<\/strong><\/p>\n\n\n\n<p>El dirigente estatal del PRI, Alejandro Bravo Abarca rechaz\u00f3 que se le haya cancelado su visa para ingresar a los Estados Unidos de Norteam\u00e9rica (EUA), de tal manera que puede ingresar a dicho pa\u00eds cuando quiera o necesite.<\/p>\n\n\n\n<p>En las instalaciones del Congreso de Guerrero, Bravo Abarca hizo referencia a la versi\u00f3n que se\u00f1ala, que \u00e9l estar\u00eda en la relaci\u00f3n de pol\u00edticos mexicanos a los que el gobierno del vecino pa\u00eds del norte les ha retirado la visa, por mantener supuestos v\u00ednculos con grupos delictivos.<\/p>\n\n\n\n<p>Indic\u00f3: \u201cCuando empiezan a involucrarme a un servidor, es precisamente por comunicados que se comparten a trav\u00e9s de whatsapp, eso no es m\u00e1s que una infamia; el que lo hizo lo hizo con mucha perversidad\u201d.<\/p>\n\n\n\n<p>Agreg\u00f3: \u201cTodo lo que tenemos, quienes me conocen saben de donde viene, mis paisanos lo saben y yo tengo la cara muy en alto. Puedo ir y entrar a Estados Unidos las veces que sea necesario\u201d.<\/p>\n\n\n\n<p>En todo caso, destac\u00f3 que las versiones que tienden a generar descr\u00e9dito, son consecuencia natural \u201cde andar en la pol\u00edtica\u201d.<\/p>\n\n\n\n<p>Se le pregunt\u00f3 si los se\u00f1alamientos en su contra tienen que ver con el hecho de que sea originario de la Costa Grande, una zona de la que han emergido l\u00edderes de organizaciones delictivas como la del ex alcalde de Petatl\u00e1n, Rogaciano Alba \u00c1lvarez, quien en su momento fue vinculado con Joaqu\u00edn \u201cEl Chapo\u201d Guzm\u00e1n.<\/p>\n\n\n\n<p>\u201cSi eso fuera, entonces nadie de Sinaloa podr\u00eda entrar a Estados Unidos\u201d, replic\u00f3.<\/p>\n\n\n\n<p>En todo caso, dijo que la informaci\u00f3n dada a conocer en ese sentido, tiene para su punto de vista un origen muy claro: \u201cAlguien sin quehacer, con una mente perversa, a quien le pagaron, pues parece que por ah\u00ed estuvieron activ\u00e1ndolo\u201d.<\/p>\n","protected":false},"excerpt":{"rendered":"<p>&#8212; Alejandro Bravo Abarca refiere que es v\u00edctima de una infamia&#8212; Asegura que tiene vigente su visa y que puede ingresar a EUA cuando quiera o sea necesario Rogelio Agust\u00edn&hellip; <\/p>\n","protected":false},"author":21,"featured_media":96556,"comment_status":"open","ping_status":"open","sticky":false,"template":"","format":"standard","meta":{"fifu_image_url":"https:\/\/www.interaccionnoticias.com.mx\/wp-content\/uploads\/2025\/10\/251008-Alejandro-Bravo-Abarca.jpg","fifu_image_alt":"","footnotes":""},"categories":[21],"tags":[],"class_list":["post-96553","post","type-post","status-publish","format-standard","has-post-thumbnail","hentry","category-politica"],"_links":{"self":[{"href":"https:\/\/www.interaccionnoticias.com.mx\/index.php?rest_route=\/wp\/v2\/posts\/96553","targetHints":{"allow":["GET"]}}],"collection":[{"href":"https:\/\/www.interaccionnoticias.com.mx\/index.php?rest_route=\/wp\/v2\/posts"}],"about":[{"href":"https:\/\/www.interaccionnoticias.com.mx\/index.php?rest_route=\/wp\/v2\/types\/post"}],"author":[{"embeddable":true,"href":"https:\/\/www.interaccionnoticias.com.mx\/index.php?rest_route=\/wp\/v2\/users\/21"}],"replies":[{"embeddable":true,"href":"https:\/\/www.interaccionnoticias.com.mx\/index.php?rest_route=%2Fwp%2Fv2%2Fcomments&post=96553"}],"version-history":[{"count":1,"href":"https:\/\/www.interaccionnoticias.com.mx\/index.php?rest_route=\/wp\/v2\/posts\/96553\/revisions"}],"predecessor-version":[{"id":96555,"href":"https:\/\/www.interaccionnoticias.com.mx\/index.php?rest_route=\/wp\/v2\/posts\/96553\/revisions\/96555"}],"wp:featuredmedia":[{"embeddable":true,"href":"https:\/\/www.interaccionnoticias.com.mx\/index.php?rest_route=\/wp\/v2\/media\/96556"}],"wp:attachment":[{"href":"https:\/\/www.interaccionnoticias.com.mx\/index.php?rest_route=%2Fwp%2Fv2%2Fmedia&parent=96553"}],"wp:term":[{"taxonomy":"category","embeddable":true,"href":"https:\/\/www.interaccionnoticias.com.mx\/index.php?rest_route=%2Fwp%2Fv2%2Fcategories&post=96553"},{"taxonomy":"post_tag","embeddable":true,"href":"https:\/\/www.interaccionnoticias.com.mx\/index.php?rest_route=%2Fwp%2Fv2%2Ftags&post=96553"}],"curies":[{"name":"wp","href":"https:\/\/api.w.org\/{rel}","templated":true}]}}