{"id":9655,"date":"2017-10-30T18:06:14","date_gmt":"2017-10-31T00:06:14","guid":{"rendered":"http:\/\/www.inter-accion.com.mx\/?p=9655"},"modified":"2017-10-30T18:06:14","modified_gmt":"2017-10-31T00:06:14","slug":"guerrero-y-michoacan-firman-convenio-para-formalizar-la-zona-economica-especial-lazaro-cardenas-puerto-union","status":"publish","type":"post","link":"https:\/\/www.interaccionnoticias.com.mx\/?p=9655","title":{"rendered":"Guerrero y Michoac\u00e1n firman convenio para formalizar la Zona Econ\u00f3mica Especial L\u00e1zaro C\u00e1rdenas-Puerto Uni\u00f3n."},"content":{"rendered":"<p>Los gobernadores de Guerrero y Michoac\u00e1n, H\u00e9ctor Astudillo Flores y Silvano Aureoles, respectivamente, firmaron el convenio de coordinaci\u00f3n para el desarrollo de la Zona Econ\u00f3mica Especial L\u00e1zaro C\u00e1rdenas-Puerto Uni\u00f3n, el cual estima inversiones por 10 mil millones de d\u00f3lares en los pr\u00f3ximos 20 a\u00f1os.<br \/>\nLuego de que el Congreso del estado aprobara al poder Ejecutivo la firma del convenio, la tarde de este lunes se concret\u00f3 el proyecto de la zona especial entre los dos estados, que obedece a un programa planteado desde del gobierno federal para aumentar las inversiones.<br \/>\nEn su mensaje, Astudillo Flores indic\u00f3 que la proyecci\u00f3n econ\u00f3mica para los pr\u00f3ximos 20 a\u00f1os de la zona L\u00e1zaro C\u00e1rdenas-Puerto Uni\u00f3n es de 10 mil millones de d\u00f3lares, con la posible participaci\u00f3n de 15 empresas que se estima generen 8 mil 500 empleos directos. Ante la dimensi\u00f3n e importancia del proyecto, se\u00f1al\u00f3 que ambas entidades buscar\u00e1n blindar la zona para evitar que los hechos de violencia mermen la participaci\u00f3n de empresas.<br \/>\n\u201cSin duda es un gran atractivo y por supuesto estamos obligados a cuidarlo con&nbsp; un gran esmero entre ambos gobiernos con, por supuesto, &nbsp;la participaci\u00f3n del gobierno federal, por eso el tema&nbsp; de seguridad es un tema tambi\u00e9n que nos ocupa y nos ocupar\u00e1\u201d.<br \/>\n\u201cHemos estado&nbsp; conversando con el gobernador de Michoac\u00e1n, con el gobernador Silvano y hemos estado&nbsp; platicando tambi\u00e9n con representantes tambi\u00e9n de las autoridades federales, el prop\u00f3sito es que esta zona quede debidamente cuidada, blindada para efecto de dar los elementos necesario de seguridad y levantar el \u00e1nimo y la confianza para la inversi\u00f3n en este importante proyecto\u201d, indic\u00f3.<br \/>\nAstudillo Flores dijo que Guerrero no cuenta con un Puerto, el cual est\u00e1 en L\u00e1zaro C\u00e1rdenas, &nbsp;por lo que la participaci\u00f3n de esta entidad en la Zona Econ\u00f3mica Especial ser\u00e1 la de aportar terrenos que se encuentran en la colindancia con Michoac\u00e1n, lo que ser\u00e1 un atractivo para consolidar el proyecto.<br \/>\nEn cuanto a infraestructura, destac\u00f3 que &nbsp;Guerrero cuenta con el aeropuerto internacional de Zihuatanejo, el cual es un factor de comunicaci\u00f3n importante para el desarrollo del proyecto que se espera disminuya los niveles de pobreza de los municipios involucrados y su zona de influencia.<br \/>\n\u201cLos Guerrerenses lo tenemos como un proyecto especial de nuestros 6 a\u00f1os de gobierno y aqu\u00ed estamos y le seguiremos dando todas y&nbsp; cada uno de las atenciones que se requieran.&nbsp; Para nosotros adem\u00e1s es una formidable oportunidad de hermanarnos m\u00e1s con Michoac\u00e1n\u201d, indic\u00f3.<br \/>\nLa firma del convenio se realiz\u00f3 en el Centro de Negocios Puerto L\u00e1zaro C\u00e1rdenas, a donde asistieron, adem\u00e1s de los gobernadores de Guerrero y Michoac\u00e1n, el jefe de la Autoridad Federal para el Desarrollo Delas Zonas Econ\u00f3micas, Gerardo Guti\u00e9rrez Candiani, los presidentes municipales de L\u00e1zaro C\u00e1rdenas, &nbsp;La Uni\u00f3n &nbsp;y Zihuatanejo, el rector de la Universidad Aut\u00f3noma de Guerrero, Javier Salda\u00f1a Almaz\u00e1n, autoridades militares y representantes del sector empresarial.<br \/>\n&nbsp;<\/p>\n","protected":false},"excerpt":{"rendered":"<p>Los gobernadores de Guerrero y Michoac\u00e1n, H\u00e9ctor Astudillo Flores y Silvano Aureoles, respectivamente, firmaron el convenio de coordinaci\u00f3n para el desarrollo de la Zona Econ\u00f3mica Especial L\u00e1zaro C\u00e1rdenas-Puerto Uni\u00f3n, el&hellip; <\/p>\n","protected":false},"author":1,"featured_media":0,"comment_status":"closed","ping_status":"closed","sticky":false,"template":"","format":"standard","meta":{"fifu_image_url":"","fifu_image_alt":"","footnotes":""},"categories":[8,11],"tags":[],"class_list":["post-9655","post","type-post","status-publish","format-standard","hentry","category-featured","category-guerrero"],"_links":{"self":[{"href":"https:\/\/www.interaccionnoticias.com.mx\/index.php?rest_route=\/wp\/v2\/posts\/9655","targetHints":{"allow":["GET"]}}],"collection":[{"href":"https:\/\/www.interaccionnoticias.com.mx\/index.php?rest_route=\/wp\/v2\/posts"}],"about":[{"href":"https:\/\/www.interaccionnoticias.com.mx\/index.php?rest_route=\/wp\/v2\/types\/post"}],"author":[{"embeddable":true,"href":"https:\/\/www.interaccionnoticias.com.mx\/index.php?rest_route=\/wp\/v2\/users\/1"}],"replies":[{"embeddable":true,"href":"https:\/\/www.interaccionnoticias.com.mx\/index.php?rest_route=%2Fwp%2Fv2%2Fcomments&post=9655"}],"version-history":[{"count":0,"href":"https:\/\/www.interaccionnoticias.com.mx\/index.php?rest_route=\/wp\/v2\/posts\/9655\/revisions"}],"wp:attachment":[{"href":"https:\/\/www.interaccionnoticias.com.mx\/index.php?rest_route=%2Fwp%2Fv2%2Fmedia&parent=9655"}],"wp:term":[{"taxonomy":"category","embeddable":true,"href":"https:\/\/www.interaccionnoticias.com.mx\/index.php?rest_route=%2Fwp%2Fv2%2Fcategories&post=9655"},{"taxonomy":"post_tag","embeddable":true,"href":"https:\/\/www.interaccionnoticias.com.mx\/index.php?rest_route=%2Fwp%2Fv2%2Ftags&post=9655"}],"curies":[{"name":"wp","href":"https:\/\/api.w.org\/{rel}","templated":true}]}}