{"id":96549,"date":"2025-10-14T15:11:00","date_gmt":"2025-10-14T21:11:00","guid":{"rendered":"https:\/\/www.interaccionnoticias.com.mx\/?p=96549"},"modified":"2025-10-14T18:52:51","modified_gmt":"2025-10-15T00:52:51","slug":"protestan-trabajadores-de-la-uagro-ante-el-congreso-local-contra-la-reforma-a-la-ley-organica-de-esa-institucion","status":"publish","type":"post","link":"https:\/\/www.interaccionnoticias.com.mx\/?p=96549","title":{"rendered":"Protestan trabajadores de la UAGro ante el Congreso Local contra la Reforma a la Ley Org\u00e1nica de esa instituci\u00f3n"},"content":{"rendered":"\n<p><strong><em>&#8212; Se dijeron en contra de que se ampl\u00ede el periodo del rector y directores de 4 a 6 a\u00f1os<\/em><\/strong><\/p>\n\n\n\n<p><strong>Rosario Garc\u00eda Orozco<\/strong><\/p>\n\n\n\n<p>Acad\u00e9micos y administrativos de la Universidad Aut\u00f3noma de Guerrero (UAGro) protestaron en el Congreso Local en rechazo a la Reforma de la Ley Org\u00e1nica de la M\u00e1xima Casa de Estudios y en exigencia de una audiencia con el presidente de la Junta de Coordinaci\u00f3n Pol\u00edtica (Jucopo) del Poder Legislativo, Jes\u00fas Uri\u00f3stegui Garc\u00eda.<\/p>\n\n\n\n<p>Mencionaron que han solicitado desde el 11 de septiembre una reuni\u00f3n con el presidente de la Jucopo, Jes\u00fas Uri\u00f3stegui, pero no los ha recibido, y es que explicaron que es necesario que escuche las razones por las que no quieren que se apruebe la reforma a la Ley Org\u00e1nica de la UAGro; aunque aceptaron que de manera individual si han tenido encuentros con algunos legisladores de distintos partidos pol\u00edticos.<\/p>\n\n\n\n<p>En ese sentido, Taurino Castrej\u00f3n Salgado, trabajador del \u00e1rea jur\u00eddica de la UAGro explic\u00f3 que dicha reforma permitir\u00e1 la ampliaci\u00f3n del rectorado de Javier Salda\u00f1a Almaz\u00e1n, para acumular un periodo consecutivo de hasta 18 a\u00f1os.<\/p>\n\n\n\n<p>Los trabajadores universitarios se instalaron en una de las entradas a las instalaciones del Poder Legislativo, donde extendieron una lona y exigieron a los diputados locales no legitimar la reforma a los art\u00edculos 28 y 29 de la Ley Org\u00e1nica, aprobada por el pleno del Consejo Universitario del pasado 9 de septiembre.<\/p>\n\n\n\n<p>Los inconformes aseguraron que con la aprobaci\u00f3n de la reforma a la Ley Organiza de la UAGro el rector Javier Salda\u00f1a cumular\u00eda de manera consecutiva un periodo de 18 a\u00f1os en el cargo.<\/p>\n\n\n\n<p>Los universitarios inconformes, que forman parte de la Alianza Sindical Independiente (ASI), lamentaron que a trav\u00e9s de los integrantes del Consejo Universitario se pretenda avalar la propuesta de reforma, y aseguraron que no representan la voluntad de los 70 mil universitarios.<\/p>\n\n\n\n<p>Castrej\u00f3n Salgado lament\u00f3 que no se haya llevado la propuesta a las unidades acad\u00e9micas y a las \u00e1reas administrativas para que \u00abfu\u00e9ramos realmente los universitarios quienes determin\u00e1ramos si se ampl\u00edan o no los periodos de gesti\u00f3n del rector y los directores y directoras de las unidades acad\u00e9micas\u00bb.<\/p>\n\n\n\n<p>Agreg\u00f3 que ha habido una conducci\u00f3n perversa de la pol\u00edtica universitaria, \u00abporque se ha copado a quienes deciden y si bien es cierto exige legalidad en las decisiones, no hay legitimidad\u00bb.<\/p>\n","protected":false},"excerpt":{"rendered":"<p>&#8212; Se dijeron en contra de que se ampl\u00ede el periodo del rector y directores de 4 a 6 a\u00f1os Rosario Garc\u00eda Orozco Acad\u00e9micos y administrativos de la Universidad Aut\u00f3noma&hellip; <\/p>\n","protected":false},"author":14,"featured_media":96552,"comment_status":"open","ping_status":"open","sticky":false,"template":"","format":"standard","meta":{"fifu_image_url":"https:\/\/www.interaccionnoticias.com.mx\/wp-content\/uploads\/2025\/10\/251014-Academicos-y-administrativos-UAGro.jpg","fifu_image_alt":"","footnotes":""},"categories":[2],"tags":[],"class_list":["post-96549","post","type-post","status-publish","format-standard","has-post-thumbnail","hentry","category-congreso"],"_links":{"self":[{"href":"https:\/\/www.interaccionnoticias.com.mx\/index.php?rest_route=\/wp\/v2\/posts\/96549","targetHints":{"allow":["GET"]}}],"collection":[{"href":"https:\/\/www.interaccionnoticias.com.mx\/index.php?rest_route=\/wp\/v2\/posts"}],"about":[{"href":"https:\/\/www.interaccionnoticias.com.mx\/index.php?rest_route=\/wp\/v2\/types\/post"}],"author":[{"embeddable":true,"href":"https:\/\/www.interaccionnoticias.com.mx\/index.php?rest_route=\/wp\/v2\/users\/14"}],"replies":[{"embeddable":true,"href":"https:\/\/www.interaccionnoticias.com.mx\/index.php?rest_route=%2Fwp%2Fv2%2Fcomments&post=96549"}],"version-history":[{"count":1,"href":"https:\/\/www.interaccionnoticias.com.mx\/index.php?rest_route=\/wp\/v2\/posts\/96549\/revisions"}],"predecessor-version":[{"id":96551,"href":"https:\/\/www.interaccionnoticias.com.mx\/index.php?rest_route=\/wp\/v2\/posts\/96549\/revisions\/96551"}],"wp:featuredmedia":[{"embeddable":true,"href":"https:\/\/www.interaccionnoticias.com.mx\/index.php?rest_route=\/wp\/v2\/media\/96552"}],"wp:attachment":[{"href":"https:\/\/www.interaccionnoticias.com.mx\/index.php?rest_route=%2Fwp%2Fv2%2Fmedia&parent=96549"}],"wp:term":[{"taxonomy":"category","embeddable":true,"href":"https:\/\/www.interaccionnoticias.com.mx\/index.php?rest_route=%2Fwp%2Fv2%2Fcategories&post=96549"},{"taxonomy":"post_tag","embeddable":true,"href":"https:\/\/www.interaccionnoticias.com.mx\/index.php?rest_route=%2Fwp%2Fv2%2Ftags&post=96549"}],"curies":[{"name":"wp","href":"https:\/\/api.w.org\/{rel}","templated":true}]}}