{"id":96545,"date":"2025-10-14T14:25:00","date_gmt":"2025-10-14T20:25:00","guid":{"rendered":"https:\/\/www.interaccionnoticias.com.mx\/?p=96545"},"modified":"2025-10-14T14:25:01","modified_gmt":"2025-10-14T20:25:01","slug":"hay-tres-posibles-sedes-de-la-feria-de-navidad-y-ano-nuevo","status":"publish","type":"post","link":"https:\/\/www.interaccionnoticias.com.mx\/?p=96545","title":{"rendered":"Hay tres posibles sedes de la feria de Navidad y A\u00f1o Nuevo"},"content":{"rendered":"\n<p><strong><em>&#8212; El alcalde Gustavo Alarc\u00f3n mencion\u00f3 que el recinto ferial no lo tendr\u00e1 listo en tiempo el gobierno federal<\/em><\/strong><\/p>\n\n\n\n<p><strong>Rosario Garc\u00eda Orozco<\/strong><\/p>\n\n\n\n<p>El recinto ferial no va a quedar listo en tiempo y forma para la fecha en que inicia la 200 edici\u00f3n de la Feria de San Mateo, Navidad y A\u00f1o Nuevo de Chilpancingo, asegur\u00f3 el alcalde Gustavo Alarc\u00f3n Herrera, quien agreg\u00f3 que por esa raz\u00f3n fue necesario buscar opciones y ya se cuenta con tres posibilidades.<\/p>\n\n\n\n<p>Explic\u00f3 que junto con los integrantes del Consejo T\u00e9cnico y del Patronato de la Feria se analizan las tres opciones de predios en los que se podr\u00eda instalar la feria, y aunque no dio direcciones precisas, si mencion\u00f3 que se encuentran ubicados en la zona Centro y al sur de la ciudad, \u00aben lugares comerciales\u00bb.<\/p>\n\n\n\n<p>El alcalde capitalino fue abordado por representantes de los medios de comunicaci\u00f3n, al t\u00e9rmino del evento de inicio del programa de bacheo de calles y avenidas de la ciudad, en el que comparti\u00f3 que el Plab B de la organizaci\u00f3n de la Feria contempla buscar una opci\u00f3n alternativa, en virtud de que no ser\u00e1 posible que se lleve a cabo esa festividad en el actual espacio asignado para ese fin.<\/p>\n\n\n\n<p>\u00abNo puede ser en la zona norte porque es la entrada de la ciudad , debe ser en el centro o hacia la zona comercial al sur de la capital\u00bb, extern\u00f3 el primer edilc apitalino.<\/p>\n\n\n\n<p>Tambi\u00e9n mencion\u00f3 que el Consejo T\u00e9cnico de la Feria estar\u00e1 integrado por empresarios, junto con los integrantes del Patronato decidir\u00e1n cual es la mejor cede, \u00absin embargo, la intenci\u00f3n de estos equipos radica en que ya vamos a dejar el Patronato y todo su antecedente, y ser\u00e1 el grupo empresarial el que se encargue del resto\u00bb.<\/p>\n\n\n\n<p>Record\u00f3 que la intensi\u00f3n de crear un Consejo T\u00e9cnico es que sean los empresarios quienes se hagan cargo de las actividades de la Feria Chilpancingue\u00f1a y de las acciones en todo el transcurso del a\u00f1o para que se generen recursos econ\u00f3micos y se apliquen en el siguiente a\u00f1o.<\/p>\n\n\n\n<p>Gustavo Alarc\u00f3n refiri\u00f3 que de manera conjunta se llevan a cabo actividades de seguridad que forman parte de la estrategia de seguridad para Chilpancingo, y de manera paralela se establece el plan de seguridad para la feria de esta capital, que en este a\u00f1o cumple 200 a\u00f1os de llevarse a cabo.<\/p>\n","protected":false},"excerpt":{"rendered":"<p>&#8212; El alcalde Gustavo Alarc\u00f3n mencion\u00f3 que el recinto ferial no lo tendr\u00e1 listo en tiempo el gobierno federal Rosario Garc\u00eda Orozco El recinto ferial no va a quedar listo&hellip; <\/p>\n","protected":false},"author":14,"featured_media":96548,"comment_status":"open","ping_status":"open","sticky":false,"template":"","format":"standard","meta":{"fifu_image_url":"https:\/\/www.interaccionnoticias.com.mx\/wp-content\/uploads\/2025\/10\/251014-Gustavo-Alarcon-Herrera.jpg","fifu_image_alt":"","footnotes":""},"categories":[13],"tags":[],"class_list":["post-96545","post","type-post","status-publish","format-standard","has-post-thumbnail","hentry","category-capital"],"_links":{"self":[{"href":"https:\/\/www.interaccionnoticias.com.mx\/index.php?rest_route=\/wp\/v2\/posts\/96545","targetHints":{"allow":["GET"]}}],"collection":[{"href":"https:\/\/www.interaccionnoticias.com.mx\/index.php?rest_route=\/wp\/v2\/posts"}],"about":[{"href":"https:\/\/www.interaccionnoticias.com.mx\/index.php?rest_route=\/wp\/v2\/types\/post"}],"author":[{"embeddable":true,"href":"https:\/\/www.interaccionnoticias.com.mx\/index.php?rest_route=\/wp\/v2\/users\/14"}],"replies":[{"embeddable":true,"href":"https:\/\/www.interaccionnoticias.com.mx\/index.php?rest_route=%2Fwp%2Fv2%2Fcomments&post=96545"}],"version-history":[{"count":1,"href":"https:\/\/www.interaccionnoticias.com.mx\/index.php?rest_route=\/wp\/v2\/posts\/96545\/revisions"}],"predecessor-version":[{"id":96547,"href":"https:\/\/www.interaccionnoticias.com.mx\/index.php?rest_route=\/wp\/v2\/posts\/96545\/revisions\/96547"}],"wp:featuredmedia":[{"embeddable":true,"href":"https:\/\/www.interaccionnoticias.com.mx\/index.php?rest_route=\/wp\/v2\/media\/96548"}],"wp:attachment":[{"href":"https:\/\/www.interaccionnoticias.com.mx\/index.php?rest_route=%2Fwp%2Fv2%2Fmedia&parent=96545"}],"wp:term":[{"taxonomy":"category","embeddable":true,"href":"https:\/\/www.interaccionnoticias.com.mx\/index.php?rest_route=%2Fwp%2Fv2%2Fcategories&post=96545"},{"taxonomy":"post_tag","embeddable":true,"href":"https:\/\/www.interaccionnoticias.com.mx\/index.php?rest_route=%2Fwp%2Fv2%2Ftags&post=96545"}],"curies":[{"name":"wp","href":"https:\/\/api.w.org\/{rel}","templated":true}]}}