{"id":96535,"date":"2025-10-14T12:36:06","date_gmt":"2025-10-14T18:36:06","guid":{"rendered":"https:\/\/www.interaccionnoticias.com.mx\/?p=96535"},"modified":"2025-10-14T12:36:07","modified_gmt":"2025-10-14T18:36:07","slug":"transportistas-queman-tres-moto-patrullas-en-taxco","status":"publish","type":"post","link":"https:\/\/www.interaccionnoticias.com.mx\/?p=96535","title":{"rendered":"Transportistas queman tres moto patrullas en Taxco"},"content":{"rendered":"\n<p><em><strong>&#8212; Los trabajadores del volante refieren que la reacci\u00f3n fue porque polic\u00edas estatales golpearon a un taxista<br>&#8212; Anuncian la suspensi\u00f3n del transporte durante este martes<\/strong><\/em><\/p>\n\n\n\n<p><strong>Rosario Garc\u00eda Orozco<\/strong><\/p>\n\n\n\n<p>La madrugada de este martes, transportistas de Taxco quemaron tres moto patrullas en el acceso de las instalaciones del C2, en protesta porque polic\u00edas estatales golpearon a un taxista.<\/p>\n\n\n\n<p>Los trabajadores del volante se quejaron porque se\u00f1alaron que es com\u00fan que los elementos del Grupo Centauro de la Polic\u00eda del Estado cometa abusos contra los transportistas, sin que sus jefes pongan orden.<\/p>\n\n\n\n<p>Los transportistas protestaron por las agresiones de los elementos policiacos en el acceso del C2, porque polic\u00edas estatales a bordo de moto patrullas amenazaron y golpearon a un taxista de esa ciudad y debido a los golpes que recibi\u00f3 se encuentra en un hospital para atender sus lesiones.<\/p>\n\n\n\n<p>Por esa raz\u00f3n, un grupo de trabajadores del volante decidieron acudir a las oficinas de seguridad p\u00fablica, pero al no ser atendidos determinaron quemar 3 moto patrullas, en exigencia de respeto a la labor que realizan y un alto a los abusos policiacos.<\/p>\n\n\n\n<p>Advirtieron que este martes estar\u00e1 suspendido el servicio de transporte p\u00fablico, de tal manera que no habr\u00e1 servicio al publico, ni taxis locales y foraneos, ni combis si no se hace justicia a su compa\u00f1ero agredido.<\/p>\n\n\n\n<p>Hasta el momento las autoridades no han informado sobre el hecho, ni han dado declaraciones al respecto.<\/p>\n\n\n\n<figure class=\"wp-block-gallery has-nested-images columns-default is-cropped wp-block-gallery-1 is-layout-flex wp-block-gallery-is-layout-flex\">\n<figure class=\"wp-block-image size-large\"><img decoding=\"async\" src=\"data:image\/gif;base64,R0lGODlhAQABAIAAAAAAAP\/\/\/ywAAAAAAQABAAACAUwAOw==\" fifu-lazy=\"1\" fifu-data-sizes=\"auto\" fifu-data-srcset=\"https:\/\/i1.wp.com\/www.interaccionnoticias.com.mx\/wp-content\/uploads\/2025\/10\/251014-Transportistas-queman-patrullas-2.jpg?ssl=1&w=75&resize=75&ssl=1 75w, https:\/\/i1.wp.com\/www.interaccionnoticias.com.mx\/wp-content\/uploads\/2025\/10\/251014-Transportistas-queman-patrullas-2.jpg?ssl=1&w=100&resize=100&ssl=1 100w, https:\/\/i1.wp.com\/www.interaccionnoticias.com.mx\/wp-content\/uploads\/2025\/10\/251014-Transportistas-queman-patrullas-2.jpg?ssl=1&w=150&resize=150&ssl=1 150w, https:\/\/i1.wp.com\/www.interaccionnoticias.com.mx\/wp-content\/uploads\/2025\/10\/251014-Transportistas-queman-patrullas-2.jpg?ssl=1&w=240&resize=240&ssl=1 240w, https:\/\/i1.wp.com\/www.interaccionnoticias.com.mx\/wp-content\/uploads\/2025\/10\/251014-Transportistas-queman-patrullas-2.jpg?ssl=1&w=320&resize=320&ssl=1 320w, https:\/\/i1.wp.com\/www.interaccionnoticias.com.mx\/wp-content\/uploads\/2025\/10\/251014-Transportistas-queman-patrullas-2.jpg?ssl=1&w=500&resize=500&ssl=1 500w, https:\/\/i1.wp.com\/www.interaccionnoticias.com.mx\/wp-content\/uploads\/2025\/10\/251014-Transportistas-queman-patrullas-2.jpg?ssl=1&w=640&resize=640&ssl=1 640w, https:\/\/i1.wp.com\/www.interaccionnoticias.com.mx\/wp-content\/uploads\/2025\/10\/251014-Transportistas-queman-patrullas-2.jpg?ssl=1&w=800&resize=800&ssl=1 800w, https:\/\/i1.wp.com\/www.interaccionnoticias.com.mx\/wp-content\/uploads\/2025\/10\/251014-Transportistas-queman-patrullas-2.jpg?ssl=1&w=1024&resize=1024&ssl=1 1024w, https:\/\/i1.wp.com\/www.interaccionnoticias.com.mx\/wp-content\/uploads\/2025\/10\/251014-Transportistas-queman-patrullas-2.jpg?ssl=1&w=1280&resize=1280&ssl=1 1280w, https:\/\/i1.wp.com\/www.interaccionnoticias.com.mx\/wp-content\/uploads\/2025\/10\/251014-Transportistas-queman-patrullas-2.jpg?ssl=1&w=1600&resize=1600&ssl=1 1600w\" data-id=\"96537\" fifu-data-src=\"https:\/\/i1.wp.com\/www.interaccionnoticias.com.mx\/wp-content\/uploads\/2025\/10\/251014-Transportistas-queman-patrullas-2.jpg?ssl=1\" alt=\"\" class=\"wp-image-96537\"\/><\/figure>\n\n\n\n<figure class=\"wp-block-image size-large\"><img decoding=\"async\" src=\"data:image\/gif;base64,R0lGODlhAQABAIAAAAAAAP\/\/\/ywAAAAAAQABAAACAUwAOw==\" fifu-lazy=\"1\" fifu-data-sizes=\"auto\" fifu-data-srcset=\"https:\/\/i1.wp.com\/www.interaccionnoticias.com.mx\/wp-content\/uploads\/2025\/10\/251014-Transportistas-queman-patrullas-3.jpg?ssl=1&w=75&resize=75&ssl=1 75w, https:\/\/i1.wp.com\/www.interaccionnoticias.com.mx\/wp-content\/uploads\/2025\/10\/251014-Transportistas-queman-patrullas-3.jpg?ssl=1&w=100&resize=100&ssl=1 100w, https:\/\/i1.wp.com\/www.interaccionnoticias.com.mx\/wp-content\/uploads\/2025\/10\/251014-Transportistas-queman-patrullas-3.jpg?ssl=1&w=150&resize=150&ssl=1 150w, https:\/\/i1.wp.com\/www.interaccionnoticias.com.mx\/wp-content\/uploads\/2025\/10\/251014-Transportistas-queman-patrullas-3.jpg?ssl=1&w=240&resize=240&ssl=1 240w, https:\/\/i1.wp.com\/www.interaccionnoticias.com.mx\/wp-content\/uploads\/2025\/10\/251014-Transportistas-queman-patrullas-3.jpg?ssl=1&w=320&resize=320&ssl=1 320w, https:\/\/i1.wp.com\/www.interaccionnoticias.com.mx\/wp-content\/uploads\/2025\/10\/251014-Transportistas-queman-patrullas-3.jpg?ssl=1&w=500&resize=500&ssl=1 500w, https:\/\/i1.wp.com\/www.interaccionnoticias.com.mx\/wp-content\/uploads\/2025\/10\/251014-Transportistas-queman-patrullas-3.jpg?ssl=1&w=640&resize=640&ssl=1 640w, https:\/\/i1.wp.com\/www.interaccionnoticias.com.mx\/wp-content\/uploads\/2025\/10\/251014-Transportistas-queman-patrullas-3.jpg?ssl=1&w=800&resize=800&ssl=1 800w, https:\/\/i1.wp.com\/www.interaccionnoticias.com.mx\/wp-content\/uploads\/2025\/10\/251014-Transportistas-queman-patrullas-3.jpg?ssl=1&w=1024&resize=1024&ssl=1 1024w, https:\/\/i1.wp.com\/www.interaccionnoticias.com.mx\/wp-content\/uploads\/2025\/10\/251014-Transportistas-queman-patrullas-3.jpg?ssl=1&w=1280&resize=1280&ssl=1 1280w, https:\/\/i1.wp.com\/www.interaccionnoticias.com.mx\/wp-content\/uploads\/2025\/10\/251014-Transportistas-queman-patrullas-3.jpg?ssl=1&w=1600&resize=1600&ssl=1 1600w\" data-id=\"96538\" fifu-data-src=\"https:\/\/i1.wp.com\/www.interaccionnoticias.com.mx\/wp-content\/uploads\/2025\/10\/251014-Transportistas-queman-patrullas-3.jpg?ssl=1\" alt=\"\" class=\"wp-image-96538\"\/><\/figure>\n\n\n\n<figure class=\"wp-block-image size-large\"><img decoding=\"async\" src=\"data:image\/gif;base64,R0lGODlhAQABAIAAAAAAAP\/\/\/ywAAAAAAQABAAACAUwAOw==\" fifu-lazy=\"1\" fifu-data-sizes=\"auto\" fifu-data-srcset=\"https:\/\/i1.wp.com\/www.interaccionnoticias.com.mx\/wp-content\/uploads\/2025\/10\/251014-Transportistas-queman-patrullas-1.jpg?ssl=1&w=75&resize=75&ssl=1 75w, https:\/\/i1.wp.com\/www.interaccionnoticias.com.mx\/wp-content\/uploads\/2025\/10\/251014-Transportistas-queman-patrullas-1.jpg?ssl=1&w=100&resize=100&ssl=1 100w, https:\/\/i1.wp.com\/www.interaccionnoticias.com.mx\/wp-content\/uploads\/2025\/10\/251014-Transportistas-queman-patrullas-1.jpg?ssl=1&w=150&resize=150&ssl=1 150w, https:\/\/i1.wp.com\/www.interaccionnoticias.com.mx\/wp-content\/uploads\/2025\/10\/251014-Transportistas-queman-patrullas-1.jpg?ssl=1&w=240&resize=240&ssl=1 240w, https:\/\/i1.wp.com\/www.interaccionnoticias.com.mx\/wp-content\/uploads\/2025\/10\/251014-Transportistas-queman-patrullas-1.jpg?ssl=1&w=320&resize=320&ssl=1 320w, https:\/\/i1.wp.com\/www.interaccionnoticias.com.mx\/wp-content\/uploads\/2025\/10\/251014-Transportistas-queman-patrullas-1.jpg?ssl=1&w=500&resize=500&ssl=1 500w, https:\/\/i1.wp.com\/www.interaccionnoticias.com.mx\/wp-content\/uploads\/2025\/10\/251014-Transportistas-queman-patrullas-1.jpg?ssl=1&w=640&resize=640&ssl=1 640w, https:\/\/i1.wp.com\/www.interaccionnoticias.com.mx\/wp-content\/uploads\/2025\/10\/251014-Transportistas-queman-patrullas-1.jpg?ssl=1&w=800&resize=800&ssl=1 800w, https:\/\/i1.wp.com\/www.interaccionnoticias.com.mx\/wp-content\/uploads\/2025\/10\/251014-Transportistas-queman-patrullas-1.jpg?ssl=1&w=1024&resize=1024&ssl=1 1024w, https:\/\/i1.wp.com\/www.interaccionnoticias.com.mx\/wp-content\/uploads\/2025\/10\/251014-Transportistas-queman-patrullas-1.jpg?ssl=1&w=1280&resize=1280&ssl=1 1280w, https:\/\/i1.wp.com\/www.interaccionnoticias.com.mx\/wp-content\/uploads\/2025\/10\/251014-Transportistas-queman-patrullas-1.jpg?ssl=1&w=1600&resize=1600&ssl=1 1600w\" data-id=\"96536\" fifu-data-src=\"https:\/\/i1.wp.com\/www.interaccionnoticias.com.mx\/wp-content\/uploads\/2025\/10\/251014-Transportistas-queman-patrullas-1.jpg?ssl=1\" alt=\"\" class=\"wp-image-96536\"\/><\/figure>\n<\/figure>\n","protected":false},"excerpt":{"rendered":"<p>&#8212; Los trabajadores del volante refieren que la reacci\u00f3n fue porque polic\u00edas estatales golpearon a un taxista&#8212; Anuncian la suspensi\u00f3n del transporte durante este martes Rosario Garc\u00eda Orozco La madrugada&hellip; <\/p>\n","protected":false},"author":14,"featured_media":96540,"comment_status":"open","ping_status":"open","sticky":false,"template":"","format":"standard","meta":{"fifu_image_url":"https:\/\/www.interaccionnoticias.com.mx\/wp-content\/uploads\/2025\/10\/251014-Transportistas-queman-patrullas-3.jpg","fifu_image_alt":"","footnotes":""},"categories":[23],"tags":[],"class_list":["post-96535","post","type-post","status-publish","format-standard","has-post-thumbnail","hentry","category-regionales"],"_links":{"self":[{"href":"https:\/\/www.interaccionnoticias.com.mx\/index.php?rest_route=\/wp\/v2\/posts\/96535","targetHints":{"allow":["GET"]}}],"collection":[{"href":"https:\/\/www.interaccionnoticias.com.mx\/index.php?rest_route=\/wp\/v2\/posts"}],"about":[{"href":"https:\/\/www.interaccionnoticias.com.mx\/index.php?rest_route=\/wp\/v2\/types\/post"}],"author":[{"embeddable":true,"href":"https:\/\/www.interaccionnoticias.com.mx\/index.php?rest_route=\/wp\/v2\/users\/14"}],"replies":[{"embeddable":true,"href":"https:\/\/www.interaccionnoticias.com.mx\/index.php?rest_route=%2Fwp%2Fv2%2Fcomments&post=96535"}],"version-history":[{"count":1,"href":"https:\/\/www.interaccionnoticias.com.mx\/index.php?rest_route=\/wp\/v2\/posts\/96535\/revisions"}],"predecessor-version":[{"id":96539,"href":"https:\/\/www.interaccionnoticias.com.mx\/index.php?rest_route=\/wp\/v2\/posts\/96535\/revisions\/96539"}],"wp:featuredmedia":[{"embeddable":true,"href":"https:\/\/www.interaccionnoticias.com.mx\/index.php?rest_route=\/wp\/v2\/media\/96540"}],"wp:attachment":[{"href":"https:\/\/www.interaccionnoticias.com.mx\/index.php?rest_route=%2Fwp%2Fv2%2Fmedia&parent=96535"}],"wp:term":[{"taxonomy":"category","embeddable":true,"href":"https:\/\/www.interaccionnoticias.com.mx\/index.php?rest_route=%2Fwp%2Fv2%2Fcategories&post=96535"},{"taxonomy":"post_tag","embeddable":true,"href":"https:\/\/www.interaccionnoticias.com.mx\/index.php?rest_route=%2Fwp%2Fv2%2Ftags&post=96535"}],"curies":[{"name":"wp","href":"https:\/\/api.w.org\/{rel}","templated":true}]}}