{"id":96514,"date":"2025-10-13T17:00:00","date_gmt":"2025-10-13T23:00:00","guid":{"rendered":"https:\/\/www.interaccionnoticias.com.mx\/?p=96514"},"modified":"2025-10-13T23:03:43","modified_gmt":"2025-10-14T05:03:43","slug":"politicamente-incorrecto-9","status":"publish","type":"post","link":"https:\/\/www.interaccionnoticias.com.mx\/?p=96514","title":{"rendered":"Pol\u00edticamente Incorrecto"},"content":{"rendered":"\n<p><strong>Gracias, Magda Esparza<\/strong><\/p>\n\n\n\n<p><strong>Roberto Camps<\/strong><\/p>\n\n\n\n<p>En tiempos en que la indiferencia parece imponerse, la trayectoria de Magda Esparza Gervacio representa una bocanada de esperanza y un recordatorio del poder transformador de la acci\u00f3n social. Conozco a Magda desde hace m\u00e1s de dos d\u00e9cadas; compartimos luchas, victorias y tambi\u00e9n momentos dif\u00edciles en el \u00e1mbito pol\u00edtico, y puedo afirmar sin reservas que su compromiso con las causas nobles no ha hecho m\u00e1s que fortalecerse con los a\u00f1os.<\/p>\n\n\n\n<p>Su entrega, su constancia y su amor por los animales y el deporte la convierten en una mujer que rompe la llamada anomia social \u2014esa p\u00e9rdida de sentido colectivo, donde el ciudadano se siente ajeno a lo p\u00fablico y a la responsabilidad compartida\u2014 para demostrar que la ciudadan\u00eda se ejerce con hechos, no con discursos.<\/p>\n\n\n\n<p>En una \u00e9poca en la que muchos miran hacia otro lado frente al sufrimiento ajeno, Magda ha elegido actuar. Y ese simple acto de compromiso es una forma de resistencia. La anomia social no solo se manifiesta en la apat\u00eda, sino tambi\u00e9n en la renuncia a creer que el individuo puede transformar su entorno. Magda, con su ejemplo cotidiano, devuelve esa fe perdida. Ella demuestra que la participaci\u00f3n ciudadana no requiere de cargos p\u00fablicos ni grandes estructuras, sino de convicci\u00f3n, empat\u00eda y organizaci\u00f3n.<\/p>\n\n\n\n<p>Desde su organizaci\u00f3n Esterilizando Ando, ha impulsado campa\u00f1as gratuitas de esterilizaci\u00f3n de perros y gatos, entendidas no solo como una medida sanitaria, sino como un acto de amor y prevenci\u00f3n. Gracias a estas jornadas, cientos de familias de escasos recursos han podido acceder a un servicio que evita la sobrepoblaci\u00f3n y el sufrimiento animal. Tan solo en el \u00faltimo a\u00f1o, su equipo ha realizado m\u00e1s de mil doscientas cirug\u00edas, traducidas en miles de vidas rescatadas de la indiferencia.<\/p>\n\n\n\n<p>Su labor no se limita a la atenci\u00f3n m\u00e9dica; va mucho m\u00e1s all\u00e1. En 2022, Magda cre\u00f3 la Carrera Perruner, un evento con causa que fusiona deporte, convivencia y conciencia social. En cada edici\u00f3n, familias completas participan junto a sus mascotas, fortaleciendo el v\u00ednculo entre las personas y los animales, y construyendo comunidad desde la alegr\u00eda y el movimiento. Esta carrera se ha convertido ya en una tradici\u00f3n que une corazones y genera conciencia.<\/p>\n\n\n\n<p>Otra de sus iniciativas m\u00e1s simb\u00f3licas fue el mural \u201cCallejero Soy\u201d, pintado en una de las secundarias m\u00e1s pobladas de Chilpancingo. M\u00e1s que una obra art\u00edstica, fue una lecci\u00f3n colectiva sobre empat\u00eda y respeto hacia los animales sin hogar, sembrando en cientos de j\u00f3venes una semilla de sensibilidad y responsabilidad social. En un contexto donde muchos j\u00f3venes sienten que lo p\u00fablico no les pertenece, acciones como esta reafirman que la formaci\u00f3n de ciudadan\u00eda se construye desde la educaci\u00f3n, el arte y la conciencia.<\/p>\n\n\n\n<p>Su compromiso con la formaci\u00f3n no se detiene ah\u00ed: ha coordinado talleres gratuitos para activistas, m\u00e9dicos veterinarios y binomios caninos, fortaleciendo la red de quienes defienden y cuidan a los animales desde distintas trincheras. Tras el paso del hurac\u00e1n Otis, Magda gestion\u00f3 m\u00e1s de 15 toneladas de alimento para animales afectados, distribuidas con apoyo de la UAGro, la Unidad Canina de Protecci\u00f3n Civil y organizaciones internacionales como HSI e IFAW. Su solidaridad, incluso en los momentos m\u00e1s dif\u00edciles, la distingue como una l\u00edder con causa.<\/p>\n\n\n\n<p>Recientemente, en marzo de 2025, su organizaci\u00f3n inici\u00f3 un ciclo de colaboraci\u00f3n con veterinarios guerrerenses bajo el tema \u201cUso de Anest\u00e9sicos Veterinarios\u201d, fortaleciendo la profesionalizaci\u00f3n del sector y el trabajo conjunto entre activistas y especialistas. Durante la apertura del curso, autoridades y profesionales reconocieron el liderazgo de Magda en una causa que ya es de todos.<\/p>\n\n\n\n<p>La labor de Magda Esparza es tambi\u00e9n un ejercicio de pedagog\u00eda social. Cada jornada, cada campa\u00f1a y cada encuentro comunitario son espacios donde se recupera el valor de lo colectivo. Su ejemplo ense\u00f1a que la ciudadan\u00eda se forma desde la participaci\u00f3n, desde el trabajo compartido, desde el reconocimiento de que el bienestar com\u00fan depende de la acci\u00f3n de cada persona.<\/p>\n\n\n\n<p>Por todo ello, otorgarle la Presea Eva S\u00e1mano de L\u00f3pez Mateos, distinci\u00f3n que reconoce a personas destacadas en materia de asistencia social y salud p\u00fablica, no solo ser\u00eda un reconocimiento justo, sino tambi\u00e9n un mensaje poderoso de lo que la sociedad valora y quiere promover: la empat\u00eda, la acci\u00f3n solidaria y la construcci\u00f3n de ciudadan\u00eda corresponsable. Magda Esparza no solo defiende a los animales; inspira a las personas a ser mejores, a mirar su entorno con compasi\u00f3n y a transformar la realidad con acciones concretas.<\/p>\n\n\n\n<p>En un mundo donde muchos optan por la indiferencia, Magda eligi\u00f3 el camino de la empat\u00eda. En una sociedad donde la anomia se alimenta del desencanto, ella responde con esperanza activa. Y esa esperanza, encarnada en su ejemplo, es quiz\u00e1 la forma m\u00e1s pura y poderosa de ejercer la ciudadan\u00eda.<\/p>\n\n\n\n<p>Su historia es la prueba de que el cambio empieza en lo cotidiano, en cada vida que se protege, en cada familia que se sensibiliza, y en cada comunidad que se une por un prop\u00f3sito com\u00fan. Por eso, m\u00e1s que un reconocimiento, esta nominaci\u00f3n es una manera de decirle gracias a una mujer que ha hecho del amor, la acci\u00f3n y la constancia su forma de servir.<\/p>\n","protected":false},"excerpt":{"rendered":"<p>Gracias, Magda Esparza Roberto Camps En tiempos en que la indiferencia parece imponerse, la trayectoria de Magda Esparza Gervacio representa una bocanada de esperanza y un recordatorio del poder transformador&hellip; <\/p>\n","protected":false},"author":26,"featured_media":96517,"comment_status":"open","ping_status":"open","sticky":false,"template":"","format":"standard","meta":{"fifu_image_url":"https:\/\/www.interaccionnoticias.com.mx\/wp-content\/uploads\/2025\/10\/251013-Magda-Esparza.jpg","fifu_image_alt":"","footnotes":""},"categories":[16],"tags":[],"class_list":["post-96514","post","type-post","status-publish","format-standard","has-post-thumbnail","hentry","category-opinion"],"_links":{"self":[{"href":"https:\/\/www.interaccionnoticias.com.mx\/index.php?rest_route=\/wp\/v2\/posts\/96514","targetHints":{"allow":["GET"]}}],"collection":[{"href":"https:\/\/www.interaccionnoticias.com.mx\/index.php?rest_route=\/wp\/v2\/posts"}],"about":[{"href":"https:\/\/www.interaccionnoticias.com.mx\/index.php?rest_route=\/wp\/v2\/types\/post"}],"author":[{"embeddable":true,"href":"https:\/\/www.interaccionnoticias.com.mx\/index.php?rest_route=\/wp\/v2\/users\/26"}],"replies":[{"embeddable":true,"href":"https:\/\/www.interaccionnoticias.com.mx\/index.php?rest_route=%2Fwp%2Fv2%2Fcomments&post=96514"}],"version-history":[{"count":1,"href":"https:\/\/www.interaccionnoticias.com.mx\/index.php?rest_route=\/wp\/v2\/posts\/96514\/revisions"}],"predecessor-version":[{"id":96516,"href":"https:\/\/www.interaccionnoticias.com.mx\/index.php?rest_route=\/wp\/v2\/posts\/96514\/revisions\/96516"}],"wp:featuredmedia":[{"embeddable":true,"href":"https:\/\/www.interaccionnoticias.com.mx\/index.php?rest_route=\/wp\/v2\/media\/96517"}],"wp:attachment":[{"href":"https:\/\/www.interaccionnoticias.com.mx\/index.php?rest_route=%2Fwp%2Fv2%2Fmedia&parent=96514"}],"wp:term":[{"taxonomy":"category","embeddable":true,"href":"https:\/\/www.interaccionnoticias.com.mx\/index.php?rest_route=%2Fwp%2Fv2%2Fcategories&post=96514"},{"taxonomy":"post_tag","embeddable":true,"href":"https:\/\/www.interaccionnoticias.com.mx\/index.php?rest_route=%2Fwp%2Fv2%2Ftags&post=96514"}],"curies":[{"name":"wp","href":"https:\/\/api.w.org\/{rel}","templated":true}]}}