{"id":96508,"date":"2025-10-13T16:56:00","date_gmt":"2025-10-13T22:56:00","guid":{"rendered":"https:\/\/www.interaccionnoticias.com.mx\/?p=96508"},"modified":"2025-10-13T22:53:28","modified_gmt":"2025-10-14T04:53:28","slug":"frente-popular-de-la-montana-marcho-durante-5-horas-en-la-autopista-del-sol","status":"publish","type":"post","link":"https:\/\/www.interaccionnoticias.com.mx\/?p=96508","title":{"rendered":"Frente Popular de La Monta\u00f1a march\u00f3 durante 5 horas en la Autopista del Sol"},"content":{"rendered":"\n<p><em><strong>&#8212; Exigen la liberaci\u00f3n de presos pol\u00edticos<br>&#8212; Con marcha de \u00abpies cansados\u00bb mantuvieron sin circulaci\u00f3n el carril de norte-sur de dicha vialidad<\/strong><\/em><\/p>\n\n\n\n<p><strong>Rosario Garc\u00eda Orozco<\/strong><\/p>\n\n\n\n<p>Integrantes del Frente Popular de la Monta\u00f1a bloquearon durante m\u00e1s de cinco horas los carriles norte-sur de la Autopista del Sol, como parte de una acci\u00f3n simult\u00e1nea en 10 estados, para exigir la liberaci\u00f3n de los presos pol\u00edticos del pa\u00eds.<\/p>\n\n\n\n<p>Los manifestantes, liderados por Tel\u00e9sforo Aguilar Villanueva, dijeron ser procedentes de la regi\u00f3n de La Monta\u00f1a, primero marcharon por la lateral del boulevard Vicente Guerrero, desde la parte norte de la ciudad, posteriormente se incorporaron a los carriles Norte-Sur de la Autopista del Sol y caminaron a paso lento por esa vialidad de cuota.<\/p>\n\n\n\n<p>M\u00e1s adelante, a la altura del Invisur hicieron una parada, donde exigieron la liberaci\u00f3n de la activista Kenia Hern\u00e1ndez Montalv\u00e1n, presa en el estado de Morelos desde octubre del 2020.<\/p>\n\n\n\n<p>Aguilar Villanueva sostuvo que la movilizaci\u00f3n se lleva a cabo de manera simult\u00e1nea con organizaciones de 9 entidades m\u00e1s, con la exigencia principal de una audiencia con la presidenta Claudia Sheinbaum Pardo, para plantearle varias demandas, entre las que destacan la liberaci\u00f3n de presos pol\u00edticos.<\/p>\n\n\n\n<p>Entre los estados en los que se realizan las movilizaciones de manera simult\u00e1nea se encuentran Ciudad de M\u00e9xico, Puebla, Oaxaca y Morelos, para exigir la liberaci\u00f3n de los presos pol\u00edticos, adem\u00e1s del esclarecimiento y justicia para l\u00edderes e integrantes de organizaciones sociales de varias entidades.<\/p>\n\n\n\n<p>Del mismo modo, los manifestantes pidieron garant\u00edas de seguridad para el retorno de habitantes de localidades de Oaxaca, desplazadas por la inseguridad, as\u00ed como obras para las localidades ind\u00edgenas de Guerrero.<\/p>\n\n\n\n<p>Agregaron que este lunes una comisi\u00f3n se concentr\u00f3 en la Ciudad de M\u00e9xico, para solicitar una reuni\u00f3n de trabajo con la presidenta de la Rep\u00fablica, Claudia Sheinbaum Pardo, pero no les han aprobado ese encuentro.<\/p>\n\n\n\n<figure class=\"wp-block-gallery has-nested-images columns-default is-cropped wp-block-gallery-1 is-layout-flex wp-block-gallery-is-layout-flex\">\n<figure class=\"wp-block-image size-large\"><img decoding=\"async\" src=\"data:image\/gif;base64,R0lGODlhAQABAIAAAAAAAP\/\/\/ywAAAAAAQABAAACAUwAOw==\" fifu-lazy=\"1\" fifu-data-sizes=\"auto\" fifu-data-srcset=\"https:\/\/i1.wp.com\/www.interaccionnoticias.com.mx\/wp-content\/uploads\/2025\/10\/251013-Frente-Popular-3.jpg?ssl=1&w=75&resize=75&ssl=1 75w, https:\/\/i1.wp.com\/www.interaccionnoticias.com.mx\/wp-content\/uploads\/2025\/10\/251013-Frente-Popular-3.jpg?ssl=1&w=100&resize=100&ssl=1 100w, https:\/\/i1.wp.com\/www.interaccionnoticias.com.mx\/wp-content\/uploads\/2025\/10\/251013-Frente-Popular-3.jpg?ssl=1&w=150&resize=150&ssl=1 150w, https:\/\/i1.wp.com\/www.interaccionnoticias.com.mx\/wp-content\/uploads\/2025\/10\/251013-Frente-Popular-3.jpg?ssl=1&w=240&resize=240&ssl=1 240w, https:\/\/i1.wp.com\/www.interaccionnoticias.com.mx\/wp-content\/uploads\/2025\/10\/251013-Frente-Popular-3.jpg?ssl=1&w=320&resize=320&ssl=1 320w, https:\/\/i1.wp.com\/www.interaccionnoticias.com.mx\/wp-content\/uploads\/2025\/10\/251013-Frente-Popular-3.jpg?ssl=1&w=500&resize=500&ssl=1 500w, https:\/\/i1.wp.com\/www.interaccionnoticias.com.mx\/wp-content\/uploads\/2025\/10\/251013-Frente-Popular-3.jpg?ssl=1&w=640&resize=640&ssl=1 640w, https:\/\/i1.wp.com\/www.interaccionnoticias.com.mx\/wp-content\/uploads\/2025\/10\/251013-Frente-Popular-3.jpg?ssl=1&w=800&resize=800&ssl=1 800w, https:\/\/i1.wp.com\/www.interaccionnoticias.com.mx\/wp-content\/uploads\/2025\/10\/251013-Frente-Popular-3.jpg?ssl=1&w=1024&resize=1024&ssl=1 1024w, https:\/\/i1.wp.com\/www.interaccionnoticias.com.mx\/wp-content\/uploads\/2025\/10\/251013-Frente-Popular-3.jpg?ssl=1&w=1280&resize=1280&ssl=1 1280w, https:\/\/i1.wp.com\/www.interaccionnoticias.com.mx\/wp-content\/uploads\/2025\/10\/251013-Frente-Popular-3.jpg?ssl=1&w=1600&resize=1600&ssl=1 1600w\" data-id=\"96509\" fifu-data-src=\"https:\/\/i1.wp.com\/www.interaccionnoticias.com.mx\/wp-content\/uploads\/2025\/10\/251013-Frente-Popular-3.jpg?ssl=1\" alt=\"\" class=\"wp-image-96509\"\/><\/figure>\n\n\n\n<figure class=\"wp-block-image size-large\"><img decoding=\"async\" src=\"data:image\/gif;base64,R0lGODlhAQABAIAAAAAAAP\/\/\/ywAAAAAAQABAAACAUwAOw==\" fifu-lazy=\"1\" fifu-data-sizes=\"auto\" fifu-data-srcset=\"https:\/\/i1.wp.com\/www.interaccionnoticias.com.mx\/wp-content\/uploads\/2025\/10\/251013-Frente-Popular-1.jpg?ssl=1&w=75&resize=75&ssl=1 75w, https:\/\/i1.wp.com\/www.interaccionnoticias.com.mx\/wp-content\/uploads\/2025\/10\/251013-Frente-Popular-1.jpg?ssl=1&w=100&resize=100&ssl=1 100w, https:\/\/i1.wp.com\/www.interaccionnoticias.com.mx\/wp-content\/uploads\/2025\/10\/251013-Frente-Popular-1.jpg?ssl=1&w=150&resize=150&ssl=1 150w, https:\/\/i1.wp.com\/www.interaccionnoticias.com.mx\/wp-content\/uploads\/2025\/10\/251013-Frente-Popular-1.jpg?ssl=1&w=240&resize=240&ssl=1 240w, https:\/\/i1.wp.com\/www.interaccionnoticias.com.mx\/wp-content\/uploads\/2025\/10\/251013-Frente-Popular-1.jpg?ssl=1&w=320&resize=320&ssl=1 320w, https:\/\/i1.wp.com\/www.interaccionnoticias.com.mx\/wp-content\/uploads\/2025\/10\/251013-Frente-Popular-1.jpg?ssl=1&w=500&resize=500&ssl=1 500w, https:\/\/i1.wp.com\/www.interaccionnoticias.com.mx\/wp-content\/uploads\/2025\/10\/251013-Frente-Popular-1.jpg?ssl=1&w=640&resize=640&ssl=1 640w, https:\/\/i1.wp.com\/www.interaccionnoticias.com.mx\/wp-content\/uploads\/2025\/10\/251013-Frente-Popular-1.jpg?ssl=1&w=800&resize=800&ssl=1 800w, https:\/\/i1.wp.com\/www.interaccionnoticias.com.mx\/wp-content\/uploads\/2025\/10\/251013-Frente-Popular-1.jpg?ssl=1&w=1024&resize=1024&ssl=1 1024w, https:\/\/i1.wp.com\/www.interaccionnoticias.com.mx\/wp-content\/uploads\/2025\/10\/251013-Frente-Popular-1.jpg?ssl=1&w=1280&resize=1280&ssl=1 1280w, https:\/\/i1.wp.com\/www.interaccionnoticias.com.mx\/wp-content\/uploads\/2025\/10\/251013-Frente-Popular-1.jpg?ssl=1&w=1600&resize=1600&ssl=1 1600w\" data-id=\"96510\" fifu-data-src=\"https:\/\/i1.wp.com\/www.interaccionnoticias.com.mx\/wp-content\/uploads\/2025\/10\/251013-Frente-Popular-1.jpg?ssl=1\" alt=\"\" class=\"wp-image-96510\"\/><\/figure>\n\n\n\n<figure class=\"wp-block-image size-large\"><img decoding=\"async\" src=\"data:image\/gif;base64,R0lGODlhAQABAIAAAAAAAP\/\/\/ywAAAAAAQABAAACAUwAOw==\" fifu-lazy=\"1\" fifu-data-sizes=\"auto\" fifu-data-srcset=\"https:\/\/i1.wp.com\/www.interaccionnoticias.com.mx\/wp-content\/uploads\/2025\/10\/251013-Frente-Popular-2.jpg?ssl=1&w=75&resize=75&ssl=1 75w, https:\/\/i1.wp.com\/www.interaccionnoticias.com.mx\/wp-content\/uploads\/2025\/10\/251013-Frente-Popular-2.jpg?ssl=1&w=100&resize=100&ssl=1 100w, https:\/\/i1.wp.com\/www.interaccionnoticias.com.mx\/wp-content\/uploads\/2025\/10\/251013-Frente-Popular-2.jpg?ssl=1&w=150&resize=150&ssl=1 150w, https:\/\/i1.wp.com\/www.interaccionnoticias.com.mx\/wp-content\/uploads\/2025\/10\/251013-Frente-Popular-2.jpg?ssl=1&w=240&resize=240&ssl=1 240w, https:\/\/i1.wp.com\/www.interaccionnoticias.com.mx\/wp-content\/uploads\/2025\/10\/251013-Frente-Popular-2.jpg?ssl=1&w=320&resize=320&ssl=1 320w, https:\/\/i1.wp.com\/www.interaccionnoticias.com.mx\/wp-content\/uploads\/2025\/10\/251013-Frente-Popular-2.jpg?ssl=1&w=500&resize=500&ssl=1 500w, https:\/\/i1.wp.com\/www.interaccionnoticias.com.mx\/wp-content\/uploads\/2025\/10\/251013-Frente-Popular-2.jpg?ssl=1&w=640&resize=640&ssl=1 640w, https:\/\/i1.wp.com\/www.interaccionnoticias.com.mx\/wp-content\/uploads\/2025\/10\/251013-Frente-Popular-2.jpg?ssl=1&w=800&resize=800&ssl=1 800w, https:\/\/i1.wp.com\/www.interaccionnoticias.com.mx\/wp-content\/uploads\/2025\/10\/251013-Frente-Popular-2.jpg?ssl=1&w=1024&resize=1024&ssl=1 1024w, https:\/\/i1.wp.com\/www.interaccionnoticias.com.mx\/wp-content\/uploads\/2025\/10\/251013-Frente-Popular-2.jpg?ssl=1&w=1280&resize=1280&ssl=1 1280w, https:\/\/i1.wp.com\/www.interaccionnoticias.com.mx\/wp-content\/uploads\/2025\/10\/251013-Frente-Popular-2.jpg?ssl=1&w=1600&resize=1600&ssl=1 1600w\" data-id=\"96511\" fifu-data-src=\"https:\/\/i1.wp.com\/www.interaccionnoticias.com.mx\/wp-content\/uploads\/2025\/10\/251013-Frente-Popular-2.jpg?ssl=1\" alt=\"\" class=\"wp-image-96511\"\/><\/figure>\n<\/figure>\n","protected":false},"excerpt":{"rendered":"<p>&#8212; Exigen la liberaci\u00f3n de presos pol\u00edticos&#8212; Con marcha de \u00abpies cansados\u00bb mantuvieron sin circulaci\u00f3n el carril de norte-sur de dicha vialidad Rosario Garc\u00eda Orozco Integrantes del Frente Popular de&hellip; <\/p>\n","protected":false},"author":14,"featured_media":96513,"comment_status":"open","ping_status":"open","sticky":false,"template":"","format":"standard","meta":{"fifu_image_url":"https:\/\/www.interaccionnoticias.com.mx\/wp-content\/uploads\/2025\/10\/251013-Frente-Popular-2.jpg","fifu_image_alt":"","footnotes":""},"categories":[15],"tags":[],"class_list":["post-96508","post","type-post","status-publish","format-standard","has-post-thumbnail","hentry","category-movimientos-sociales"],"_links":{"self":[{"href":"https:\/\/www.interaccionnoticias.com.mx\/index.php?rest_route=\/wp\/v2\/posts\/96508","targetHints":{"allow":["GET"]}}],"collection":[{"href":"https:\/\/www.interaccionnoticias.com.mx\/index.php?rest_route=\/wp\/v2\/posts"}],"about":[{"href":"https:\/\/www.interaccionnoticias.com.mx\/index.php?rest_route=\/wp\/v2\/types\/post"}],"author":[{"embeddable":true,"href":"https:\/\/www.interaccionnoticias.com.mx\/index.php?rest_route=\/wp\/v2\/users\/14"}],"replies":[{"embeddable":true,"href":"https:\/\/www.interaccionnoticias.com.mx\/index.php?rest_route=%2Fwp%2Fv2%2Fcomments&post=96508"}],"version-history":[{"count":1,"href":"https:\/\/www.interaccionnoticias.com.mx\/index.php?rest_route=\/wp\/v2\/posts\/96508\/revisions"}],"predecessor-version":[{"id":96512,"href":"https:\/\/www.interaccionnoticias.com.mx\/index.php?rest_route=\/wp\/v2\/posts\/96508\/revisions\/96512"}],"wp:featuredmedia":[{"embeddable":true,"href":"https:\/\/www.interaccionnoticias.com.mx\/index.php?rest_route=\/wp\/v2\/media\/96513"}],"wp:attachment":[{"href":"https:\/\/www.interaccionnoticias.com.mx\/index.php?rest_route=%2Fwp%2Fv2%2Fmedia&parent=96508"}],"wp:term":[{"taxonomy":"category","embeddable":true,"href":"https:\/\/www.interaccionnoticias.com.mx\/index.php?rest_route=%2Fwp%2Fv2%2Fcategories&post=96508"},{"taxonomy":"post_tag","embeddable":true,"href":"https:\/\/www.interaccionnoticias.com.mx\/index.php?rest_route=%2Fwp%2Fv2%2Ftags&post=96508"}],"curies":[{"name":"wp","href":"https:\/\/api.w.org\/{rel}","templated":true}]}}