{"id":96485,"date":"2025-10-13T13:33:00","date_gmt":"2025-10-13T19:33:00","guid":{"rendered":"https:\/\/www.interaccionnoticias.com.mx\/?p=96485"},"modified":"2025-10-13T22:29:32","modified_gmt":"2025-10-14T04:29:32","slug":"este-lunes-inicia-el-desfogue-preventivo-de-la-presa-el-caracol-crecera-el-cauce-del-rio-balsas","status":"publish","type":"post","link":"https:\/\/www.interaccionnoticias.com.mx\/?p=96485","title":{"rendered":"Este lunes inicia el desfogue preventivo de la presa El Caracol, crecer\u00e1 el cauce del R\u00edo Balsas"},"content":{"rendered":"\n<p><strong><em>&#8212; A partir de las 18:00 horas, informa Protecci\u00f3n Civil del Estado<br>&#8212; Piden tomar precauciones en la Tierra Caliente<\/em><\/strong><\/p>\n\n\n\n<p><strong>Rogelio Agust\u00edn<\/strong><\/p>\n\n\n\n<p>La Comisi\u00f3n Nacional del Agua (CNA) confirm\u00f3 el desfogue controlado de la presa El Caracol, perteneciente a la Comisi\u00f3n Federal de Electricidad (CFE), con la intenci\u00f3n de regular los niveles de llenado y evitar afectaciones a la poblaci\u00f3n.<\/p>\n\n\n\n<p>La jornada del lunes 13 de octubre, la Secretar\u00eda de Gesti\u00f3n Integral de Riesgos y Protecci\u00f3n Civil (SGIRPC inform\u00f3 sobre la notificaci\u00f3n hecha por la CNA, en el sentido de que este lunes a las 18:00 horas comenzar\u00e1 la apertura de compuertas en dicha presa.<\/p>\n\n\n\n<p>Se estima una descarga de mil 840 metros c\u00fabicos por segundo, en una duraci\u00f3n aproximada de 12 horas, la cual est\u00e1 sujeta al nivel de captaci\u00f3n en la presa.<\/p>\n\n\n\n<p>Por esa raz\u00f3n, Protecci\u00f3n Civil del Estado emiti\u00f3 una alerta preventiva dirigida a los municipios de la regi\u00f3n de Tierra Caliente, pues se espera el incremento del caudal del r\u00edo Balsas para la madrugada del martes 14 de octubre.<\/p>\n\n\n\n<p>Roberto Arroyo Matus, titular de Protecci\u00f3n Civil, exhort\u00f3 a las autoridades municipales difundir informaci\u00f3n preventiva y reforzar la vigilancia en comunidades asentadas en las m\u00e1rgenes del r\u00edo, para evitar afectaciones a la poblaci\u00f3n.<\/p>\n\n\n\n<figure class=\"wp-block-gallery has-nested-images columns-default is-cropped wp-block-gallery-1 is-layout-flex wp-block-gallery-is-layout-flex\">\n<figure class=\"wp-block-image size-large\"><img decoding=\"async\" src=\"data:image\/gif;base64,R0lGODlhAQABAIAAAAAAAP\/\/\/ywAAAAAAQABAAACAUwAOw==\" fifu-lazy=\"1\" fifu-data-sizes=\"auto\" fifu-data-srcset=\"https:\/\/i3.wp.com\/www.interaccionnoticias.com.mx\/wp-content\/uploads\/2025\/10\/251013-El-Caracol-1.jpg?ssl=1&w=75&resize=75&ssl=1 75w, https:\/\/i3.wp.com\/www.interaccionnoticias.com.mx\/wp-content\/uploads\/2025\/10\/251013-El-Caracol-1.jpg?ssl=1&w=100&resize=100&ssl=1 100w, https:\/\/i3.wp.com\/www.interaccionnoticias.com.mx\/wp-content\/uploads\/2025\/10\/251013-El-Caracol-1.jpg?ssl=1&w=150&resize=150&ssl=1 150w, https:\/\/i3.wp.com\/www.interaccionnoticias.com.mx\/wp-content\/uploads\/2025\/10\/251013-El-Caracol-1.jpg?ssl=1&w=240&resize=240&ssl=1 240w, https:\/\/i3.wp.com\/www.interaccionnoticias.com.mx\/wp-content\/uploads\/2025\/10\/251013-El-Caracol-1.jpg?ssl=1&w=320&resize=320&ssl=1 320w, https:\/\/i3.wp.com\/www.interaccionnoticias.com.mx\/wp-content\/uploads\/2025\/10\/251013-El-Caracol-1.jpg?ssl=1&w=500&resize=500&ssl=1 500w, https:\/\/i3.wp.com\/www.interaccionnoticias.com.mx\/wp-content\/uploads\/2025\/10\/251013-El-Caracol-1.jpg?ssl=1&w=640&resize=640&ssl=1 640w, https:\/\/i3.wp.com\/www.interaccionnoticias.com.mx\/wp-content\/uploads\/2025\/10\/251013-El-Caracol-1.jpg?ssl=1&w=800&resize=800&ssl=1 800w, https:\/\/i3.wp.com\/www.interaccionnoticias.com.mx\/wp-content\/uploads\/2025\/10\/251013-El-Caracol-1.jpg?ssl=1&w=1024&resize=1024&ssl=1 1024w, https:\/\/i3.wp.com\/www.interaccionnoticias.com.mx\/wp-content\/uploads\/2025\/10\/251013-El-Caracol-1.jpg?ssl=1&w=1280&resize=1280&ssl=1 1280w, https:\/\/i3.wp.com\/www.interaccionnoticias.com.mx\/wp-content\/uploads\/2025\/10\/251013-El-Caracol-1.jpg?ssl=1&w=1600&resize=1600&ssl=1 1600w\" data-id=\"96487\" fifu-data-src=\"https:\/\/i3.wp.com\/www.interaccionnoticias.com.mx\/wp-content\/uploads\/2025\/10\/251013-El-Caracol-1.jpg?ssl=1\" alt=\"\" class=\"wp-image-96487\"\/><\/figure>\n\n\n\n<figure class=\"wp-block-image size-large\"><img decoding=\"async\" src=\"data:image\/gif;base64,R0lGODlhAQABAIAAAAAAAP\/\/\/ywAAAAAAQABAAACAUwAOw==\" fifu-lazy=\"1\" fifu-data-sizes=\"auto\" fifu-data-srcset=\"https:\/\/i3.wp.com\/www.interaccionnoticias.com.mx\/wp-content\/uploads\/2025\/10\/251013-El-Caracol-2.jpg?ssl=1&w=75&resize=75&ssl=1 75w, https:\/\/i3.wp.com\/www.interaccionnoticias.com.mx\/wp-content\/uploads\/2025\/10\/251013-El-Caracol-2.jpg?ssl=1&w=100&resize=100&ssl=1 100w, https:\/\/i3.wp.com\/www.interaccionnoticias.com.mx\/wp-content\/uploads\/2025\/10\/251013-El-Caracol-2.jpg?ssl=1&w=150&resize=150&ssl=1 150w, https:\/\/i3.wp.com\/www.interaccionnoticias.com.mx\/wp-content\/uploads\/2025\/10\/251013-El-Caracol-2.jpg?ssl=1&w=240&resize=240&ssl=1 240w, https:\/\/i3.wp.com\/www.interaccionnoticias.com.mx\/wp-content\/uploads\/2025\/10\/251013-El-Caracol-2.jpg?ssl=1&w=320&resize=320&ssl=1 320w, https:\/\/i3.wp.com\/www.interaccionnoticias.com.mx\/wp-content\/uploads\/2025\/10\/251013-El-Caracol-2.jpg?ssl=1&w=500&resize=500&ssl=1 500w, https:\/\/i3.wp.com\/www.interaccionnoticias.com.mx\/wp-content\/uploads\/2025\/10\/251013-El-Caracol-2.jpg?ssl=1&w=640&resize=640&ssl=1 640w, https:\/\/i3.wp.com\/www.interaccionnoticias.com.mx\/wp-content\/uploads\/2025\/10\/251013-El-Caracol-2.jpg?ssl=1&w=800&resize=800&ssl=1 800w, https:\/\/i3.wp.com\/www.interaccionnoticias.com.mx\/wp-content\/uploads\/2025\/10\/251013-El-Caracol-2.jpg?ssl=1&w=1024&resize=1024&ssl=1 1024w, https:\/\/i3.wp.com\/www.interaccionnoticias.com.mx\/wp-content\/uploads\/2025\/10\/251013-El-Caracol-2.jpg?ssl=1&w=1280&resize=1280&ssl=1 1280w, https:\/\/i3.wp.com\/www.interaccionnoticias.com.mx\/wp-content\/uploads\/2025\/10\/251013-El-Caracol-2.jpg?ssl=1&w=1600&resize=1600&ssl=1 1600w\" data-id=\"96486\" fifu-data-src=\"https:\/\/i3.wp.com\/www.interaccionnoticias.com.mx\/wp-content\/uploads\/2025\/10\/251013-El-Caracol-2.jpg?ssl=1\" alt=\"\" class=\"wp-image-96486\"\/><\/figure>\n<\/figure>\n","protected":false},"excerpt":{"rendered":"<p>&#8212; A partir de las 18:00 horas, informa Protecci\u00f3n Civil del Estado&#8212; Piden tomar precauciones en la Tierra Caliente Rogelio Agust\u00edn La Comisi\u00f3n Nacional del Agua (CNA) confirm\u00f3 el desfogue&hellip; <\/p>\n","protected":false},"author":21,"featured_media":96489,"comment_status":"open","ping_status":"open","sticky":false,"template":"","format":"standard","meta":{"fifu_image_url":"https:\/\/www.interaccionnoticias.com.mx\/wp-content\/uploads\/2025\/10\/251013-El-Caracol-1.jpg","fifu_image_alt":"","footnotes":""},"categories":[23],"tags":[],"class_list":["post-96485","post","type-post","status-publish","format-standard","has-post-thumbnail","hentry","category-regionales"],"_links":{"self":[{"href":"https:\/\/www.interaccionnoticias.com.mx\/index.php?rest_route=\/wp\/v2\/posts\/96485","targetHints":{"allow":["GET"]}}],"collection":[{"href":"https:\/\/www.interaccionnoticias.com.mx\/index.php?rest_route=\/wp\/v2\/posts"}],"about":[{"href":"https:\/\/www.interaccionnoticias.com.mx\/index.php?rest_route=\/wp\/v2\/types\/post"}],"author":[{"embeddable":true,"href":"https:\/\/www.interaccionnoticias.com.mx\/index.php?rest_route=\/wp\/v2\/users\/21"}],"replies":[{"embeddable":true,"href":"https:\/\/www.interaccionnoticias.com.mx\/index.php?rest_route=%2Fwp%2Fv2%2Fcomments&post=96485"}],"version-history":[{"count":1,"href":"https:\/\/www.interaccionnoticias.com.mx\/index.php?rest_route=\/wp\/v2\/posts\/96485\/revisions"}],"predecessor-version":[{"id":96488,"href":"https:\/\/www.interaccionnoticias.com.mx\/index.php?rest_route=\/wp\/v2\/posts\/96485\/revisions\/96488"}],"wp:featuredmedia":[{"embeddable":true,"href":"https:\/\/www.interaccionnoticias.com.mx\/index.php?rest_route=\/wp\/v2\/media\/96489"}],"wp:attachment":[{"href":"https:\/\/www.interaccionnoticias.com.mx\/index.php?rest_route=%2Fwp%2Fv2%2Fmedia&parent=96485"}],"wp:term":[{"taxonomy":"category","embeddable":true,"href":"https:\/\/www.interaccionnoticias.com.mx\/index.php?rest_route=%2Fwp%2Fv2%2Fcategories&post=96485"},{"taxonomy":"post_tag","embeddable":true,"href":"https:\/\/www.interaccionnoticias.com.mx\/index.php?rest_route=%2Fwp%2Fv2%2Ftags&post=96485"}],"curies":[{"name":"wp","href":"https:\/\/api.w.org\/{rel}","templated":true}]}}