{"id":96460,"date":"2025-10-12T19:40:00","date_gmt":"2025-10-13T01:40:00","guid":{"rendered":"https:\/\/www.interaccionnoticias.com.mx\/?p=96460"},"modified":"2025-10-12T23:03:22","modified_gmt":"2025-10-13T05:03:22","slug":"asesinan-a-ocupante-de-un-taxi-del-servicio-publico","status":"publish","type":"post","link":"https:\/\/www.interaccionnoticias.com.mx\/?p=96460","title":{"rendered":"Asesinan a ocupante de un taxi del servicio p\u00fablico"},"content":{"rendered":"\n<p><strong><em>&#8212; La v\u00edctima qued\u00f3 al interior de la unidad<\/em><\/strong><\/p>\n\n\n\n<p><strong>Javier Trujillo<\/strong><\/p>\n\n\n\n<p><strong>Acapulco, Gro.- <\/strong>Un pasajero que viajaba a bordo de un taxi fue ultimado a balazos, por sujetos armados en la carretera nacional Acapulco M\u00e9xico a la altura del \u00e1rea de La Llave de Agua, zona urbana de este destino tur\u00edstico.<\/p>\n\n\n\n<p>La v\u00edctima viajaba a bordo de un taxi, blanco con amarillo, del Servicio Colectivo, con n\u00famero econ\u00f3mico 371 y placas de circulaci\u00f3n A 891 FPC del estado de Guerrero.<\/p>\n\n\n\n<p>De acuerdo con los primeros reportes al Centro de Control, Comando, Comunicaci\u00f3n y C\u00f3mputo (C-5), aproximadamente a las 15:45 horas reportaron detonaciones de arma de fuego en la colonia Vista Hermosa, por el punto conocido como &#8216;La Llave de Agua&#8217;, en la carretera federal.<\/p>\n\n\n\n<p>De acuerdo con testigos de los hechos, se observ\u00f3 un veh\u00edculo del transporte colectivo y en el interior un hombre herido por disparos de arma de grueso calibre, y en seguida pidieron param\u00e9dicos de la Cruz Roja, pero ya hab\u00eda fallecido la v\u00edctima.<\/p>\n\n\n\n<figure class=\"wp-block-gallery has-nested-images columns-default is-cropped wp-block-gallery-1 is-layout-flex wp-block-gallery-is-layout-flex\">\n<figure class=\"wp-block-image size-large\"><img decoding=\"async\" src=\"data:image\/gif;base64,R0lGODlhAQABAIAAAAAAAP\/\/\/ywAAAAAAQABAAACAUwAOw==\" fifu-lazy=\"1\" fifu-data-sizes=\"auto\" fifu-data-srcset=\"https:\/\/i0.wp.com\/www.interaccionnoticias.com.mx\/wp-content\/uploads\/2025\/10\/251012-Asesinan-ocupante-taxi-2.jpg?ssl=1&w=75&resize=75&ssl=1 75w, https:\/\/i0.wp.com\/www.interaccionnoticias.com.mx\/wp-content\/uploads\/2025\/10\/251012-Asesinan-ocupante-taxi-2.jpg?ssl=1&w=100&resize=100&ssl=1 100w, https:\/\/i0.wp.com\/www.interaccionnoticias.com.mx\/wp-content\/uploads\/2025\/10\/251012-Asesinan-ocupante-taxi-2.jpg?ssl=1&w=150&resize=150&ssl=1 150w, https:\/\/i0.wp.com\/www.interaccionnoticias.com.mx\/wp-content\/uploads\/2025\/10\/251012-Asesinan-ocupante-taxi-2.jpg?ssl=1&w=240&resize=240&ssl=1 240w, https:\/\/i0.wp.com\/www.interaccionnoticias.com.mx\/wp-content\/uploads\/2025\/10\/251012-Asesinan-ocupante-taxi-2.jpg?ssl=1&w=320&resize=320&ssl=1 320w, https:\/\/i0.wp.com\/www.interaccionnoticias.com.mx\/wp-content\/uploads\/2025\/10\/251012-Asesinan-ocupante-taxi-2.jpg?ssl=1&w=500&resize=500&ssl=1 500w, https:\/\/i0.wp.com\/www.interaccionnoticias.com.mx\/wp-content\/uploads\/2025\/10\/251012-Asesinan-ocupante-taxi-2.jpg?ssl=1&w=640&resize=640&ssl=1 640w, https:\/\/i0.wp.com\/www.interaccionnoticias.com.mx\/wp-content\/uploads\/2025\/10\/251012-Asesinan-ocupante-taxi-2.jpg?ssl=1&w=800&resize=800&ssl=1 800w, https:\/\/i0.wp.com\/www.interaccionnoticias.com.mx\/wp-content\/uploads\/2025\/10\/251012-Asesinan-ocupante-taxi-2.jpg?ssl=1&w=1024&resize=1024&ssl=1 1024w, https:\/\/i0.wp.com\/www.interaccionnoticias.com.mx\/wp-content\/uploads\/2025\/10\/251012-Asesinan-ocupante-taxi-2.jpg?ssl=1&w=1280&resize=1280&ssl=1 1280w, https:\/\/i0.wp.com\/www.interaccionnoticias.com.mx\/wp-content\/uploads\/2025\/10\/251012-Asesinan-ocupante-taxi-2.jpg?ssl=1&w=1600&resize=1600&ssl=1 1600w\" data-id=\"96462\" fifu-data-src=\"https:\/\/i0.wp.com\/www.interaccionnoticias.com.mx\/wp-content\/uploads\/2025\/10\/251012-Asesinan-ocupante-taxi-2.jpg?ssl=1\" alt=\"\" class=\"wp-image-96462\"\/><\/figure>\n\n\n\n<figure class=\"wp-block-image size-large\"><img decoding=\"async\" src=\"data:image\/gif;base64,R0lGODlhAQABAIAAAAAAAP\/\/\/ywAAAAAAQABAAACAUwAOw==\" fifu-lazy=\"1\" fifu-data-sizes=\"auto\" fifu-data-srcset=\"https:\/\/i0.wp.com\/www.interaccionnoticias.com.mx\/wp-content\/uploads\/2025\/10\/251012-Asesinan-ocupante-taxi-3.jpg?ssl=1&w=75&resize=75&ssl=1 75w, https:\/\/i0.wp.com\/www.interaccionnoticias.com.mx\/wp-content\/uploads\/2025\/10\/251012-Asesinan-ocupante-taxi-3.jpg?ssl=1&w=100&resize=100&ssl=1 100w, https:\/\/i0.wp.com\/www.interaccionnoticias.com.mx\/wp-content\/uploads\/2025\/10\/251012-Asesinan-ocupante-taxi-3.jpg?ssl=1&w=150&resize=150&ssl=1 150w, https:\/\/i0.wp.com\/www.interaccionnoticias.com.mx\/wp-content\/uploads\/2025\/10\/251012-Asesinan-ocupante-taxi-3.jpg?ssl=1&w=240&resize=240&ssl=1 240w, https:\/\/i0.wp.com\/www.interaccionnoticias.com.mx\/wp-content\/uploads\/2025\/10\/251012-Asesinan-ocupante-taxi-3.jpg?ssl=1&w=320&resize=320&ssl=1 320w, https:\/\/i0.wp.com\/www.interaccionnoticias.com.mx\/wp-content\/uploads\/2025\/10\/251012-Asesinan-ocupante-taxi-3.jpg?ssl=1&w=500&resize=500&ssl=1 500w, https:\/\/i0.wp.com\/www.interaccionnoticias.com.mx\/wp-content\/uploads\/2025\/10\/251012-Asesinan-ocupante-taxi-3.jpg?ssl=1&w=640&resize=640&ssl=1 640w, https:\/\/i0.wp.com\/www.interaccionnoticias.com.mx\/wp-content\/uploads\/2025\/10\/251012-Asesinan-ocupante-taxi-3.jpg?ssl=1&w=800&resize=800&ssl=1 800w, https:\/\/i0.wp.com\/www.interaccionnoticias.com.mx\/wp-content\/uploads\/2025\/10\/251012-Asesinan-ocupante-taxi-3.jpg?ssl=1&w=1024&resize=1024&ssl=1 1024w, https:\/\/i0.wp.com\/www.interaccionnoticias.com.mx\/wp-content\/uploads\/2025\/10\/251012-Asesinan-ocupante-taxi-3.jpg?ssl=1&w=1280&resize=1280&ssl=1 1280w, https:\/\/i0.wp.com\/www.interaccionnoticias.com.mx\/wp-content\/uploads\/2025\/10\/251012-Asesinan-ocupante-taxi-3.jpg?ssl=1&w=1600&resize=1600&ssl=1 1600w\" data-id=\"96461\" fifu-data-src=\"https:\/\/i0.wp.com\/www.interaccionnoticias.com.mx\/wp-content\/uploads\/2025\/10\/251012-Asesinan-ocupante-taxi-3.jpg?ssl=1\" alt=\"\" class=\"wp-image-96461\"\/><\/figure>\n\n\n\n<figure class=\"wp-block-image size-large\"><img decoding=\"async\" src=\"data:image\/gif;base64,R0lGODlhAQABAIAAAAAAAP\/\/\/ywAAAAAAQABAAACAUwAOw==\" fifu-lazy=\"1\" fifu-data-sizes=\"auto\" fifu-data-srcset=\"https:\/\/i0.wp.com\/www.interaccionnoticias.com.mx\/wp-content\/uploads\/2025\/10\/251012-Asesinan-ocupante-taxi-1.jpg?ssl=1&w=75&resize=75&ssl=1 75w, https:\/\/i0.wp.com\/www.interaccionnoticias.com.mx\/wp-content\/uploads\/2025\/10\/251012-Asesinan-ocupante-taxi-1.jpg?ssl=1&w=100&resize=100&ssl=1 100w, https:\/\/i0.wp.com\/www.interaccionnoticias.com.mx\/wp-content\/uploads\/2025\/10\/251012-Asesinan-ocupante-taxi-1.jpg?ssl=1&w=150&resize=150&ssl=1 150w, https:\/\/i0.wp.com\/www.interaccionnoticias.com.mx\/wp-content\/uploads\/2025\/10\/251012-Asesinan-ocupante-taxi-1.jpg?ssl=1&w=240&resize=240&ssl=1 240w, https:\/\/i0.wp.com\/www.interaccionnoticias.com.mx\/wp-content\/uploads\/2025\/10\/251012-Asesinan-ocupante-taxi-1.jpg?ssl=1&w=320&resize=320&ssl=1 320w, https:\/\/i0.wp.com\/www.interaccionnoticias.com.mx\/wp-content\/uploads\/2025\/10\/251012-Asesinan-ocupante-taxi-1.jpg?ssl=1&w=500&resize=500&ssl=1 500w, https:\/\/i0.wp.com\/www.interaccionnoticias.com.mx\/wp-content\/uploads\/2025\/10\/251012-Asesinan-ocupante-taxi-1.jpg?ssl=1&w=640&resize=640&ssl=1 640w, https:\/\/i0.wp.com\/www.interaccionnoticias.com.mx\/wp-content\/uploads\/2025\/10\/251012-Asesinan-ocupante-taxi-1.jpg?ssl=1&w=800&resize=800&ssl=1 800w, https:\/\/i0.wp.com\/www.interaccionnoticias.com.mx\/wp-content\/uploads\/2025\/10\/251012-Asesinan-ocupante-taxi-1.jpg?ssl=1&w=1024&resize=1024&ssl=1 1024w, https:\/\/i0.wp.com\/www.interaccionnoticias.com.mx\/wp-content\/uploads\/2025\/10\/251012-Asesinan-ocupante-taxi-1.jpg?ssl=1&w=1280&resize=1280&ssl=1 1280w, https:\/\/i0.wp.com\/www.interaccionnoticias.com.mx\/wp-content\/uploads\/2025\/10\/251012-Asesinan-ocupante-taxi-1.jpg?ssl=1&w=1600&resize=1600&ssl=1 1600w\" data-id=\"96463\" fifu-data-src=\"https:\/\/i0.wp.com\/www.interaccionnoticias.com.mx\/wp-content\/uploads\/2025\/10\/251012-Asesinan-ocupante-taxi-1.jpg?ssl=1\" alt=\"\" class=\"wp-image-96463\"\/><\/figure>\n<\/figure>\n","protected":false},"excerpt":{"rendered":"<p>&#8212; La v\u00edctima qued\u00f3 al interior de la unidad Javier Trujillo Acapulco, Gro.- Un pasajero que viajaba a bordo de un taxi fue ultimado a balazos, por sujetos armados en&hellip; <\/p>\n","protected":false},"author":3,"featured_media":96465,"comment_status":"open","ping_status":"open","sticky":false,"template":"","format":"standard","meta":{"fifu_image_url":"https:\/\/www.interaccionnoticias.com.mx\/wp-content\/uploads\/2025\/10\/251012-Asesinan-ocupante-taxi-3.jpg","fifu_image_alt":"","footnotes":""},"categories":[27],"tags":[],"class_list":["post-96460","post","type-post","status-publish","format-standard","has-post-thumbnail","hentry","category-seguridad-publica"],"_links":{"self":[{"href":"https:\/\/www.interaccionnoticias.com.mx\/index.php?rest_route=\/wp\/v2\/posts\/96460","targetHints":{"allow":["GET"]}}],"collection":[{"href":"https:\/\/www.interaccionnoticias.com.mx\/index.php?rest_route=\/wp\/v2\/posts"}],"about":[{"href":"https:\/\/www.interaccionnoticias.com.mx\/index.php?rest_route=\/wp\/v2\/types\/post"}],"author":[{"embeddable":true,"href":"https:\/\/www.interaccionnoticias.com.mx\/index.php?rest_route=\/wp\/v2\/users\/3"}],"replies":[{"embeddable":true,"href":"https:\/\/www.interaccionnoticias.com.mx\/index.php?rest_route=%2Fwp%2Fv2%2Fcomments&post=96460"}],"version-history":[{"count":1,"href":"https:\/\/www.interaccionnoticias.com.mx\/index.php?rest_route=\/wp\/v2\/posts\/96460\/revisions"}],"predecessor-version":[{"id":96464,"href":"https:\/\/www.interaccionnoticias.com.mx\/index.php?rest_route=\/wp\/v2\/posts\/96460\/revisions\/96464"}],"wp:featuredmedia":[{"embeddable":true,"href":"https:\/\/www.interaccionnoticias.com.mx\/index.php?rest_route=\/wp\/v2\/media\/96465"}],"wp:attachment":[{"href":"https:\/\/www.interaccionnoticias.com.mx\/index.php?rest_route=%2Fwp%2Fv2%2Fmedia&parent=96460"}],"wp:term":[{"taxonomy":"category","embeddable":true,"href":"https:\/\/www.interaccionnoticias.com.mx\/index.php?rest_route=%2Fwp%2Fv2%2Fcategories&post=96460"},{"taxonomy":"post_tag","embeddable":true,"href":"https:\/\/www.interaccionnoticias.com.mx\/index.php?rest_route=%2Fwp%2Fv2%2Ftags&post=96460"}],"curies":[{"name":"wp","href":"https:\/\/api.w.org\/{rel}","templated":true}]}}