{"id":96278,"date":"2025-10-09T13:00:00","date_gmt":"2025-10-09T19:00:00","guid":{"rendered":"https:\/\/www.interaccionnoticias.com.mx\/?p=96278"},"modified":"2025-10-09T15:31:52","modified_gmt":"2025-10-09T21:31:52","slug":"la-depresion-16-e-ya-es-tormenta-tropical-raymond","status":"publish","type":"post","link":"https:\/\/www.interaccionnoticias.com.mx\/?p=96278","title":{"rendered":"La depresi\u00f3n 16-E ya es \u00abTormenta Tropical Raymond\u00bb"},"content":{"rendered":"\n<p><strong><em>&#8212; Existe probabilidad de formaci\u00f3n de un cicl\u00f3n tropical en 48 horas<br>&#8212; Persisten las lluvias en las costas y Acapulco<\/em><\/strong><\/p>\n\n\n\n<p><strong>Javier Trujillo<\/strong><\/p>\n\n\n\n<p><strong>Acapulco, Gro.- <\/strong>La Secretar\u00eda de Gesti\u00f3n Integral de Riesgos y Protecci\u00f3n Civil de Guerrero, inform\u00f3 este mediod\u00eda que la Depresi\u00f3n Tropical Diecisiete-E se intensific\u00f3 a la Tormenta Tropical y ahora es \u201cRaymond\u201d frente a las costas de Guerrero.<\/p>\n\n\n\n<p>El titular de Gesti\u00f3n Integral de Riesgos y Protecci\u00f3n Civil, Roberto Arroyo Matus, al encabezar una reuni\u00f3n con representantes de los tres \u00f3rdenes de gobierno, para establecer y coordinar una estrategia de trabajo, para fortalecer acciones preventivas y una atenci\u00f3n eficaz a la ciudadan\u00eda por las lluvias pronosticadas para las pr\u00f3ximas horas por el paso de la Tormenta Tropical \u201cRaymond\u201d.<\/p>\n\n\n\n<p>Se inform\u00f3 en la reuni\u00f3n que se llev\u00f3 a cabo en las instalaciones de la Octava Regi\u00f3n Naval de Acapulco, se acord\u00f3 establecer una ruta de trabajo coordinada, como medida preventiva para contemplar y prever cualquier circunstancia de riesgo, con el prop\u00f3sito de aplicar los protocolos preventivos para salvaguardar la integridad f\u00edsica y el patrimonio de la poblaci\u00f3n.<\/p>\n\n\n\n<p>De acuerdo con el pron\u00f3stico, el paso de la tormenta tropical frente a las costas del estado de Guerrero, favorecer\u00e1 el potencial de lluvias torrenciales en varias zonas de la entidad, as\u00ed como fuertes rachas de viento y alto oleaje en toda la franja costera.<\/p>\n\n\n\n<p>Arroyo Matus dijo que la encomienda de la gobernadora Evelyn Salgado Pineda, es extremar el trabajo preventivo, as\u00ed como el alertamiento y monitoreo.<\/p>\n\n\n\n<p>Antes, la Administraci\u00f3n del Sistema Portuario Nacional (ASIPONA) de Acapulco, inform\u00f3 que debido a las condiciones climatol\u00f3gicas adversas y la probabilidad de desarrollo de un cicl\u00f3n tropical, se cancele el arribo del crucero Norwegian Joy.<\/p>\n\n\n\n<p>A trav\u00e9s de un comunicado oficial, la ASIPONA dio a conocer la determinaci\u00f3n de no autorizar la llegada del crucero a este destino tur\u00edstico.<\/p>\n\n\n\n<p>Se precisa que el cierre del puerto es para todas las embarcaciones menores y mayores en la bah\u00eda de Acapulco.<\/p>\n\n\n\n<p>Mientras tanto el gobierno municipal, a trav\u00e9s de la Coordinaci\u00f3n de Protecci\u00f3n Civil y Bomberos de Acapulco, inform\u00f3 de una baja presi\u00f3n al sur de las costas del estado de Guerrero, localizada aproximadamente a 130 kil\u00f3metros de este destino de playa.<\/p>\n\n\n\n<p>Se indica que se increment\u00f3 en un 90 por ciento su probabilidad para desarrollo cicl\u00f3nico en 48 horas, y se desplaza hacia el oeste noroeste a una velocidad de 16 a 24 kil\u00f3metros por hora y se preve qu\u00e9 puede evolucionar a cicl\u00f3n tropical.<\/p>\n\n\n\n<p>Se detalla que hay un denso, n\u00facleo, nuboso en el pac\u00edfico mexicano, frente a las cosas que guerrerenses que se desplaza hacia la regi\u00f3n de la Costa Grande, manteni\u00e9ndose mayormente sobre el oc\u00e9ano.<\/p>\n\n\n\n<p>Hasta el momento se han presentado lluvias ligeras en toda la ciudad y fuertes rachas de viento, sobre todo en la zona Poniente del puerto de Acapulco .<\/p>\n\n\n\n<p>Las autoridades llaman a seguir tomando precauciones en el transcurso de este jueves, ante la posibilidad de desprendimientos, nubosos, asoci\u00e1ndocoe a la zona de baja presi\u00f3n frente a las costas de Guerrero.<\/p>\n\n\n\n<figure class=\"wp-block-gallery has-nested-images columns-default is-cropped wp-block-gallery-1 is-layout-flex wp-block-gallery-is-layout-flex\">\n<figure class=\"wp-block-image size-large\"><img decoding=\"async\" src=\"data:image\/gif;base64,R0lGODlhAQABAIAAAAAAAP\/\/\/ywAAAAAAQABAAACAUwAOw==\" fifu-lazy=\"1\" fifu-data-sizes=\"auto\" fifu-data-srcset=\"https:\/\/i0.wp.com\/www.interaccionnoticias.com.mx\/wp-content\/uploads\/2025\/10\/251009-SGIRPCGRO-2.jpg?ssl=1&w=75&resize=75&ssl=1 75w, https:\/\/i0.wp.com\/www.interaccionnoticias.com.mx\/wp-content\/uploads\/2025\/10\/251009-SGIRPCGRO-2.jpg?ssl=1&w=100&resize=100&ssl=1 100w, https:\/\/i0.wp.com\/www.interaccionnoticias.com.mx\/wp-content\/uploads\/2025\/10\/251009-SGIRPCGRO-2.jpg?ssl=1&w=150&resize=150&ssl=1 150w, https:\/\/i0.wp.com\/www.interaccionnoticias.com.mx\/wp-content\/uploads\/2025\/10\/251009-SGIRPCGRO-2.jpg?ssl=1&w=240&resize=240&ssl=1 240w, https:\/\/i0.wp.com\/www.interaccionnoticias.com.mx\/wp-content\/uploads\/2025\/10\/251009-SGIRPCGRO-2.jpg?ssl=1&w=320&resize=320&ssl=1 320w, https:\/\/i0.wp.com\/www.interaccionnoticias.com.mx\/wp-content\/uploads\/2025\/10\/251009-SGIRPCGRO-2.jpg?ssl=1&w=500&resize=500&ssl=1 500w, https:\/\/i0.wp.com\/www.interaccionnoticias.com.mx\/wp-content\/uploads\/2025\/10\/251009-SGIRPCGRO-2.jpg?ssl=1&w=640&resize=640&ssl=1 640w, https:\/\/i0.wp.com\/www.interaccionnoticias.com.mx\/wp-content\/uploads\/2025\/10\/251009-SGIRPCGRO-2.jpg?ssl=1&w=800&resize=800&ssl=1 800w, https:\/\/i0.wp.com\/www.interaccionnoticias.com.mx\/wp-content\/uploads\/2025\/10\/251009-SGIRPCGRO-2.jpg?ssl=1&w=1024&resize=1024&ssl=1 1024w, https:\/\/i0.wp.com\/www.interaccionnoticias.com.mx\/wp-content\/uploads\/2025\/10\/251009-SGIRPCGRO-2.jpg?ssl=1&w=1280&resize=1280&ssl=1 1280w, https:\/\/i0.wp.com\/www.interaccionnoticias.com.mx\/wp-content\/uploads\/2025\/10\/251009-SGIRPCGRO-2.jpg?ssl=1&w=1600&resize=1600&ssl=1 1600w\" data-id=\"96279\" fifu-data-src=\"https:\/\/i0.wp.com\/www.interaccionnoticias.com.mx\/wp-content\/uploads\/2025\/10\/251009-SGIRPCGRO-2.jpg?ssl=1\" alt=\"\" class=\"wp-image-96279\"\/><\/figure>\n\n\n\n<figure class=\"wp-block-image size-large\"><img decoding=\"async\" src=\"data:image\/gif;base64,R0lGODlhAQABAIAAAAAAAP\/\/\/ywAAAAAAQABAAACAUwAOw==\" fifu-lazy=\"1\" fifu-data-sizes=\"auto\" fifu-data-srcset=\"https:\/\/i0.wp.com\/www.interaccionnoticias.com.mx\/wp-content\/uploads\/2025\/10\/251009-SGIRPCGRO-1.jpg?ssl=1&w=75&resize=75&ssl=1 75w, https:\/\/i0.wp.com\/www.interaccionnoticias.com.mx\/wp-content\/uploads\/2025\/10\/251009-SGIRPCGRO-1.jpg?ssl=1&w=100&resize=100&ssl=1 100w, https:\/\/i0.wp.com\/www.interaccionnoticias.com.mx\/wp-content\/uploads\/2025\/10\/251009-SGIRPCGRO-1.jpg?ssl=1&w=150&resize=150&ssl=1 150w, https:\/\/i0.wp.com\/www.interaccionnoticias.com.mx\/wp-content\/uploads\/2025\/10\/251009-SGIRPCGRO-1.jpg?ssl=1&w=240&resize=240&ssl=1 240w, https:\/\/i0.wp.com\/www.interaccionnoticias.com.mx\/wp-content\/uploads\/2025\/10\/251009-SGIRPCGRO-1.jpg?ssl=1&w=320&resize=320&ssl=1 320w, https:\/\/i0.wp.com\/www.interaccionnoticias.com.mx\/wp-content\/uploads\/2025\/10\/251009-SGIRPCGRO-1.jpg?ssl=1&w=500&resize=500&ssl=1 500w, https:\/\/i0.wp.com\/www.interaccionnoticias.com.mx\/wp-content\/uploads\/2025\/10\/251009-SGIRPCGRO-1.jpg?ssl=1&w=640&resize=640&ssl=1 640w, https:\/\/i0.wp.com\/www.interaccionnoticias.com.mx\/wp-content\/uploads\/2025\/10\/251009-SGIRPCGRO-1.jpg?ssl=1&w=800&resize=800&ssl=1 800w, https:\/\/i0.wp.com\/www.interaccionnoticias.com.mx\/wp-content\/uploads\/2025\/10\/251009-SGIRPCGRO-1.jpg?ssl=1&w=1024&resize=1024&ssl=1 1024w, https:\/\/i0.wp.com\/www.interaccionnoticias.com.mx\/wp-content\/uploads\/2025\/10\/251009-SGIRPCGRO-1.jpg?ssl=1&w=1280&resize=1280&ssl=1 1280w, https:\/\/i0.wp.com\/www.interaccionnoticias.com.mx\/wp-content\/uploads\/2025\/10\/251009-SGIRPCGRO-1.jpg?ssl=1&w=1600&resize=1600&ssl=1 1600w\" data-id=\"96280\" fifu-data-src=\"https:\/\/i0.wp.com\/www.interaccionnoticias.com.mx\/wp-content\/uploads\/2025\/10\/251009-SGIRPCGRO-1.jpg?ssl=1\" alt=\"\" class=\"wp-image-96280\"\/><\/figure>\n<\/figure>\n","protected":false},"excerpt":{"rendered":"<p>&#8212; Existe probabilidad de formaci\u00f3n de un cicl\u00f3n tropical en 48 horas&#8212; Persisten las lluvias en las costas y Acapulco Javier Trujillo Acapulco, Gro.- La Secretar\u00eda de Gesti\u00f3n Integral de&hellip; <\/p>\n","protected":false},"author":3,"featured_media":96282,"comment_status":"open","ping_status":"open","sticky":false,"template":"","format":"standard","meta":{"fifu_image_url":"https:\/\/www.interaccionnoticias.com.mx\/wp-content\/uploads\/2025\/10\/251009-SGIRPCGRO-2.jpg","fifu_image_alt":"","footnotes":""},"categories":[11],"tags":[],"class_list":["post-96278","post","type-post","status-publish","format-standard","has-post-thumbnail","hentry","category-guerrero"],"_links":{"self":[{"href":"https:\/\/www.interaccionnoticias.com.mx\/index.php?rest_route=\/wp\/v2\/posts\/96278","targetHints":{"allow":["GET"]}}],"collection":[{"href":"https:\/\/www.interaccionnoticias.com.mx\/index.php?rest_route=\/wp\/v2\/posts"}],"about":[{"href":"https:\/\/www.interaccionnoticias.com.mx\/index.php?rest_route=\/wp\/v2\/types\/post"}],"author":[{"embeddable":true,"href":"https:\/\/www.interaccionnoticias.com.mx\/index.php?rest_route=\/wp\/v2\/users\/3"}],"replies":[{"embeddable":true,"href":"https:\/\/www.interaccionnoticias.com.mx\/index.php?rest_route=%2Fwp%2Fv2%2Fcomments&post=96278"}],"version-history":[{"count":1,"href":"https:\/\/www.interaccionnoticias.com.mx\/index.php?rest_route=\/wp\/v2\/posts\/96278\/revisions"}],"predecessor-version":[{"id":96281,"href":"https:\/\/www.interaccionnoticias.com.mx\/index.php?rest_route=\/wp\/v2\/posts\/96278\/revisions\/96281"}],"wp:featuredmedia":[{"embeddable":true,"href":"https:\/\/www.interaccionnoticias.com.mx\/index.php?rest_route=\/wp\/v2\/media\/96282"}],"wp:attachment":[{"href":"https:\/\/www.interaccionnoticias.com.mx\/index.php?rest_route=%2Fwp%2Fv2%2Fmedia&parent=96278"}],"wp:term":[{"taxonomy":"category","embeddable":true,"href":"https:\/\/www.interaccionnoticias.com.mx\/index.php?rest_route=%2Fwp%2Fv2%2Fcategories&post=96278"},{"taxonomy":"post_tag","embeddable":true,"href":"https:\/\/www.interaccionnoticias.com.mx\/index.php?rest_route=%2Fwp%2Fv2%2Ftags&post=96278"}],"curies":[{"name":"wp","href":"https:\/\/api.w.org\/{rel}","templated":true}]}}