{"id":96267,"date":"2025-10-09T12:55:00","date_gmt":"2025-10-09T18:55:00","guid":{"rendered":"https:\/\/www.interaccionnoticias.com.mx\/?p=96267"},"modified":"2025-10-09T15:07:55","modified_gmt":"2025-10-09T21:07:55","slug":"avanza-con-retrasos-el-nuevo-recinto-ferial-de-chilpancingo-sedatu-proyecta-concluirlo-en-diciembre","status":"publish","type":"post","link":"https:\/\/www.interaccionnoticias.com.mx\/?p=96267","title":{"rendered":"Avanza con retrasos el nuevo recinto ferial de Chilpancingo; SEDATU proyecta concluirlo en diciembre"},"content":{"rendered":"\n<p><strong><em>&#8212; Autoridades municipales y federales buscan acelerar la obra ante la proximidad de la Feria de San Mateo<\/em><\/strong><\/p>\n\n\n\n<p><strong>Jes\u00fas Dorantes \/ Chilpancingo<\/strong><\/p>\n\n\n\n<p>El nuevo recinto ferial de Chilpancingo contin\u00faa en construcci\u00f3n, pero los retrasos han generado preocupaci\u00f3n entre autoridades municipales y organizadores de la Feria de San Mateo, Navidad y A\u00f1o Nuevo. Representantes de la Secretar\u00eda de Desarrollo Agrario, Territorial y Urbano (SEDATU) realizaron este jueves un recorrido por las instalaciones y confirmaron que el Gobierno Federal espera concluir los trabajos antes de diciembre.<\/p>\n\n\n\n<p>El funcionario federal encargado de la inspecci\u00f3n no se identific\u00f3 ante los medios, pero destac\u00f3 que la obra sigue bajo la supervisi\u00f3n de la SEDATU y que se trabaja para resolver los problemas que han impedido su avance.<\/p>\n\n\n\n<p>Por su parte, Juan Antonio Luquin, titular de Obras P\u00fablicas del Ayuntamiento, reconoci\u00f3 que la construcci\u00f3n ha presentado retrasos importantes y que la obra a\u00fan no est\u00e1 lista.<\/p>\n\n\n\n<p>\u201cNo me voy satisfecho, me voy preocupado. Nos expusieron los avances y el estatus actual del recinto, pero la obra est\u00e1 parada\u201d, dijo Luquin al concluir el recorrido.<\/p>\n\n\n\n<p>El secretario municipal indic\u00f3 que, aunque la responsabilidad principal recae en el Gobierno Federal, el Ayuntamiento ha ofrecido apoyo t\u00e9cnico complementario para atender temas como el drenaje y el suministro de agua.<\/p>\n\n\n\n<figure class=\"wp-block-gallery has-nested-images columns-default is-cropped wp-block-gallery-1 is-layout-flex wp-block-gallery-is-layout-flex\">\n<figure class=\"wp-block-image size-large\"><img decoding=\"async\" src=\"data:image\/gif;base64,R0lGODlhAQABAIAAAAAAAP\/\/\/ywAAAAAAQABAAACAUwAOw==\" fifu-lazy=\"1\" fifu-data-sizes=\"auto\" fifu-data-srcset=\"https:\/\/i0.wp.com\/www.interaccionnoticias.com.mx\/wp-content\/uploads\/2025\/10\/251009-ferial-de-Chilpancingo-2.jpg?ssl=1&w=75&resize=75&ssl=1 75w, https:\/\/i0.wp.com\/www.interaccionnoticias.com.mx\/wp-content\/uploads\/2025\/10\/251009-ferial-de-Chilpancingo-2.jpg?ssl=1&w=100&resize=100&ssl=1 100w, https:\/\/i0.wp.com\/www.interaccionnoticias.com.mx\/wp-content\/uploads\/2025\/10\/251009-ferial-de-Chilpancingo-2.jpg?ssl=1&w=150&resize=150&ssl=1 150w, https:\/\/i0.wp.com\/www.interaccionnoticias.com.mx\/wp-content\/uploads\/2025\/10\/251009-ferial-de-Chilpancingo-2.jpg?ssl=1&w=240&resize=240&ssl=1 240w, https:\/\/i0.wp.com\/www.interaccionnoticias.com.mx\/wp-content\/uploads\/2025\/10\/251009-ferial-de-Chilpancingo-2.jpg?ssl=1&w=320&resize=320&ssl=1 320w, https:\/\/i0.wp.com\/www.interaccionnoticias.com.mx\/wp-content\/uploads\/2025\/10\/251009-ferial-de-Chilpancingo-2.jpg?ssl=1&w=500&resize=500&ssl=1 500w, https:\/\/i0.wp.com\/www.interaccionnoticias.com.mx\/wp-content\/uploads\/2025\/10\/251009-ferial-de-Chilpancingo-2.jpg?ssl=1&w=640&resize=640&ssl=1 640w, https:\/\/i0.wp.com\/www.interaccionnoticias.com.mx\/wp-content\/uploads\/2025\/10\/251009-ferial-de-Chilpancingo-2.jpg?ssl=1&w=800&resize=800&ssl=1 800w, https:\/\/i0.wp.com\/www.interaccionnoticias.com.mx\/wp-content\/uploads\/2025\/10\/251009-ferial-de-Chilpancingo-2.jpg?ssl=1&w=1024&resize=1024&ssl=1 1024w, https:\/\/i0.wp.com\/www.interaccionnoticias.com.mx\/wp-content\/uploads\/2025\/10\/251009-ferial-de-Chilpancingo-2.jpg?ssl=1&w=1280&resize=1280&ssl=1 1280w, https:\/\/i0.wp.com\/www.interaccionnoticias.com.mx\/wp-content\/uploads\/2025\/10\/251009-ferial-de-Chilpancingo-2.jpg?ssl=1&w=1600&resize=1600&ssl=1 1600w\" data-id=\"96269\" fifu-data-src=\"https:\/\/i0.wp.com\/www.interaccionnoticias.com.mx\/wp-content\/uploads\/2025\/10\/251009-ferial-de-Chilpancingo-2.jpg?ssl=1\" alt=\"\" class=\"wp-image-96269\"\/><\/figure>\n\n\n\n<figure class=\"wp-block-image size-large\"><img decoding=\"async\" src=\"data:image\/gif;base64,R0lGODlhAQABAIAAAAAAAP\/\/\/ywAAAAAAQABAAACAUwAOw==\" fifu-lazy=\"1\" fifu-data-sizes=\"auto\" fifu-data-srcset=\"https:\/\/i0.wp.com\/www.interaccionnoticias.com.mx\/wp-content\/uploads\/2025\/10\/251009-ferial-de-Chilpancingo-3.jpg?ssl=1&w=75&resize=75&ssl=1 75w, https:\/\/i0.wp.com\/www.interaccionnoticias.com.mx\/wp-content\/uploads\/2025\/10\/251009-ferial-de-Chilpancingo-3.jpg?ssl=1&w=100&resize=100&ssl=1 100w, https:\/\/i0.wp.com\/www.interaccionnoticias.com.mx\/wp-content\/uploads\/2025\/10\/251009-ferial-de-Chilpancingo-3.jpg?ssl=1&w=150&resize=150&ssl=1 150w, https:\/\/i0.wp.com\/www.interaccionnoticias.com.mx\/wp-content\/uploads\/2025\/10\/251009-ferial-de-Chilpancingo-3.jpg?ssl=1&w=240&resize=240&ssl=1 240w, https:\/\/i0.wp.com\/www.interaccionnoticias.com.mx\/wp-content\/uploads\/2025\/10\/251009-ferial-de-Chilpancingo-3.jpg?ssl=1&w=320&resize=320&ssl=1 320w, https:\/\/i0.wp.com\/www.interaccionnoticias.com.mx\/wp-content\/uploads\/2025\/10\/251009-ferial-de-Chilpancingo-3.jpg?ssl=1&w=500&resize=500&ssl=1 500w, https:\/\/i0.wp.com\/www.interaccionnoticias.com.mx\/wp-content\/uploads\/2025\/10\/251009-ferial-de-Chilpancingo-3.jpg?ssl=1&w=640&resize=640&ssl=1 640w, https:\/\/i0.wp.com\/www.interaccionnoticias.com.mx\/wp-content\/uploads\/2025\/10\/251009-ferial-de-Chilpancingo-3.jpg?ssl=1&w=800&resize=800&ssl=1 800w, https:\/\/i0.wp.com\/www.interaccionnoticias.com.mx\/wp-content\/uploads\/2025\/10\/251009-ferial-de-Chilpancingo-3.jpg?ssl=1&w=1024&resize=1024&ssl=1 1024w, https:\/\/i0.wp.com\/www.interaccionnoticias.com.mx\/wp-content\/uploads\/2025\/10\/251009-ferial-de-Chilpancingo-3.jpg?ssl=1&w=1280&resize=1280&ssl=1 1280w, https:\/\/i0.wp.com\/www.interaccionnoticias.com.mx\/wp-content\/uploads\/2025\/10\/251009-ferial-de-Chilpancingo-3.jpg?ssl=1&w=1600&resize=1600&ssl=1 1600w\" data-id=\"96270\" fifu-data-src=\"https:\/\/i0.wp.com\/www.interaccionnoticias.com.mx\/wp-content\/uploads\/2025\/10\/251009-ferial-de-Chilpancingo-3.jpg?ssl=1\" alt=\"\" class=\"wp-image-96270\"\/><\/figure>\n\n\n\n<figure class=\"wp-block-image size-large\"><img decoding=\"async\" src=\"data:image\/gif;base64,R0lGODlhAQABAIAAAAAAAP\/\/\/ywAAAAAAQABAAACAUwAOw==\" fifu-lazy=\"1\" fifu-data-sizes=\"auto\" fifu-data-srcset=\"https:\/\/i0.wp.com\/www.interaccionnoticias.com.mx\/wp-content\/uploads\/2025\/10\/251009-ferial-de-Chilpancingo-1.jpg?ssl=1&w=75&resize=75&ssl=1 75w, https:\/\/i0.wp.com\/www.interaccionnoticias.com.mx\/wp-content\/uploads\/2025\/10\/251009-ferial-de-Chilpancingo-1.jpg?ssl=1&w=100&resize=100&ssl=1 100w, https:\/\/i0.wp.com\/www.interaccionnoticias.com.mx\/wp-content\/uploads\/2025\/10\/251009-ferial-de-Chilpancingo-1.jpg?ssl=1&w=150&resize=150&ssl=1 150w, https:\/\/i0.wp.com\/www.interaccionnoticias.com.mx\/wp-content\/uploads\/2025\/10\/251009-ferial-de-Chilpancingo-1.jpg?ssl=1&w=240&resize=240&ssl=1 240w, https:\/\/i0.wp.com\/www.interaccionnoticias.com.mx\/wp-content\/uploads\/2025\/10\/251009-ferial-de-Chilpancingo-1.jpg?ssl=1&w=320&resize=320&ssl=1 320w, https:\/\/i0.wp.com\/www.interaccionnoticias.com.mx\/wp-content\/uploads\/2025\/10\/251009-ferial-de-Chilpancingo-1.jpg?ssl=1&w=500&resize=500&ssl=1 500w, https:\/\/i0.wp.com\/www.interaccionnoticias.com.mx\/wp-content\/uploads\/2025\/10\/251009-ferial-de-Chilpancingo-1.jpg?ssl=1&w=640&resize=640&ssl=1 640w, https:\/\/i0.wp.com\/www.interaccionnoticias.com.mx\/wp-content\/uploads\/2025\/10\/251009-ferial-de-Chilpancingo-1.jpg?ssl=1&w=800&resize=800&ssl=1 800w, https:\/\/i0.wp.com\/www.interaccionnoticias.com.mx\/wp-content\/uploads\/2025\/10\/251009-ferial-de-Chilpancingo-1.jpg?ssl=1&w=1024&resize=1024&ssl=1 1024w, https:\/\/i0.wp.com\/www.interaccionnoticias.com.mx\/wp-content\/uploads\/2025\/10\/251009-ferial-de-Chilpancingo-1.jpg?ssl=1&w=1280&resize=1280&ssl=1 1280w, https:\/\/i0.wp.com\/www.interaccionnoticias.com.mx\/wp-content\/uploads\/2025\/10\/251009-ferial-de-Chilpancingo-1.jpg?ssl=1&w=1600&resize=1600&ssl=1 1600w\" data-id=\"96268\" fifu-data-src=\"https:\/\/i0.wp.com\/www.interaccionnoticias.com.mx\/wp-content\/uploads\/2025\/10\/251009-ferial-de-Chilpancingo-1.jpg?ssl=1\" alt=\"\" class=\"wp-image-96268\"\/><\/figure>\n<\/figure>\n","protected":false},"excerpt":{"rendered":"<p>&#8212; Autoridades municipales y federales buscan acelerar la obra ante la proximidad de la Feria de San Mateo Jes\u00fas Dorantes \/ Chilpancingo El nuevo recinto ferial de Chilpancingo contin\u00faa en&hellip; <\/p>\n","protected":false},"author":4,"featured_media":96272,"comment_status":"open","ping_status":"open","sticky":false,"template":"","format":"standard","meta":{"fifu_image_url":"https:\/\/www.interaccionnoticias.com.mx\/wp-content\/uploads\/2025\/10\/251009-ferial-de-Chilpancingo-1.jpg","fifu_image_alt":"","footnotes":""},"categories":[11],"tags":[],"class_list":["post-96267","post","type-post","status-publish","format-standard","has-post-thumbnail","hentry","category-guerrero"],"_links":{"self":[{"href":"https:\/\/www.interaccionnoticias.com.mx\/index.php?rest_route=\/wp\/v2\/posts\/96267","targetHints":{"allow":["GET"]}}],"collection":[{"href":"https:\/\/www.interaccionnoticias.com.mx\/index.php?rest_route=\/wp\/v2\/posts"}],"about":[{"href":"https:\/\/www.interaccionnoticias.com.mx\/index.php?rest_route=\/wp\/v2\/types\/post"}],"author":[{"embeddable":true,"href":"https:\/\/www.interaccionnoticias.com.mx\/index.php?rest_route=\/wp\/v2\/users\/4"}],"replies":[{"embeddable":true,"href":"https:\/\/www.interaccionnoticias.com.mx\/index.php?rest_route=%2Fwp%2Fv2%2Fcomments&post=96267"}],"version-history":[{"count":1,"href":"https:\/\/www.interaccionnoticias.com.mx\/index.php?rest_route=\/wp\/v2\/posts\/96267\/revisions"}],"predecessor-version":[{"id":96271,"href":"https:\/\/www.interaccionnoticias.com.mx\/index.php?rest_route=\/wp\/v2\/posts\/96267\/revisions\/96271"}],"wp:featuredmedia":[{"embeddable":true,"href":"https:\/\/www.interaccionnoticias.com.mx\/index.php?rest_route=\/wp\/v2\/media\/96272"}],"wp:attachment":[{"href":"https:\/\/www.interaccionnoticias.com.mx\/index.php?rest_route=%2Fwp%2Fv2%2Fmedia&parent=96267"}],"wp:term":[{"taxonomy":"category","embeddable":true,"href":"https:\/\/www.interaccionnoticias.com.mx\/index.php?rest_route=%2Fwp%2Fv2%2Fcategories&post=96267"},{"taxonomy":"post_tag","embeddable":true,"href":"https:\/\/www.interaccionnoticias.com.mx\/index.php?rest_route=%2Fwp%2Fv2%2Ftags&post=96267"}],"curies":[{"name":"wp","href":"https:\/\/api.w.org\/{rel}","templated":true}]}}