{"id":96253,"date":"2025-10-09T14:44:27","date_gmt":"2025-10-09T20:44:27","guid":{"rendered":"https:\/\/www.interaccionnoticias.com.mx\/?p=96253"},"modified":"2025-10-09T14:44:28","modified_gmt":"2025-10-09T20:44:28","slug":"a-finales-de-octubre-se-desarrollaria-la-plenaria-entre-los-diputados-locales-de-morena-guerrero","status":"publish","type":"post","link":"https:\/\/www.interaccionnoticias.com.mx\/?p=96253","title":{"rendered":"A finales de octubre se desarrollar\u00eda la plenaria entre los diputados locales de MORENA-Guerrero"},"content":{"rendered":"\n<p><strong><em>&#8212; Tema prioritario es la integraci\u00f3n de una agenda com\u00fan, que actualmente no se tiene<br>&#8212; La posibilidad de relevar o ratificar al coordinador y presidente de la JUCOPO es algo \u201csecundario\u201d, asegura Jacinto Gonz\u00e1lez Varona, presidente del Comit\u00e9 Estatal<\/em><\/strong><\/p>\n\n\n\n<p><strong>Rogelio Agust\u00edn<\/strong><\/p>\n\n\n\n<p>A finales del presente mes, los 25 diputados de MORENA se reunir\u00e1n para desahogar una sesi\u00f3n plenaria, en ella, se trabajar\u00e1 de manera prioritaria el dise\u00f1o de una agenda legislativa com\u00fan, y de manera secundaria se analizar\u00e1 la viabilidad de ratificar o renovar la coordinaci\u00f3n del Grupo Parlamentario, lo que representa la posibilidad de mantener o relevar al actual presidente de la Junta de Coordinaci\u00f3n Pol\u00edtica (JUCOPO), Jes\u00fas Uri\u00f3stegui Garc\u00eda.<\/p>\n\n\n\n<p>En Chilpancingo, Gonz\u00e1lez Varona destac\u00f3 en primera instancia que la facultad para convocar a reuni\u00f3n plenaria del Grupo Parlamentaria, recae en el coordinador, que en este caso es el diputado Uri\u00f3stegui Garc\u00eda.<\/p>\n\n\n\n<p>Sin embargo, reconoci\u00f3 que existe una cantidad importante de diputados morenistas que ha planteado su inquietud, debido a que hace ya un a\u00f1o que no se realiza una asamblea plenaria para tomar acuerdos, principalmente en cuanto a la integraci\u00f3n de una agenda com\u00fan.<\/p>\n\n\n\n<p>Record\u00f3 que en el nivel federal, cada que se desahogar\u00e1 una iniciativa importante, los diputados de MORENA se re\u00fanen para discutirla, incluso participan los aliados del PT y PVEM, en sesiones en las que incluso llegan a participar funcionarios del Ejecutivo, entre ellos de la Secretar\u00eda de Gobernaci\u00f3n.<\/p>\n\n\n\n<p>En el caso de Guerrero, dijo que los diputados locales de MORENA no han sostenido una reuni\u00f3n plenaria, de tal manera que han desahogado asuntos importantes, incluso de inter\u00e9s nacional sin contar con el consenso necesario.<\/p>\n\n\n\n<p>Explic\u00f3: \u201cEso ha provocado que en algunos casos los compa\u00f1eros tomen decisiones muy personales, que no se haya armado una agenda conjunta entre el Ejecutivo y el Legislativo pero de MORENA, porque la gobernadora es gobernadora de los guerrerenses, pero emana de nuestro partido\u201d.<\/p>\n\n\n\n<p>Por esa raz\u00f3n anot\u00f3: \u201cEs sano que se realice una sesi\u00f3n plenaria de MORENA para que se discuta primero la agenda para cerrar este ejercicio fiscal, adem\u00e1s de asuntos como la glosa del informe de labores y el presupuesto 2026, adem\u00e1s de que existe una iniciativa muy importante que acaba de llegar para el tema del equilibrio ecol\u00f3gico\u201d.<\/p>\n\n\n\n<p>Agreg\u00f3 que se tiene enfrente \u201cuna papa caliente\u201d representada en la Ley Org\u00e1nica de la Universidad Aut\u00f3noma de Guerrero (UAGro), particularmente en lo que se refiere a la reforma a la Ley Org\u00e1nica de la instituci\u00f3n en el tema de la no reelecci\u00f3n y la ampliaci\u00f3n del mandato del rector.<\/p>\n\n\n\n<p>Expuso: \u201cEso hay que discutirlo al interior del Grupo Parlamentario, qu\u00e9 es lo que conviene al estado de Guerrero y qu\u00e9 no le conviene; si son reformas populares o no, si hay impuestos nuevos o no\u201d.<\/p>\n\n\n\n<p>Dijo que la ma\u00f1ana del jueves 9 de octubre tuvo la oportunidad de dialogar con el actual coordinador de MORENA y presidente de la JUCOPO, Jes\u00fas Uri\u00f3stegui Garc\u00eda, con quien acordaron convocar a plenaria durante las pr\u00f3ximas semanas.<\/p>\n\n\n\n<p>Respecto al posible relevo en la coordinaci\u00f3n de los diputados de MORENA, el presidente del comit\u00e9 estatal expuso: \u201cEs como un uso y costumbre en MORENA que cada a\u00f1o se cambia al coordinador del Grupo Parlamentario, pero eso ya est\u00e1 a criterio de los diputados\u201d.<\/p>\n\n\n\n<p>Indic\u00f3: \u201cEl tema es la agenda com\u00fan y lo relacionado con la gobernabilidad; si la mayor\u00eda de los diputados dice -vamos a continuar con los mismos o no- ese ya es un tema de ellos\u201d.<\/p>\n\n\n\n<p>Reconoci\u00f3 que como presidente del Comit\u00e9 Ejecutivo Estatal (CEE) no tiene facultades para intervenir en la decisi\u00f3n de los diputados locales respecto a la permanencia o no de su coordinador.<\/p>\n\n\n\n<p>Lo que s\u00ed puede hacer, manifest\u00f3 que es convocar a la plenaria de los diputados, pero solo por mandato del Comit\u00e9 Nacional.<\/p>\n\n\n\n<p>La plenaria, se tiene considerada de manera tentativa para desarrollarse entre el 20 y el \u00faltimo d\u00eda del presente mes.<\/p>\n","protected":false},"excerpt":{"rendered":"<p>&#8212; Tema prioritario es la integraci\u00f3n de una agenda com\u00fan, que actualmente no se tiene&#8212; La posibilidad de relevar o ratificar al coordinador y presidente de la JUCOPO es algo&hellip; <\/p>\n","protected":false},"author":21,"featured_media":96256,"comment_status":"open","ping_status":"open","sticky":false,"template":"","format":"standard","meta":{"fifu_image_url":"https:\/\/www.interaccionnoticias.com.mx\/wp-content\/uploads\/2025\/10\/251009-Jacinto-Gonzalez-Varona.jpg","fifu_image_alt":"","footnotes":""},"categories":[18],"tags":[],"class_list":["post-96253","post","type-post","status-publish","format-standard","has-post-thumbnail","hentry","category-partidos-politicos"],"_links":{"self":[{"href":"https:\/\/www.interaccionnoticias.com.mx\/index.php?rest_route=\/wp\/v2\/posts\/96253","targetHints":{"allow":["GET"]}}],"collection":[{"href":"https:\/\/www.interaccionnoticias.com.mx\/index.php?rest_route=\/wp\/v2\/posts"}],"about":[{"href":"https:\/\/www.interaccionnoticias.com.mx\/index.php?rest_route=\/wp\/v2\/types\/post"}],"author":[{"embeddable":true,"href":"https:\/\/www.interaccionnoticias.com.mx\/index.php?rest_route=\/wp\/v2\/users\/21"}],"replies":[{"embeddable":true,"href":"https:\/\/www.interaccionnoticias.com.mx\/index.php?rest_route=%2Fwp%2Fv2%2Fcomments&post=96253"}],"version-history":[{"count":1,"href":"https:\/\/www.interaccionnoticias.com.mx\/index.php?rest_route=\/wp\/v2\/posts\/96253\/revisions"}],"predecessor-version":[{"id":96255,"href":"https:\/\/www.interaccionnoticias.com.mx\/index.php?rest_route=\/wp\/v2\/posts\/96253\/revisions\/96255"}],"wp:featuredmedia":[{"embeddable":true,"href":"https:\/\/www.interaccionnoticias.com.mx\/index.php?rest_route=\/wp\/v2\/media\/96256"}],"wp:attachment":[{"href":"https:\/\/www.interaccionnoticias.com.mx\/index.php?rest_route=%2Fwp%2Fv2%2Fmedia&parent=96253"}],"wp:term":[{"taxonomy":"category","embeddable":true,"href":"https:\/\/www.interaccionnoticias.com.mx\/index.php?rest_route=%2Fwp%2Fv2%2Fcategories&post=96253"},{"taxonomy":"post_tag","embeddable":true,"href":"https:\/\/www.interaccionnoticias.com.mx\/index.php?rest_route=%2Fwp%2Fv2%2Ftags&post=96253"}],"curies":[{"name":"wp","href":"https:\/\/api.w.org\/{rel}","templated":true}]}}