{"id":96248,"date":"2025-10-08T17:37:24","date_gmt":"2025-10-08T23:37:24","guid":{"rendered":"https:\/\/www.interaccionnoticias.com.mx\/?p=96248"},"modified":"2025-10-08T17:37:26","modified_gmt":"2025-10-08T23:37:26","slug":"suspenden-clases-seg-en-cuatro-regiones-de-guerrero","status":"publish","type":"post","link":"https:\/\/www.interaccionnoticias.com.mx\/?p=96248","title":{"rendered":"Suspenden clases SEG en cuatro regiones de Guerrero"},"content":{"rendered":"\n<p><strong><em>&#8212; Acapulco-Coyuca de Ben\u00edtez, Costa Chica Costa Grande y Monta\u00f1a<br>&#8212; A partir del jueves 9 de octubre intensas lluvias<\/em><\/strong><\/p>\n\n\n\n<p><strong>Javier Trujillo<\/strong><\/p>\n\n\n\n<p><strong>Acapulco, Gro.-<\/strong> La Secretar\u00eda de Educaci\u00f3n en Guerrero (SEG), anunci\u00f3 que en cuatro regiones educativas se suspenden las clases este jueves, debido a las intensas lluvias que ocasionar\u00e1 un sistema de baja presi\u00f3n.<\/p>\n\n\n\n<p>A trav\u00e9s de un comunicado la SEG indic\u00f3 que en las regiones Acapulco-Coyuca de Ben\u00edtez, Costa Chica, Costa Grande y la regi\u00f3n de la Monta\u00f1a se suspenden las clases en todos los niveles educativos.<\/p>\n\n\n\n<p>\u201cEn atenci\u00f3n a la recomendaci\u00f3n de la Secretar\u00eda de Gesti\u00f3n Integral de Riesgos y Protecci\u00f3n Civil, indica un Sistema de baja presi\u00f3n con potencial de desarrollo cicl\u00f3nico, con el objetivo de salvaguardar la integridad de los estudiantes y padres de familia.<\/p>\n\n\n\n<p>\u201cSe suspender\u00e1n las actividades acad\u00e9micas y administrativas, en los niveles educativos p\u00fablico y privado en ambos turnos para este jueves 09 de octubre del a\u00f1o en curso.<\/p>\n\n\n\n<p>\u201cRecomendamos a la comunidad escolar tomar precauciones, activar los protocolos de seguridad y continuar informada a trav\u00e9s de los canales institucionales\u201d, se indica en un comunicado oficial.<\/p>\n","protected":false},"excerpt":{"rendered":"<p>&#8212; Acapulco-Coyuca de Ben\u00edtez, Costa Chica Costa Grande y Monta\u00f1a&#8212; A partir del jueves 9 de octubre intensas lluvias Javier Trujillo Acapulco, Gro.- La Secretar\u00eda de Educaci\u00f3n en Guerrero (SEG),&hellip; <\/p>\n","protected":false},"author":3,"featured_media":96251,"comment_status":"open","ping_status":"open","sticky":false,"template":"","format":"standard","meta":{"fifu_image_url":"https:\/\/www.interaccionnoticias.com.mx\/wp-content\/uploads\/2025\/10\/251008-Suspenden-clases-SEG.jpg","fifu_image_alt":"","footnotes":""},"categories":[6],"tags":[],"class_list":["post-96248","post","type-post","status-publish","format-standard","has-post-thumbnail","hentry","category-educacion"],"_links":{"self":[{"href":"https:\/\/www.interaccionnoticias.com.mx\/index.php?rest_route=\/wp\/v2\/posts\/96248","targetHints":{"allow":["GET"]}}],"collection":[{"href":"https:\/\/www.interaccionnoticias.com.mx\/index.php?rest_route=\/wp\/v2\/posts"}],"about":[{"href":"https:\/\/www.interaccionnoticias.com.mx\/index.php?rest_route=\/wp\/v2\/types\/post"}],"author":[{"embeddable":true,"href":"https:\/\/www.interaccionnoticias.com.mx\/index.php?rest_route=\/wp\/v2\/users\/3"}],"replies":[{"embeddable":true,"href":"https:\/\/www.interaccionnoticias.com.mx\/index.php?rest_route=%2Fwp%2Fv2%2Fcomments&post=96248"}],"version-history":[{"count":1,"href":"https:\/\/www.interaccionnoticias.com.mx\/index.php?rest_route=\/wp\/v2\/posts\/96248\/revisions"}],"predecessor-version":[{"id":96250,"href":"https:\/\/www.interaccionnoticias.com.mx\/index.php?rest_route=\/wp\/v2\/posts\/96248\/revisions\/96250"}],"wp:featuredmedia":[{"embeddable":true,"href":"https:\/\/www.interaccionnoticias.com.mx\/index.php?rest_route=\/wp\/v2\/media\/96251"}],"wp:attachment":[{"href":"https:\/\/www.interaccionnoticias.com.mx\/index.php?rest_route=%2Fwp%2Fv2%2Fmedia&parent=96248"}],"wp:term":[{"taxonomy":"category","embeddable":true,"href":"https:\/\/www.interaccionnoticias.com.mx\/index.php?rest_route=%2Fwp%2Fv2%2Fcategories&post=96248"},{"taxonomy":"post_tag","embeddable":true,"href":"https:\/\/www.interaccionnoticias.com.mx\/index.php?rest_route=%2Fwp%2Fv2%2Ftags&post=96248"}],"curies":[{"name":"wp","href":"https:\/\/api.w.org\/{rel}","templated":true}]}}