{"id":96243,"date":"2025-10-08T17:31:16","date_gmt":"2025-10-08T23:31:16","guid":{"rendered":"https:\/\/www.interaccionnoticias.com.mx\/?p=96243"},"modified":"2025-10-08T17:31:17","modified_gmt":"2025-10-08T23:31:17","slug":"guardan-diputados-locales-un-minuto-de-silencio-en-memoria-de-alejandro-arcos-y-exigen-justicia","status":"publish","type":"post","link":"https:\/\/www.interaccionnoticias.com.mx\/?p=96243","title":{"rendered":"Guardan diputados locales un minuto de silencio en memoria de Alejandro Arcos y exigen justicia"},"content":{"rendered":"\n<p><strong><em>&#8212; El perredista fue asesinado el 6 de octubre del 2024, a seis d\u00edas de haber asumido el cargo de presidente municipal de Chilpancingo<\/em><\/strong><\/p>\n\n\n\n<p><strong>Rosario Garc\u00eda Orozco<\/strong><\/p>\n\n\n\n<p>Los diputados locales guardaron un minuto de silencio durante la sesi\u00f3n de este mi\u00e9rcoles, en memoria del presidente municipal de Chilpancingo, Alejandro Arcos Catal\u00e1n, a un a\u00f1o de su homicidio, exigieron justicia integral que incluya la reparaci\u00f3n del da\u00f1o.<\/p>\n\n\n\n<p>Fue la diputada local del Grupo Parlamentario del PRD, Ericka Isabel Guill\u00e9n Rom\u00e1n quien propuso ese punto en el oden del d\u00eda, por lo que los legisladores guardaron un minuto de silencio por la memoria de Arcos Catal\u00e1n, asesinado el 6 de octubre del 2024, apenas seis d\u00edas despu\u00e9s de su toma de protesta como edil de esta capital.<\/p>\n\n\n\n<p>En su intervenci\u00f3n, la diputada Guill\u00e9n Rom\u00e1n pidi\u00f3 honrar la memoria del perredista como promotor de la paz en la capital, a trav\u00e9s de una justicia integral que contemple la reparaci\u00f3n del da\u00f1o.<\/p>\n\n\n\n<p>Exigi\u00f3 de manera puntual a la Fiscal\u00eda General del Estado (FGE) no dejar en la impunidad ni en el olvido el caso. \u00abDemandamos justicia, no venganza, en reconocimiento a una vida dedicada al bien com\u00fan\u00bb.<\/p>\n\n\n\n<p>La perredista, consider\u00f3 que \u00abcuando se asesina a una persona como Alejandro Arcos, tambi\u00e9n se intenta asesinar la fe en la justicia, en la confianza de las instituciones y en la paz de nuestras familias\u00bb.<\/p>\n\n\n\n<p>Arcos Catal\u00e1n fue postuldo por los partidos PRD, PRI y PAN a la presidencia municipal en la pasada elecci\u00f3n, pero seis d\u00edas despu\u00e9s de asumir el cargo fue asesinado.<\/p>\n\n\n\n<figure class=\"wp-block-gallery has-nested-images columns-default is-cropped wp-block-gallery-1 is-layout-flex wp-block-gallery-is-layout-flex\">\n<figure class=\"wp-block-image size-large\"><img decoding=\"async\" src=\"data:image\/gif;base64,R0lGODlhAQABAIAAAAAAAP\/\/\/ywAAAAAAQABAAACAUwAOw==\" fifu-lazy=\"1\" fifu-data-sizes=\"auto\" fifu-data-srcset=\"https:\/\/i2.wp.com\/www.interaccionnoticias.com.mx\/wp-content\/uploads\/2025\/10\/251008-Alejandro-Arcos.jpg?ssl=1&w=75&resize=75&ssl=1 75w, https:\/\/i2.wp.com\/www.interaccionnoticias.com.mx\/wp-content\/uploads\/2025\/10\/251008-Alejandro-Arcos.jpg?ssl=1&w=100&resize=100&ssl=1 100w, https:\/\/i2.wp.com\/www.interaccionnoticias.com.mx\/wp-content\/uploads\/2025\/10\/251008-Alejandro-Arcos.jpg?ssl=1&w=150&resize=150&ssl=1 150w, https:\/\/i2.wp.com\/www.interaccionnoticias.com.mx\/wp-content\/uploads\/2025\/10\/251008-Alejandro-Arcos.jpg?ssl=1&w=240&resize=240&ssl=1 240w, https:\/\/i2.wp.com\/www.interaccionnoticias.com.mx\/wp-content\/uploads\/2025\/10\/251008-Alejandro-Arcos.jpg?ssl=1&w=320&resize=320&ssl=1 320w, https:\/\/i2.wp.com\/www.interaccionnoticias.com.mx\/wp-content\/uploads\/2025\/10\/251008-Alejandro-Arcos.jpg?ssl=1&w=500&resize=500&ssl=1 500w, https:\/\/i2.wp.com\/www.interaccionnoticias.com.mx\/wp-content\/uploads\/2025\/10\/251008-Alejandro-Arcos.jpg?ssl=1&w=640&resize=640&ssl=1 640w, https:\/\/i2.wp.com\/www.interaccionnoticias.com.mx\/wp-content\/uploads\/2025\/10\/251008-Alejandro-Arcos.jpg?ssl=1&w=800&resize=800&ssl=1 800w, https:\/\/i2.wp.com\/www.interaccionnoticias.com.mx\/wp-content\/uploads\/2025\/10\/251008-Alejandro-Arcos.jpg?ssl=1&w=1024&resize=1024&ssl=1 1024w, https:\/\/i2.wp.com\/www.interaccionnoticias.com.mx\/wp-content\/uploads\/2025\/10\/251008-Alejandro-Arcos.jpg?ssl=1&w=1280&resize=1280&ssl=1 1280w, https:\/\/i2.wp.com\/www.interaccionnoticias.com.mx\/wp-content\/uploads\/2025\/10\/251008-Alejandro-Arcos.jpg?ssl=1&w=1600&resize=1600&ssl=1 1600w\" data-id=\"96245\" fifu-data-src=\"https:\/\/i2.wp.com\/www.interaccionnoticias.com.mx\/wp-content\/uploads\/2025\/10\/251008-Alejandro-Arcos.jpg?ssl=1\" alt=\"\" class=\"wp-image-96245\"\/><\/figure>\n\n\n\n<figure class=\"wp-block-image size-large\"><img decoding=\"async\" src=\"data:image\/gif;base64,R0lGODlhAQABAIAAAAAAAP\/\/\/ywAAAAAAQABAAACAUwAOw==\" fifu-lazy=\"1\" fifu-data-sizes=\"auto\" fifu-data-srcset=\"https:\/\/i0.wp.com\/www.interaccionnoticias.com.mx\/wp-content\/uploads\/2025\/10\/251008-diputados-locales.jpg?ssl=1&w=75&resize=75&ssl=1 75w, https:\/\/i0.wp.com\/www.interaccionnoticias.com.mx\/wp-content\/uploads\/2025\/10\/251008-diputados-locales.jpg?ssl=1&w=100&resize=100&ssl=1 100w, https:\/\/i0.wp.com\/www.interaccionnoticias.com.mx\/wp-content\/uploads\/2025\/10\/251008-diputados-locales.jpg?ssl=1&w=150&resize=150&ssl=1 150w, https:\/\/i0.wp.com\/www.interaccionnoticias.com.mx\/wp-content\/uploads\/2025\/10\/251008-diputados-locales.jpg?ssl=1&w=240&resize=240&ssl=1 240w, https:\/\/i0.wp.com\/www.interaccionnoticias.com.mx\/wp-content\/uploads\/2025\/10\/251008-diputados-locales.jpg?ssl=1&w=320&resize=320&ssl=1 320w, https:\/\/i0.wp.com\/www.interaccionnoticias.com.mx\/wp-content\/uploads\/2025\/10\/251008-diputados-locales.jpg?ssl=1&w=500&resize=500&ssl=1 500w, https:\/\/i0.wp.com\/www.interaccionnoticias.com.mx\/wp-content\/uploads\/2025\/10\/251008-diputados-locales.jpg?ssl=1&w=640&resize=640&ssl=1 640w, https:\/\/i0.wp.com\/www.interaccionnoticias.com.mx\/wp-content\/uploads\/2025\/10\/251008-diputados-locales.jpg?ssl=1&w=800&resize=800&ssl=1 800w, https:\/\/i0.wp.com\/www.interaccionnoticias.com.mx\/wp-content\/uploads\/2025\/10\/251008-diputados-locales.jpg?ssl=1&w=1024&resize=1024&ssl=1 1024w, https:\/\/i0.wp.com\/www.interaccionnoticias.com.mx\/wp-content\/uploads\/2025\/10\/251008-diputados-locales.jpg?ssl=1&w=1280&resize=1280&ssl=1 1280w, https:\/\/i0.wp.com\/www.interaccionnoticias.com.mx\/wp-content\/uploads\/2025\/10\/251008-diputados-locales.jpg?ssl=1&w=1600&resize=1600&ssl=1 1600w\" data-id=\"96244\" fifu-data-src=\"https:\/\/i0.wp.com\/www.interaccionnoticias.com.mx\/wp-content\/uploads\/2025\/10\/251008-diputados-locales.jpg?ssl=1\" alt=\"\" class=\"wp-image-96244\"\/><\/figure>\n<\/figure>\n","protected":false},"excerpt":{"rendered":"<p>&#8212; El perredista fue asesinado el 6 de octubre del 2024, a seis d\u00edas de haber asumido el cargo de presidente municipal de Chilpancingo Rosario Garc\u00eda Orozco Los diputados locales&hellip; <\/p>\n","protected":false},"author":14,"featured_media":96247,"comment_status":"open","ping_status":"open","sticky":false,"template":"","format":"standard","meta":{"fifu_image_url":"https:\/\/www.interaccionnoticias.com.mx\/wp-content\/uploads\/2025\/10\/251008-diputados-locales.jpg","fifu_image_alt":"","footnotes":""},"categories":[2],"tags":[],"class_list":["post-96243","post","type-post","status-publish","format-standard","has-post-thumbnail","hentry","category-congreso"],"_links":{"self":[{"href":"https:\/\/www.interaccionnoticias.com.mx\/index.php?rest_route=\/wp\/v2\/posts\/96243","targetHints":{"allow":["GET"]}}],"collection":[{"href":"https:\/\/www.interaccionnoticias.com.mx\/index.php?rest_route=\/wp\/v2\/posts"}],"about":[{"href":"https:\/\/www.interaccionnoticias.com.mx\/index.php?rest_route=\/wp\/v2\/types\/post"}],"author":[{"embeddable":true,"href":"https:\/\/www.interaccionnoticias.com.mx\/index.php?rest_route=\/wp\/v2\/users\/14"}],"replies":[{"embeddable":true,"href":"https:\/\/www.interaccionnoticias.com.mx\/index.php?rest_route=%2Fwp%2Fv2%2Fcomments&post=96243"}],"version-history":[{"count":1,"href":"https:\/\/www.interaccionnoticias.com.mx\/index.php?rest_route=\/wp\/v2\/posts\/96243\/revisions"}],"predecessor-version":[{"id":96246,"href":"https:\/\/www.interaccionnoticias.com.mx\/index.php?rest_route=\/wp\/v2\/posts\/96243\/revisions\/96246"}],"wp:featuredmedia":[{"embeddable":true,"href":"https:\/\/www.interaccionnoticias.com.mx\/index.php?rest_route=\/wp\/v2\/media\/96247"}],"wp:attachment":[{"href":"https:\/\/www.interaccionnoticias.com.mx\/index.php?rest_route=%2Fwp%2Fv2%2Fmedia&parent=96243"}],"wp:term":[{"taxonomy":"category","embeddable":true,"href":"https:\/\/www.interaccionnoticias.com.mx\/index.php?rest_route=%2Fwp%2Fv2%2Fcategories&post=96243"},{"taxonomy":"post_tag","embeddable":true,"href":"https:\/\/www.interaccionnoticias.com.mx\/index.php?rest_route=%2Fwp%2Fv2%2Ftags&post=96243"}],"curies":[{"name":"wp","href":"https:\/\/api.w.org\/{rel}","templated":true}]}}