{"id":96239,"date":"2025-10-08T17:20:37","date_gmt":"2025-10-08T23:20:37","guid":{"rendered":"https:\/\/www.interaccionnoticias.com.mx\/?p=96239"},"modified":"2025-10-08T17:20:38","modified_gmt":"2025-10-08T23:20:38","slug":"pediran-diputados-intervencion-de-dirigencias-nacional-y-estatal-de-morena-para-determinar-relevo-o-no-de-jesus-uriostegui","status":"publish","type":"post","link":"https:\/\/www.interaccionnoticias.com.mx\/?p=96239","title":{"rendered":"Pedir\u00e1n diputados intervenci\u00f3n de dirigencias nacional y estatal de Morena para determinar relevo o no de Jes\u00fas Uri\u00f3stegui"},"content":{"rendered":"\n<p><strong><em>&#8212; El diputado local Carlos Bello coment\u00f3 que el coordinador de la Fracci\u00f3n Parlamentaria de ese partido no ha convocado a la plenaria<\/em><\/strong><\/p>\n\n\n\n<p><strong>Rosario Garc\u00eda Orozco<\/strong><\/p>\n\n\n\n<p>Los diputados locales, integrantes del Grupo Parlamentario de Morena en el Congreso local solicitar\u00e1n por escrito la intervenci\u00f3n de las dirigencias nacional y estatal, para que se programe la plenaria y se valore el relevo o no de Jes\u00fas Uri\u00f3stegui Garc\u00eda como su coordinador.<\/p>\n\n\n\n<p>El diputado local de Morena, Carlos Eduardo Bello Solano reclam\u00f3 que desde el inicio de la 64 Legislatura de Guerrero el coordinador del Grupo Parlamentario de ese partido, Jes\u00fas Uri\u00f3stegui no ha convocado a una plenaria \u00abpara la integraci\u00f3n de una agenda legislativa\u00bb.<\/p>\n\n\n\n<p>Consider\u00f3 que con el respaldo de las dirigencias estatal y nacional si ser\u00e1 posible que se realice la plenaria, y pidi\u00f3 que sus compa\u00f1eros prioricen la vida interna del ese partido, \u00abPero, tambi\u00e9n, que en esta plenaria la mayor\u00eda de nuestros compa\u00f1eros integrantes de la fracci\u00f3n parlamentaria le d\u00e9 cauce a la vida interna de nuestra fracci\u00f3n.\u00bb<\/p>\n\n\n\n<p>Adelant\u00f3 que por escrito y de manera personal, solicitar\u00e1 la intervenci\u00f3n de ambas dirigencias, para que, con base en los estatutos internos de Morena, se pueda emplazar al Grupo Parlamentario al desarrollo de una plenaria.<\/p>\n\n\n\n<p>Sostuvo que es \u00abfacultad\u00bb de Uri\u00f3stegui Garc\u00eda, como coordinador del Grupo Parlamentario, convocar a la plenaria.<\/p>\n\n\n\n<p>\u00abTenemos m\u00e1s de un a\u00f1o sin la plenaria; nosotros lo vemos necesario porque uno de los principales temas es que como Grupo Parlamentario no tenemos Agenda Legislativa. Se est\u00e1n presentando puntos de acuerdos, iniciativas en lo personal como diputado, pero no como fracci\u00f3n\u00bb, subray\u00f3.<\/p>\n\n\n\n<p>Bello Solano no descart\u00f3 que en la plenaria se analice la permanencia o relevo del actual coordinador de Morena en el Congreso local.<\/p>\n","protected":false},"excerpt":{"rendered":"<p>&#8212; El diputado local Carlos Bello coment\u00f3 que el coordinador de la Fracci\u00f3n Parlamentaria de ese partido no ha convocado a la plenaria Rosario Garc\u00eda Orozco Los diputados locales, integrantes&hellip; <\/p>\n","protected":false},"author":14,"featured_media":96242,"comment_status":"open","ping_status":"open","sticky":false,"template":"","format":"standard","meta":{"fifu_image_url":"https:\/\/www.interaccionnoticias.com.mx\/wp-content\/uploads\/2025\/10\/251008-Carlos-Eduardo-Bello-Solano.jpg","fifu_image_alt":"","footnotes":""},"categories":[2],"tags":[],"class_list":["post-96239","post","type-post","status-publish","format-standard","has-post-thumbnail","hentry","category-congreso"],"_links":{"self":[{"href":"https:\/\/www.interaccionnoticias.com.mx\/index.php?rest_route=\/wp\/v2\/posts\/96239","targetHints":{"allow":["GET"]}}],"collection":[{"href":"https:\/\/www.interaccionnoticias.com.mx\/index.php?rest_route=\/wp\/v2\/posts"}],"about":[{"href":"https:\/\/www.interaccionnoticias.com.mx\/index.php?rest_route=\/wp\/v2\/types\/post"}],"author":[{"embeddable":true,"href":"https:\/\/www.interaccionnoticias.com.mx\/index.php?rest_route=\/wp\/v2\/users\/14"}],"replies":[{"embeddable":true,"href":"https:\/\/www.interaccionnoticias.com.mx\/index.php?rest_route=%2Fwp%2Fv2%2Fcomments&post=96239"}],"version-history":[{"count":1,"href":"https:\/\/www.interaccionnoticias.com.mx\/index.php?rest_route=\/wp\/v2\/posts\/96239\/revisions"}],"predecessor-version":[{"id":96241,"href":"https:\/\/www.interaccionnoticias.com.mx\/index.php?rest_route=\/wp\/v2\/posts\/96239\/revisions\/96241"}],"wp:featuredmedia":[{"embeddable":true,"href":"https:\/\/www.interaccionnoticias.com.mx\/index.php?rest_route=\/wp\/v2\/media\/96242"}],"wp:attachment":[{"href":"https:\/\/www.interaccionnoticias.com.mx\/index.php?rest_route=%2Fwp%2Fv2%2Fmedia&parent=96239"}],"wp:term":[{"taxonomy":"category","embeddable":true,"href":"https:\/\/www.interaccionnoticias.com.mx\/index.php?rest_route=%2Fwp%2Fv2%2Fcategories&post=96239"},{"taxonomy":"post_tag","embeddable":true,"href":"https:\/\/www.interaccionnoticias.com.mx\/index.php?rest_route=%2Fwp%2Fv2%2Ftags&post=96239"}],"curies":[{"name":"wp","href":"https:\/\/api.w.org\/{rel}","templated":true}]}}