{"id":96221,"date":"2025-10-08T15:07:02","date_gmt":"2025-10-08T21:07:02","guid":{"rendered":"https:\/\/www.interaccionnoticias.com.mx\/?p=96221"},"modified":"2025-10-08T15:07:04","modified_gmt":"2025-10-08T21:07:04","slug":"con-aplausos-despiden-en-changata-al-padre-bertoldo-pantaleon-estrada-asesinado-en-eduardo-neri","status":"publish","type":"post","link":"https:\/\/www.interaccionnoticias.com.mx\/?p=96221","title":{"rendered":"Con aplausos, despiden en Changata al padre Bertoldo Pantale\u00f3n Estrada, asesinado en Eduardo Neri"},"content":{"rendered":"\n<p><em><strong>&#8212; El obispo Jos\u00e9 de Jes\u00fas Gonz\u00e1lez Hern\u00e1ndez ofici\u00f3 la misa de cuerpo presente<\/strong><\/em><\/p>\n\n\n\n<p><strong>Rogelio Agust\u00edn<\/strong><\/p>\n\n\n\n<p>El padre Bertoldo Pantale\u00f3n Estrada fue sepultado este mi\u00e9rcoles en su natal Changata, comunidad perteneciente al municipio de Ajuchitl\u00e1n del Progreso, ubicado en la parte alta de la Tierra Caliente.<\/p>\n\n\n\n<p>El f\u00e9retro fue acompa\u00f1ado por m\u00e1s de 500 habitantes de la localidad, adem\u00e1s de sacerdotes de la regi\u00f3n encabezados por el obispo Jos\u00e9 de Jes\u00fas Gonz\u00e1lez Hern\u00e1ndez.<\/p>\n\n\n\n<p>El obispo Jos\u00e9 de Jes\u00fas Gonz\u00e1lez Hern\u00e1ndez encabez\u00f3 la misa, estuvo acompa\u00f1ado por sacerdotes de las di\u00f3cesis de Chilpancingo\u2013Chilapa y de Ciudad Altamirano.<\/p>\n\n\n\n<p>En el servicio religioso, el obispo pidi\u00f3 por el descanso eterno del sacerdote y reiter\u00f3 su llamado a que el crimen sea esclarecido, sin que hay impunidad.<\/p>\n\n\n\n<p>El padre Bertoldo, de 58 a\u00f1os, fue localizado sin vida el lunes 6 de octubre a un costado de la carretera federal M\u00e9xico\u2013Acapulco, cerca de Milpillas, municipio de Eduardo Neri. Su cuerpo presentaba impactos de bala.<\/p>\n\n\n\n<p>Durante la misa celebrada en Mezcala, el obispo Gonz\u00e1lez Hern\u00e1ndez aclar\u00f3 que el sacerdote nunca hab\u00eda recibido amenazas ni manten\u00eda conflictos derivados de su labor pastoral.<\/p>\n\n\n\n<p>El recorrido por las calles de Changata se desarroll\u00f3 sin complicaciones.<\/p>\n","protected":false},"excerpt":{"rendered":"<p>&#8212; El obispo Jos\u00e9 de Jes\u00fas Gonz\u00e1lez Hern\u00e1ndez ofici\u00f3 la misa de cuerpo presente Rogelio Agust\u00edn El padre Bertoldo Pantale\u00f3n Estrada fue sepultado este mi\u00e9rcoles en su natal Changata, comunidad&hellip; <\/p>\n","protected":false},"author":21,"featured_media":96224,"comment_status":"open","ping_status":"open","sticky":false,"template":"","format":"standard","meta":{"fifu_image_url":"https:\/\/www.interaccionnoticias.com.mx\/wp-content\/uploads\/2025\/10\/251008-Bertoldo-Pantaleon.jpg","fifu_image_alt":"","footnotes":""},"categories":[11],"tags":[],"class_list":["post-96221","post","type-post","status-publish","format-standard","has-post-thumbnail","hentry","category-guerrero"],"_links":{"self":[{"href":"https:\/\/www.interaccionnoticias.com.mx\/index.php?rest_route=\/wp\/v2\/posts\/96221","targetHints":{"allow":["GET"]}}],"collection":[{"href":"https:\/\/www.interaccionnoticias.com.mx\/index.php?rest_route=\/wp\/v2\/posts"}],"about":[{"href":"https:\/\/www.interaccionnoticias.com.mx\/index.php?rest_route=\/wp\/v2\/types\/post"}],"author":[{"embeddable":true,"href":"https:\/\/www.interaccionnoticias.com.mx\/index.php?rest_route=\/wp\/v2\/users\/21"}],"replies":[{"embeddable":true,"href":"https:\/\/www.interaccionnoticias.com.mx\/index.php?rest_route=%2Fwp%2Fv2%2Fcomments&post=96221"}],"version-history":[{"count":1,"href":"https:\/\/www.interaccionnoticias.com.mx\/index.php?rest_route=\/wp\/v2\/posts\/96221\/revisions"}],"predecessor-version":[{"id":96223,"href":"https:\/\/www.interaccionnoticias.com.mx\/index.php?rest_route=\/wp\/v2\/posts\/96221\/revisions\/96223"}],"wp:featuredmedia":[{"embeddable":true,"href":"https:\/\/www.interaccionnoticias.com.mx\/index.php?rest_route=\/wp\/v2\/media\/96224"}],"wp:attachment":[{"href":"https:\/\/www.interaccionnoticias.com.mx\/index.php?rest_route=%2Fwp%2Fv2%2Fmedia&parent=96221"}],"wp:term":[{"taxonomy":"category","embeddable":true,"href":"https:\/\/www.interaccionnoticias.com.mx\/index.php?rest_route=%2Fwp%2Fv2%2Fcategories&post=96221"},{"taxonomy":"post_tag","embeddable":true,"href":"https:\/\/www.interaccionnoticias.com.mx\/index.php?rest_route=%2Fwp%2Fv2%2Ftags&post=96221"}],"curies":[{"name":"wp","href":"https:\/\/api.w.org\/{rel}","templated":true}]}}