{"id":96217,"date":"2025-10-08T15:01:08","date_gmt":"2025-10-08T21:01:08","guid":{"rendered":"https:\/\/www.interaccionnoticias.com.mx\/?p=96217"},"modified":"2025-10-08T15:01:09","modified_gmt":"2025-10-08T21:01:09","slug":"dictan-40-anos-de-prision-contra-cuatro-responsables-de-feminicidio-en-el-municipio-de-tixtla","status":"publish","type":"post","link":"https:\/\/www.interaccionnoticias.com.mx\/?p=96217","title":{"rendered":"Dictan 40 a\u00f1os de prisi\u00f3n contra cuatro responsables de feminicidio, en el municipio de Tixtla"},"content":{"rendered":"\n<p><em><strong>&#8212; Se trata del caso de la ni\u00f1a Ayelin, asesinada en 2020, cuando ten\u00eda 13 a\u00f1os de edad<\/strong><\/em><\/p>\n\n\n\n<p><strong>Rogelio Agust\u00edn<\/strong><\/p>\n\n\n\n<p>La Fiscal\u00eda General del Estado de Guerrero (FGE-Guerrero) confirm\u00f3 que una juez sentenci\u00f3 a 40 a\u00f1os de prisi\u00f3n a cuatro individuos relacionados con el feminicidio de la menor de 13 a\u00f1os, Ayelin Iczae Guti\u00e9rrez Marcelo, crimen cometido el 15 de octubre de 2020, en la cabecera municipal de Tixtla.<\/p>\n\n\n\n<p>De acuerdo con la instituci\u00f3n encargada del delito en la entidad, la sentencia condenatoria se dict\u00f3 en contra de Aurelio \u201cN\u201d, alias \u201cLa Curia\u201d; Juan \u201cN\u201d, alias \u201cEl Tribil\u00edn\u201d; Hugo \u201cN\u201d, alias \u201cLa Zo\u00e9\u201d y Eliazer \u201cN\u201d.<\/p>\n\n\n\n<p>Se se\u00f1al\u00f3 que la v\u00edctima es una menor de edad, cuya identidad se mantiene bajo reserva, aunque el caso de Ayelin ha sido ampliamente difundido en Guerrero y el pa\u00eds.<\/p>\n\n\n\n<p>En el comunicado emitido este mi\u00e9rcoles, se anota que los hechos ocurrieron el 15 de octubre de 2020 en la Barranca de la Candelaria, ubicada en colonia que lleva el mismo nombre.<\/p>\n\n\n\n<p>La FGE-Guerrero se\u00f1ala que como resultado de una investigaci\u00f3n ministerial exhaustiva, se logr\u00f3 recabar pruebas s\u00f3lidas y concluyentes que permitieron establecer la plena responsabilidad de los cuatro sentenciados.<\/p>\n\n\n\n<p>Una vez desahogados los elementos de prueba presentados por la FGE Guerrero, la Jueza de Control dict\u00f3 sentencia condenatoria de 40 a\u00f1os de prisi\u00f3n para cada uno de los responsables, adem\u00e1s les impuso el pago correspondiente a la reparaci\u00f3n del da\u00f1o.<\/p>\n\n\n\n<p>Desde que se cometi\u00f3 el crimen, la se\u00f1ora Flora Marcelo Rojas, madre de la peque\u00f1a se ha dado a la tarea de demandar justicia, lo que le gener\u00f3 amenazas y por ello tuvo que desplazarse de dicha ciudad.<\/p>\n\n\n\n<p>Diferentes colectivos tomaron el caso en sus manos, de tal manera que han acompa\u00f1ado a la familia y participado en las acciones encaminadas a reclamar la aplicaci\u00f3n de la ley para los responsables.<\/p>\n","protected":false},"excerpt":{"rendered":"<p>&#8212; Se trata del caso de la ni\u00f1a Ayelin, asesinada en 2020, cuando ten\u00eda 13 a\u00f1os de edad Rogelio Agust\u00edn La Fiscal\u00eda General del Estado de Guerrero (FGE-Guerrero) confirm\u00f3 que&hellip; <\/p>\n","protected":false},"author":21,"featured_media":96220,"comment_status":"open","ping_status":"open","sticky":false,"template":"","format":"standard","meta":{"fifu_image_url":"https:\/\/www.interaccionnoticias.com.mx\/wp-content\/uploads\/2025\/10\/251008-Dictan-40-anos.jpg","fifu_image_alt":"","footnotes":""},"categories":[27],"tags":[],"class_list":["post-96217","post","type-post","status-publish","format-standard","has-post-thumbnail","hentry","category-seguridad-publica"],"_links":{"self":[{"href":"https:\/\/www.interaccionnoticias.com.mx\/index.php?rest_route=\/wp\/v2\/posts\/96217","targetHints":{"allow":["GET"]}}],"collection":[{"href":"https:\/\/www.interaccionnoticias.com.mx\/index.php?rest_route=\/wp\/v2\/posts"}],"about":[{"href":"https:\/\/www.interaccionnoticias.com.mx\/index.php?rest_route=\/wp\/v2\/types\/post"}],"author":[{"embeddable":true,"href":"https:\/\/www.interaccionnoticias.com.mx\/index.php?rest_route=\/wp\/v2\/users\/21"}],"replies":[{"embeddable":true,"href":"https:\/\/www.interaccionnoticias.com.mx\/index.php?rest_route=%2Fwp%2Fv2%2Fcomments&post=96217"}],"version-history":[{"count":1,"href":"https:\/\/www.interaccionnoticias.com.mx\/index.php?rest_route=\/wp\/v2\/posts\/96217\/revisions"}],"predecessor-version":[{"id":96219,"href":"https:\/\/www.interaccionnoticias.com.mx\/index.php?rest_route=\/wp\/v2\/posts\/96217\/revisions\/96219"}],"wp:featuredmedia":[{"embeddable":true,"href":"https:\/\/www.interaccionnoticias.com.mx\/index.php?rest_route=\/wp\/v2\/media\/96220"}],"wp:attachment":[{"href":"https:\/\/www.interaccionnoticias.com.mx\/index.php?rest_route=%2Fwp%2Fv2%2Fmedia&parent=96217"}],"wp:term":[{"taxonomy":"category","embeddable":true,"href":"https:\/\/www.interaccionnoticias.com.mx\/index.php?rest_route=%2Fwp%2Fv2%2Fcategories&post=96217"},{"taxonomy":"post_tag","embeddable":true,"href":"https:\/\/www.interaccionnoticias.com.mx\/index.php?rest_route=%2Fwp%2Fv2%2Ftags&post=96217"}],"curies":[{"name":"wp","href":"https:\/\/api.w.org\/{rel}","templated":true}]}}