{"id":96199,"date":"2025-10-07T20:50:20","date_gmt":"2025-10-08T02:50:20","guid":{"rendered":"https:\/\/www.interaccionnoticias.com.mx\/?p=96199"},"modified":"2025-10-07T20:50:21","modified_gmt":"2025-10-08T02:50:21","slug":"inegi-refuerza-coordinacion-con-autoridades-para-garantizar-seguridad-en-la-encuesta-intercensal","status":"publish","type":"post","link":"https:\/\/www.interaccionnoticias.com.mx\/?p=96199","title":{"rendered":"INEGI refuerza coordinaci\u00f3n con autoridades para garantizar seguridad en la encuesta intercensal"},"content":{"rendered":"\n<p><strong>Rosario Garc\u00eda Orozco<\/strong><\/p>\n\n\n\n<p>Con el inicio de la encuesta intercensal 2025, el Instituto Nacional de Estad\u00edstica y Geograf\u00eda (INEGI) puso en marcha un plan de coordinaci\u00f3n con autoridades de los tres niveles de gobierno para proteger al personal que participar\u00e1 en el levantamiento de informaci\u00f3n en todo el pa\u00eds, incluido el estado de Guerrero.<\/p>\n\n\n\n<p>El coordinador estatal del INEGI, Honorio L\u00f3pez Sarabia, inform\u00f3 que se han sostenido reuniones con presidentes municipales y con la Mesa de Coordinaci\u00f3n para la Construcci\u00f3n de la Paz en Guerrero, encabezada por la gobernadora Evelyn Salgado Pineda, con el objetivo de establecer operativos de vigilancia que brinden seguridad a los encuestadores.<\/p>\n\n\n\n<p>\u201cHemos trabajado con las autoridades locales para que est\u00e9n pendientes del personal que realiza las entrevistas y puedan brindar apoyo en caso de alguna eventualidad\u201d, explic\u00f3 L\u00f3pez Sarabia en entrevista.<\/p>\n\n\n\n<p>El funcionario federal se\u00f1al\u00f3 que el personal del INEGI ha sido capacitado para actuar ante situaciones de riesgo y cuenta con instrucciones precisas de retirarse inmediatamente si detecta se\u00f1ales de peligro. Aunque no mencion\u00f3 zonas espec\u00edficas con alerta, subray\u00f3 que diariamente se elaboran reportes sobre el desarrollo del operativo y posibles incidencias en campo.<\/p>\n\n\n\n<p>Detall\u00f3 que durante las pr\u00f3ximas seis semanas, m\u00e1s de 2 mil 500 encuestadores recorrer\u00e1n el territorio guerrerense para recabar informaci\u00f3n sobre el tama\u00f1o, distribuci\u00f3n y caracter\u00edsticas de la poblaci\u00f3n, as\u00ed como sobre temas de migraci\u00f3n, discapacidad y desplazamiento forzado, entre otros.<\/p>\n\n\n\n<p>L\u00f3pez Sarabia record\u00f3 a la poblaci\u00f3n que los encuestadores estar\u00e1n plenamente identificados con chaleco, sombrero e insignias del INEGI, por lo que pidi\u00f3 a la ciudadan\u00eda brindarles su colaboraci\u00f3n y confianza.<\/p>\n\n\n\n<p>\u201cEsta encuesta nos permitir\u00e1 conocer c\u00f3mo ha cambiado la poblaci\u00f3n despu\u00e9s de la pandemia, cu\u00e1ntos somos, c\u00f3mo vivimos y en qu\u00e9 condiciones. Es informaci\u00f3n clave para las pol\u00edticas p\u00fablicas\u201d, agreg\u00f3.<\/p>\n\n\n\n<p>El levantamiento de la Encuesta Intercensal 2025 servir\u00e1 para actualizar los datos demogr\u00e1ficos del pa\u00eds y ofrecer un panorama m\u00e1s preciso sobre las transformaciones sociales y econ\u00f3micas desde el \u00faltimo censo nacional.<\/p>\n","protected":false},"excerpt":{"rendered":"<p>Rosario Garc\u00eda Orozco Con el inicio de la encuesta intercensal 2025, el Instituto Nacional de Estad\u00edstica y Geograf\u00eda (INEGI) puso en marcha un plan de coordinaci\u00f3n con autoridades de los&hellip; <\/p>\n","protected":false},"author":14,"featured_media":96202,"comment_status":"open","ping_status":"open","sticky":false,"template":"","format":"standard","meta":{"fifu_image_url":"https:\/\/www.interaccionnoticias.com.mx\/wp-content\/uploads\/2025\/10\/251007-INEGI.jpg","fifu_image_alt":"","footnotes":""},"categories":[17],"tags":[],"class_list":["post-96199","post","type-post","status-publish","format-standard","has-post-thumbnail","hentry","category-organos-electorales"],"_links":{"self":[{"href":"https:\/\/www.interaccionnoticias.com.mx\/index.php?rest_route=\/wp\/v2\/posts\/96199","targetHints":{"allow":["GET"]}}],"collection":[{"href":"https:\/\/www.interaccionnoticias.com.mx\/index.php?rest_route=\/wp\/v2\/posts"}],"about":[{"href":"https:\/\/www.interaccionnoticias.com.mx\/index.php?rest_route=\/wp\/v2\/types\/post"}],"author":[{"embeddable":true,"href":"https:\/\/www.interaccionnoticias.com.mx\/index.php?rest_route=\/wp\/v2\/users\/14"}],"replies":[{"embeddable":true,"href":"https:\/\/www.interaccionnoticias.com.mx\/index.php?rest_route=%2Fwp%2Fv2%2Fcomments&post=96199"}],"version-history":[{"count":1,"href":"https:\/\/www.interaccionnoticias.com.mx\/index.php?rest_route=\/wp\/v2\/posts\/96199\/revisions"}],"predecessor-version":[{"id":96201,"href":"https:\/\/www.interaccionnoticias.com.mx\/index.php?rest_route=\/wp\/v2\/posts\/96199\/revisions\/96201"}],"wp:featuredmedia":[{"embeddable":true,"href":"https:\/\/www.interaccionnoticias.com.mx\/index.php?rest_route=\/wp\/v2\/media\/96202"}],"wp:attachment":[{"href":"https:\/\/www.interaccionnoticias.com.mx\/index.php?rest_route=%2Fwp%2Fv2%2Fmedia&parent=96199"}],"wp:term":[{"taxonomy":"category","embeddable":true,"href":"https:\/\/www.interaccionnoticias.com.mx\/index.php?rest_route=%2Fwp%2Fv2%2Fcategories&post=96199"},{"taxonomy":"post_tag","embeddable":true,"href":"https:\/\/www.interaccionnoticias.com.mx\/index.php?rest_route=%2Fwp%2Fv2%2Ftags&post=96199"}],"curies":[{"name":"wp","href":"https:\/\/api.w.org\/{rel}","templated":true}]}}