{"id":96188,"date":"2025-10-07T17:39:04","date_gmt":"2025-10-07T23:39:04","guid":{"rendered":"https:\/\/www.interaccionnoticias.com.mx\/?p=96188"},"modified":"2025-10-07T17:39:05","modified_gmt":"2025-10-07T23:39:05","slug":"el-presidente-de-la-jucopo-del-congreso-local-jesus-uriostegui-exigio-justicia-por-el-homicidio-del-sacerdote","status":"publish","type":"post","link":"https:\/\/www.interaccionnoticias.com.mx\/?p=96188","title":{"rendered":"El presidente de la Jucopo del Congreso Local, Jes\u00fas Uri\u00f3stegui exigi\u00f3 justicia por el homicidio del sacerdote"},"content":{"rendered":"\n<p><strong><em>&#8212; Se dijo solidario con la grey cat\u00f3lica<br>&#8212; Se sigue en di\u00e1logo al interior de la Jucopo para llamar a comparecer al fiscal<\/em><\/strong><\/p>\n\n\n\n<p><strong>Rosario Garc\u00eda Orozco<\/strong><\/p>\n\n\n\n<p>El presidente de la Junta de Coordinaci\u00f3n Pol\u00edtica (Jucopo) del Congreso Local, Jes\u00fas Uri\u00f3stegui Garc\u00eda exigi\u00f3 justicia en torno al homicidio del sacerdote Bertoldo Pantale\u00f3n Estrada, y conf\u00edo en que la Fiscal\u00eda General del Estado (FGE) \u00abtendr\u00e1 que acelerar estos procesos\u00bb.<\/p>\n\n\n\n<p>Entrevistado al t\u00e9rmino de la sesi\u00f3n del Congreso Local de este martes, el legislador morenista se dijo solidario con la Di\u00f3cesis Chilpancingo-Chilapa, \u00abes un tema preocupante que incluso est\u00e1 en la agenda federal, donde reitero nuestra solidaridad al gremio cat\u00f3lico, yo soy cat\u00f3lico, toda nuestra solidaridad y la exigencia de que se investigue, estoy seguro de que la Fiscal\u00eda (General del Estado) tendr\u00e1 que acelerar estos procesos\u00bb.<\/p>\n\n\n\n<p>Sobre el hecho de que ya pas\u00f3 un a\u00f1o del homicidio del presidente municipal de Chilpancingo, Alejandro Arcos Catal\u00e1n, y la exigencia de justicia por parte del actual alcalde capitalino, Gustavo Alarc\u00f3n Herrera, para que avancen las investigaciones, el diputado morenista mencion\u00f3 que \u00abya hubo una detenci\u00f3n, entiendo que fue p\u00fablica, sin duda tiene que aclararse ese tema, tiene que atenderse y con independencia de partidos pol\u00edticos tiene que avanzar\u00bb.<\/p>\n\n\n\n<p>Cuestionado en torno a que si considera urgente llamar a comparecer al Fiscal General del Estado, Zipacn\u00e1 Jes\u00fas Torres Ojeda, ante el Poder Legislativo, que fue el que lo design\u00f3, y tras varios hechos delictivos suscitados en los \u00faltimos meses, Jes\u00fas Uri\u00f3stegui, solo respondi\u00f3 que es tema que han tratado al interior de la fracci\u00f3n parlamentaria de Morena, \u00abva a ser un tema que tenemos que analizar\u00bb.<\/p>\n\n\n\n<p>Ante la insistencia de los comunicadores sobre el llamar a comparecer al Fiscal de Guerrero, el coordinador de la Jucopo mencion\u00f3 que \u00abes un tema donde la Fiscal\u00eda tiene que dar cuentas, hay una responsabilidad para la que fue electo el titular y en ese sentido reiterar la necesidad de que se aclaren algunos casos\u00bb, y expres\u00f3 que \u00aby hay un tema p\u00fablico, en el que estamos solicitando que se puedan rendir cuentas respecto a la soluci\u00f3n de estos temas\u00bb.<\/p>\n\n\n\n<p>Consider\u00f3 que es necesario que se den resultados sobre las investigaciones que realiza la FGE \u00aby seguramente estaremos estableciendo alg\u00fan contacto con ellos, sin embargo es importante recalcar que en este tema del sacerdote que desafortunadamente le quitaron la vida, es un tema que si tiene que aclararse, exigimos justicia y sin duda tiene que dar cuentas la Fiscal\u00eda\u00bb.<\/p>\n\n\n\n<p>Uri\u00f3stegui Garc\u00eda expres\u00f3 que el Congreso del Estado s\u00ed evaluar\u00e1 el trabajo del fiscal Zipacn\u00e1 Torres, \u00absin duda es un tema de di\u00e1logo y trabajo\u00bb.<\/p>\n","protected":false},"excerpt":{"rendered":"<p>&#8212; Se dijo solidario con la grey cat\u00f3lica&#8212; Se sigue en di\u00e1logo al interior de la Jucopo para llamar a comparecer al fiscal Rosario Garc\u00eda Orozco El presidente de la&hellip; <\/p>\n","protected":false},"author":14,"featured_media":96191,"comment_status":"open","ping_status":"open","sticky":false,"template":"","format":"standard","meta":{"fifu_image_url":"https:\/\/www.interaccionnoticias.com.mx\/wp-content\/uploads\/2025\/10\/251007-Jesus-Uriostegui-Garcia.jpg","fifu_image_alt":"","footnotes":""},"categories":[2],"tags":[],"class_list":["post-96188","post","type-post","status-publish","format-standard","has-post-thumbnail","hentry","category-congreso"],"_links":{"self":[{"href":"https:\/\/www.interaccionnoticias.com.mx\/index.php?rest_route=\/wp\/v2\/posts\/96188","targetHints":{"allow":["GET"]}}],"collection":[{"href":"https:\/\/www.interaccionnoticias.com.mx\/index.php?rest_route=\/wp\/v2\/posts"}],"about":[{"href":"https:\/\/www.interaccionnoticias.com.mx\/index.php?rest_route=\/wp\/v2\/types\/post"}],"author":[{"embeddable":true,"href":"https:\/\/www.interaccionnoticias.com.mx\/index.php?rest_route=\/wp\/v2\/users\/14"}],"replies":[{"embeddable":true,"href":"https:\/\/www.interaccionnoticias.com.mx\/index.php?rest_route=%2Fwp%2Fv2%2Fcomments&post=96188"}],"version-history":[{"count":1,"href":"https:\/\/www.interaccionnoticias.com.mx\/index.php?rest_route=\/wp\/v2\/posts\/96188\/revisions"}],"predecessor-version":[{"id":96190,"href":"https:\/\/www.interaccionnoticias.com.mx\/index.php?rest_route=\/wp\/v2\/posts\/96188\/revisions\/96190"}],"wp:featuredmedia":[{"embeddable":true,"href":"https:\/\/www.interaccionnoticias.com.mx\/index.php?rest_route=\/wp\/v2\/media\/96191"}],"wp:attachment":[{"href":"https:\/\/www.interaccionnoticias.com.mx\/index.php?rest_route=%2Fwp%2Fv2%2Fmedia&parent=96188"}],"wp:term":[{"taxonomy":"category","embeddable":true,"href":"https:\/\/www.interaccionnoticias.com.mx\/index.php?rest_route=%2Fwp%2Fv2%2Fcategories&post=96188"},{"taxonomy":"post_tag","embeddable":true,"href":"https:\/\/www.interaccionnoticias.com.mx\/index.php?rest_route=%2Fwp%2Fv2%2Ftags&post=96188"}],"curies":[{"name":"wp","href":"https:\/\/api.w.org\/{rel}","templated":true}]}}