{"id":96180,"date":"2025-10-07T13:52:22","date_gmt":"2025-10-07T19:52:22","guid":{"rendered":"https:\/\/www.interaccionnoticias.com.mx\/?p=96180"},"modified":"2025-10-07T13:52:23","modified_gmt":"2025-10-07T19:52:23","slug":"minuto-de-silencio-en-el-congreso-de-guerrero-por-el-asesinato-del-padre-bertoldo","status":"publish","type":"post","link":"https:\/\/www.interaccionnoticias.com.mx\/?p=96180","title":{"rendered":"Minuto de silencio en el Congreso de Guerrero, por el asesinato del padre Bertoldo"},"content":{"rendered":"\n<p><strong><em>&#8212; El perredista V\u00edctor Hugo Vega Hern\u00e1ndez exigi\u00f3 justicia para el cl\u00e9rigo, al que se refiri\u00f3 como su paisano<\/em><\/strong><\/p>\n\n\n\n<p><strong>Rosario Garc\u00eda Orozco<\/strong><\/p>\n\n\n\n<p>En el arranque de la sesi\u00f3n que desahogaron este martes, los diputados de Guerrero guardaron un minuto de silencio por el padre Bertoldo Pantale\u00f3n Estrada, quien fue encontrado muerto tras dos d\u00edas de desaparici\u00f3n.<\/p>\n\n\n\n<p>La petici\u00f3n del minuto de silencio fue planteada por el diputado V\u00edctor Hugo Vega Hern\u00e1ndez, del Grupo Parlamentario del PRD, quien adem\u00e1s, exigi\u00f3 que haya justicia para el ministro de culto, a quien se refiri\u00f3 como \u00abmi paisano\u00bb.<\/p>\n\n\n\n<p>El sacerdote fue reportado como desaparecido el s\u00e1bado 4 de octubre y localizado muerto el lunes 6, con varios impactos de bala.<\/p>\n\n\n\n<p>El minuto de silencio fue incluido en el Orden del D\u00eda que aprob\u00f3 la Junta de Coordinaci\u00f3n Pol\u00edtica (JUCOPO) para conducir la sesi\u00f3n de este martes.<\/p>\n\n\n\n<p>Aunque hay varias intervenciones agendadas para la parte final de la sesi\u00f3n, ninguna est\u00e1 relacionada con el asesinato del sacerdote, tampoco con la violencia que se ha recrudecido en ciudades como Acapulco y Chilpancingo.<\/p>\n","protected":false},"excerpt":{"rendered":"<p>&#8212; El perredista V\u00edctor Hugo Vega Hern\u00e1ndez exigi\u00f3 justicia para el cl\u00e9rigo, al que se refiri\u00f3 como su paisano Rosario Garc\u00eda Orozco En el arranque de la sesi\u00f3n que desahogaron&hellip; <\/p>\n","protected":false},"author":14,"featured_media":96183,"comment_status":"open","ping_status":"open","sticky":false,"template":"","format":"standard","meta":{"fifu_image_url":"https:\/\/www.interaccionnoticias.com.mx\/wp-content\/uploads\/2025\/10\/251007-Congreso-de-Guerrero.jpg","fifu_image_alt":"","footnotes":""},"categories":[2],"tags":[],"class_list":["post-96180","post","type-post","status-publish","format-standard","has-post-thumbnail","hentry","category-congreso"],"_links":{"self":[{"href":"https:\/\/www.interaccionnoticias.com.mx\/index.php?rest_route=\/wp\/v2\/posts\/96180","targetHints":{"allow":["GET"]}}],"collection":[{"href":"https:\/\/www.interaccionnoticias.com.mx\/index.php?rest_route=\/wp\/v2\/posts"}],"about":[{"href":"https:\/\/www.interaccionnoticias.com.mx\/index.php?rest_route=\/wp\/v2\/types\/post"}],"author":[{"embeddable":true,"href":"https:\/\/www.interaccionnoticias.com.mx\/index.php?rest_route=\/wp\/v2\/users\/14"}],"replies":[{"embeddable":true,"href":"https:\/\/www.interaccionnoticias.com.mx\/index.php?rest_route=%2Fwp%2Fv2%2Fcomments&post=96180"}],"version-history":[{"count":1,"href":"https:\/\/www.interaccionnoticias.com.mx\/index.php?rest_route=\/wp\/v2\/posts\/96180\/revisions"}],"predecessor-version":[{"id":96182,"href":"https:\/\/www.interaccionnoticias.com.mx\/index.php?rest_route=\/wp\/v2\/posts\/96180\/revisions\/96182"}],"wp:featuredmedia":[{"embeddable":true,"href":"https:\/\/www.interaccionnoticias.com.mx\/index.php?rest_route=\/wp\/v2\/media\/96183"}],"wp:attachment":[{"href":"https:\/\/www.interaccionnoticias.com.mx\/index.php?rest_route=%2Fwp%2Fv2%2Fmedia&parent=96180"}],"wp:term":[{"taxonomy":"category","embeddable":true,"href":"https:\/\/www.interaccionnoticias.com.mx\/index.php?rest_route=%2Fwp%2Fv2%2Fcategories&post=96180"},{"taxonomy":"post_tag","embeddable":true,"href":"https:\/\/www.interaccionnoticias.com.mx\/index.php?rest_route=%2Fwp%2Fv2%2Ftags&post=96180"}],"curies":[{"name":"wp","href":"https:\/\/api.w.org\/{rel}","templated":true}]}}