{"id":96087,"date":"2025-10-06T12:02:30","date_gmt":"2025-10-06T18:02:30","guid":{"rendered":"https:\/\/www.interaccionnoticias.com.mx\/?p=96087"},"modified":"2025-10-06T12:02:31","modified_gmt":"2025-10-06T18:02:31","slug":"obispo-confirma-la-desaparicion-del-parroco-de-mezcala","status":"publish","type":"post","link":"https:\/\/www.interaccionnoticias.com.mx\/?p=96087","title":{"rendered":"Obispo confirma la desaparici\u00f3n del p\u00e1rroco de Mezcala"},"content":{"rendered":"\n<p><strong><em>&#8212; Monse\u00f1or Jos\u00e9 de Jes\u00fas Gonz\u00e1lez pide a las autoridades su pronta localizaci\u00f3n<br>&#8212; Llama a evitar especulaciones sobre el caso<\/em><\/strong><\/p>\n\n\n\n<p><strong>Rogelio Agust\u00edn<\/strong><\/p>\n\n\n\n<p>El obispo de la Di\u00f3cesis Chilpancingo-Chilapa, Jos\u00e9 de Jes\u00fas Gonz\u00e1lez Hern\u00e1ndez confirm\u00f3 la desaparici\u00f3n del sacerdote de la parroquia de Mezcala, municipio de Eduardo Neri, Bertoldo Pantale\u00f3n Estrada.<\/p>\n\n\n\n<p>La ma\u00f1ana del lunes 6 de octubre, la Di\u00f3cesis Chilpancingo-Chilapa emiti\u00f3 un comunicado firmado por el obispo Hern\u00e1ndez Gonz\u00e1lez y el canciller Jorge Amando V\u00e1zquez.<\/p>\n\n\n\n<p>En el comunicado, el obispo refiere: \u00abAnte los acontecimientos que recientemente he tenido noticia sobre la desaparici\u00f3n de la persona de nuestro hermano sacerdote Bertoldo Pantale\u00f3n Estrada, P\u00e1rroco en funciones de la Parroquia de San Crist\u00f3bal en Mezcala, les pido la caridad de rezar por su pronta localizaci\u00f3n\u00bb.<\/p>\n\n\n\n<p>Confirm\u00f3 que ya ha solicitado a las autoridades civiles que activen el protocolo de b\u00fasqueda y localizaci\u00f3n del Padre Bertoldo.<\/p>\n\n\n\n<p>Exhort\u00f3 a la feligres\u00eda: \u00abque eleven sus oraciones en las diferentes comunidades parroquiales para que sea respetada la integridad de su persona y sea localizado con bien\u00bb.<\/p>\n\n\n\n<p>Pidi\u00f3 tambi\u00e9n \u00abevitar las especulaciones\u00bb y mantener un esp\u00edritu optimista en medio de la adversidad.<\/p>\n\n\n\n<p>De acuerdo con la ficha de b\u00fasqueda, el sacerdote desaparecido tiene 58 a\u00f1os de edad, es originario de Cocula y se le vio por \u00faltima vez el pasado s\u00e1bado 4 de octubre.<\/p>\n\n\n\n<figure class=\"wp-block-gallery has-nested-images columns-default is-cropped wp-block-gallery-1 is-layout-flex wp-block-gallery-is-layout-flex\">\n<figure class=\"wp-block-image size-large\"><img decoding=\"async\" src=\"data:image\/gif;base64,R0lGODlhAQABAIAAAAAAAP\/\/\/ywAAAAAAQABAAACAUwAOw==\" fifu-lazy=\"1\" fifu-data-sizes=\"auto\" fifu-data-srcset=\"https:\/\/i0.wp.com\/www.interaccionnoticias.com.mx\/wp-content\/uploads\/2025\/10\/251006-desaparicion-parroco-Mezcala-1.jpg?ssl=1&w=75&resize=75&ssl=1 75w, https:\/\/i0.wp.com\/www.interaccionnoticias.com.mx\/wp-content\/uploads\/2025\/10\/251006-desaparicion-parroco-Mezcala-1.jpg?ssl=1&w=100&resize=100&ssl=1 100w, https:\/\/i0.wp.com\/www.interaccionnoticias.com.mx\/wp-content\/uploads\/2025\/10\/251006-desaparicion-parroco-Mezcala-1.jpg?ssl=1&w=150&resize=150&ssl=1 150w, https:\/\/i0.wp.com\/www.interaccionnoticias.com.mx\/wp-content\/uploads\/2025\/10\/251006-desaparicion-parroco-Mezcala-1.jpg?ssl=1&w=240&resize=240&ssl=1 240w, https:\/\/i0.wp.com\/www.interaccionnoticias.com.mx\/wp-content\/uploads\/2025\/10\/251006-desaparicion-parroco-Mezcala-1.jpg?ssl=1&w=320&resize=320&ssl=1 320w, https:\/\/i0.wp.com\/www.interaccionnoticias.com.mx\/wp-content\/uploads\/2025\/10\/251006-desaparicion-parroco-Mezcala-1.jpg?ssl=1&w=500&resize=500&ssl=1 500w, https:\/\/i0.wp.com\/www.interaccionnoticias.com.mx\/wp-content\/uploads\/2025\/10\/251006-desaparicion-parroco-Mezcala-1.jpg?ssl=1&w=640&resize=640&ssl=1 640w, https:\/\/i0.wp.com\/www.interaccionnoticias.com.mx\/wp-content\/uploads\/2025\/10\/251006-desaparicion-parroco-Mezcala-1.jpg?ssl=1&w=800&resize=800&ssl=1 800w, https:\/\/i0.wp.com\/www.interaccionnoticias.com.mx\/wp-content\/uploads\/2025\/10\/251006-desaparicion-parroco-Mezcala-1.jpg?ssl=1&w=1024&resize=1024&ssl=1 1024w, https:\/\/i0.wp.com\/www.interaccionnoticias.com.mx\/wp-content\/uploads\/2025\/10\/251006-desaparicion-parroco-Mezcala-1.jpg?ssl=1&w=1280&resize=1280&ssl=1 1280w, https:\/\/i0.wp.com\/www.interaccionnoticias.com.mx\/wp-content\/uploads\/2025\/10\/251006-desaparicion-parroco-Mezcala-1.jpg?ssl=1&w=1600&resize=1600&ssl=1 1600w\" data-id=\"96088\" fifu-data-src=\"https:\/\/i0.wp.com\/www.interaccionnoticias.com.mx\/wp-content\/uploads\/2025\/10\/251006-desaparicion-parroco-Mezcala-1.jpg?ssl=1\" alt=\"\" class=\"wp-image-96088\"\/><\/figure>\n\n\n\n<figure class=\"wp-block-image size-large\"><img decoding=\"async\" src=\"data:image\/gif;base64,R0lGODlhAQABAIAAAAAAAP\/\/\/ywAAAAAAQABAAACAUwAOw==\" fifu-lazy=\"1\" fifu-data-sizes=\"auto\" fifu-data-srcset=\"https:\/\/i0.wp.com\/www.interaccionnoticias.com.mx\/wp-content\/uploads\/2025\/10\/251006-desaparicion-parroco-Mezcala-2.jpg?ssl=1&w=75&resize=75&ssl=1 75w, https:\/\/i0.wp.com\/www.interaccionnoticias.com.mx\/wp-content\/uploads\/2025\/10\/251006-desaparicion-parroco-Mezcala-2.jpg?ssl=1&w=100&resize=100&ssl=1 100w, https:\/\/i0.wp.com\/www.interaccionnoticias.com.mx\/wp-content\/uploads\/2025\/10\/251006-desaparicion-parroco-Mezcala-2.jpg?ssl=1&w=150&resize=150&ssl=1 150w, https:\/\/i0.wp.com\/www.interaccionnoticias.com.mx\/wp-content\/uploads\/2025\/10\/251006-desaparicion-parroco-Mezcala-2.jpg?ssl=1&w=240&resize=240&ssl=1 240w, https:\/\/i0.wp.com\/www.interaccionnoticias.com.mx\/wp-content\/uploads\/2025\/10\/251006-desaparicion-parroco-Mezcala-2.jpg?ssl=1&w=320&resize=320&ssl=1 320w, https:\/\/i0.wp.com\/www.interaccionnoticias.com.mx\/wp-content\/uploads\/2025\/10\/251006-desaparicion-parroco-Mezcala-2.jpg?ssl=1&w=500&resize=500&ssl=1 500w, https:\/\/i0.wp.com\/www.interaccionnoticias.com.mx\/wp-content\/uploads\/2025\/10\/251006-desaparicion-parroco-Mezcala-2.jpg?ssl=1&w=640&resize=640&ssl=1 640w, https:\/\/i0.wp.com\/www.interaccionnoticias.com.mx\/wp-content\/uploads\/2025\/10\/251006-desaparicion-parroco-Mezcala-2.jpg?ssl=1&w=800&resize=800&ssl=1 800w, https:\/\/i0.wp.com\/www.interaccionnoticias.com.mx\/wp-content\/uploads\/2025\/10\/251006-desaparicion-parroco-Mezcala-2.jpg?ssl=1&w=1024&resize=1024&ssl=1 1024w, https:\/\/i0.wp.com\/www.interaccionnoticias.com.mx\/wp-content\/uploads\/2025\/10\/251006-desaparicion-parroco-Mezcala-2.jpg?ssl=1&w=1280&resize=1280&ssl=1 1280w, https:\/\/i0.wp.com\/www.interaccionnoticias.com.mx\/wp-content\/uploads\/2025\/10\/251006-desaparicion-parroco-Mezcala-2.jpg?ssl=1&w=1600&resize=1600&ssl=1 1600w\" data-id=\"96090\" fifu-data-src=\"https:\/\/i0.wp.com\/www.interaccionnoticias.com.mx\/wp-content\/uploads\/2025\/10\/251006-desaparicion-parroco-Mezcala-2.jpg?ssl=1\" alt=\"\" class=\"wp-image-96090\"\/><\/figure>\n<\/figure>\n","protected":false},"excerpt":{"rendered":"<p>&#8212; Monse\u00f1or Jos\u00e9 de Jes\u00fas Gonz\u00e1lez pide a las autoridades su pronta localizaci\u00f3n&#8212; Llama a evitar especulaciones sobre el caso Rogelio Agust\u00edn El obispo de la Di\u00f3cesis Chilpancingo-Chilapa, Jos\u00e9 de&hellip; <\/p>\n","protected":false},"author":21,"featured_media":96092,"comment_status":"open","ping_status":"open","sticky":false,"template":"","format":"standard","meta":{"fifu_image_url":"https:\/\/www.interaccionnoticias.com.mx\/wp-content\/uploads\/2025\/10\/251006-desaparicion-parroco-Mezcala-3.jpg","fifu_image_alt":"","footnotes":""},"categories":[11],"tags":[],"class_list":["post-96087","post","type-post","status-publish","format-standard","has-post-thumbnail","hentry","category-guerrero"],"_links":{"self":[{"href":"https:\/\/www.interaccionnoticias.com.mx\/index.php?rest_route=\/wp\/v2\/posts\/96087","targetHints":{"allow":["GET"]}}],"collection":[{"href":"https:\/\/www.interaccionnoticias.com.mx\/index.php?rest_route=\/wp\/v2\/posts"}],"about":[{"href":"https:\/\/www.interaccionnoticias.com.mx\/index.php?rest_route=\/wp\/v2\/types\/post"}],"author":[{"embeddable":true,"href":"https:\/\/www.interaccionnoticias.com.mx\/index.php?rest_route=\/wp\/v2\/users\/21"}],"replies":[{"embeddable":true,"href":"https:\/\/www.interaccionnoticias.com.mx\/index.php?rest_route=%2Fwp%2Fv2%2Fcomments&post=96087"}],"version-history":[{"count":1,"href":"https:\/\/www.interaccionnoticias.com.mx\/index.php?rest_route=\/wp\/v2\/posts\/96087\/revisions"}],"predecessor-version":[{"id":96091,"href":"https:\/\/www.interaccionnoticias.com.mx\/index.php?rest_route=\/wp\/v2\/posts\/96087\/revisions\/96091"}],"wp:featuredmedia":[{"embeddable":true,"href":"https:\/\/www.interaccionnoticias.com.mx\/index.php?rest_route=\/wp\/v2\/media\/96092"}],"wp:attachment":[{"href":"https:\/\/www.interaccionnoticias.com.mx\/index.php?rest_route=%2Fwp%2Fv2%2Fmedia&parent=96087"}],"wp:term":[{"taxonomy":"category","embeddable":true,"href":"https:\/\/www.interaccionnoticias.com.mx\/index.php?rest_route=%2Fwp%2Fv2%2Fcategories&post=96087"},{"taxonomy":"post_tag","embeddable":true,"href":"https:\/\/www.interaccionnoticias.com.mx\/index.php?rest_route=%2Fwp%2Fv2%2Ftags&post=96087"}],"curies":[{"name":"wp","href":"https:\/\/api.w.org\/{rel}","templated":true}]}}