{"id":96066,"date":"2025-10-06T11:20:44","date_gmt":"2025-10-06T17:20:44","guid":{"rendered":"https:\/\/www.interaccionnoticias.com.mx\/?p=96066"},"modified":"2025-10-06T11:20:45","modified_gmt":"2025-10-06T17:20:45","slug":"egresados-de-ayotzinapa-exigen-la-entrega-de-plazas-de-profesor-con-planton-frente-a-palacio-de-gobierno","status":"publish","type":"post","link":"https:\/\/www.interaccionnoticias.com.mx\/?p=96066","title":{"rendered":"Egresados de Ayotzinapa exigen la entrega de plazas de profesor, con plant\u00f3n frente a Palacio de Gobierno"},"content":{"rendered":"\n<p><strong><em>&#8212; El procedimiento est\u00e1 en marcha, asegura el Gobierno de Guerrero<br>&#8212; \u201cLas plazas las distribuye la SEP, no la SEG\u201d, aclara Francisco Rodr\u00edguez Cisneros, subsecretario de Desarrollo Pol\u00edtico<\/em><\/strong><\/p>\n\n\n\n<p><strong>Jes\u00fas Dorantes<\/strong><\/p>\n\n\n\n<p>Egresados de la Normal Rural de Ayotzinapa solicitaron al Gobierno de Guerrero la entrega de plazas de profesor, para ello realizaron un plant\u00f3n en la entrada principal de Palacio de Gobierno.<\/p>\n\n\n\n<p>La ma\u00f1ana del lunes, los egresados llegaron a bordo de un autob\u00fas de pasajeros, quienes descendieron en la puerta de acceso del Recinto Oficial del Poder Ejecutivo del Estado de Guerrero (ROPEG).<\/p>\n\n\n\n<p>La mayor\u00eda ten\u00edan el rostro cubierto y se limitaron a se\u00f1alar que estaban en el lugar para exigir la entrega de plazas de profesor.<\/p>\n\n\n\n<p>Fue el subsecretario de Desarrollo Pol\u00edtico de la Secretar\u00eda General de Gobierno, Francisco Rodr\u00edguez Cisneros quien acudi\u00f3 a dialogar con los manifestantes.<\/p>\n\n\n\n<p>El funcionario explic\u00f3 que se trataba de egresados de la Normal, lo que les daba el car\u00e1cter de profesores.<\/p>\n\n\n\n<p>Explic\u00f3 que la demanda no se pod\u00eda resolver de manera instant\u00e1nea, pues de manera institucional, existe un proceso de asignaci\u00f3n de plazas que a\u00fan no concluye.<\/p>\n\n\n\n<p>Rodr\u00edguez Cisneros manifest\u00f3 que se debe tener claro que las plazas de profesor las otorga la Secretar\u00eda de Educaci\u00f3n P\u00fablica (SEP) del Gobierno Federal, no es un asunto que est\u00e9 en manos de la Secretar\u00eda de Educaci\u00f3n Guerrero (SEG) ni de cualquier \u00e1rea del gobierno estatal.<\/p>\n\n\n\n<p>Por esa raz\u00f3n, dijo que el titular de la SEG, Ricardo Castillo Pe\u00f1a se encontraba en la Ciudad de M\u00e9xico, precisamente para solicitar que la SEP le genere un espacio para revisar como se encuentra el tema de las plazas que corresponden a Guerrero y los egresados de sus normales p\u00fablicos.<\/p>\n\n\n\n<p>Rodr\u00edguez mencion\u00f3 que los egresados de las normales cuentan con el respaldo del Gobierno de Guerrero, por eso es que el titular de la SEG se encuentra dialogando con la SEP, para efecto de estar en condiciones de resolver en los tiempos que corresponden.<\/p>\n\n\n\n<p>Sin embargo, dijo que es necesario que esperen a que los tiempos del procedimiento se agoten.<\/p>\n\n\n\n<p>Cuando los egresados llegaron, en la explanada del ROPEG (antes Palacio de Gobierno) se desarrollaba el homenaje de cada inicio de mes, lo que provoc\u00f3 que una gran cantidad de trabajadores quedaran encerrados por algunos instantes.<\/p>\n\n\n\n<figure class=\"wp-block-gallery has-nested-images columns-default is-cropped wp-block-gallery-1 is-layout-flex wp-block-gallery-is-layout-flex\">\n<figure class=\"wp-block-image size-large\"><img decoding=\"async\" src=\"data:image\/gif;base64,R0lGODlhAQABAIAAAAAAAP\/\/\/ywAAAAAAQABAAACAUwAOw==\" fifu-lazy=\"1\" fifu-data-sizes=\"auto\" fifu-data-srcset=\"https:\/\/i1.wp.com\/www.interaccionnoticias.com.mx\/wp-content\/uploads\/2025\/10\/251006-Ayotzinapa-3-1024x576.jpg?ssl=1&w=75&resize=75&ssl=1 75w, https:\/\/i1.wp.com\/www.interaccionnoticias.com.mx\/wp-content\/uploads\/2025\/10\/251006-Ayotzinapa-3-1024x576.jpg?ssl=1&w=100&resize=100&ssl=1 100w, https:\/\/i1.wp.com\/www.interaccionnoticias.com.mx\/wp-content\/uploads\/2025\/10\/251006-Ayotzinapa-3-1024x576.jpg?ssl=1&w=150&resize=150&ssl=1 150w, https:\/\/i1.wp.com\/www.interaccionnoticias.com.mx\/wp-content\/uploads\/2025\/10\/251006-Ayotzinapa-3-1024x576.jpg?ssl=1&w=240&resize=240&ssl=1 240w, https:\/\/i1.wp.com\/www.interaccionnoticias.com.mx\/wp-content\/uploads\/2025\/10\/251006-Ayotzinapa-3-1024x576.jpg?ssl=1&w=320&resize=320&ssl=1 320w, https:\/\/i1.wp.com\/www.interaccionnoticias.com.mx\/wp-content\/uploads\/2025\/10\/251006-Ayotzinapa-3-1024x576.jpg?ssl=1&w=500&resize=500&ssl=1 500w, https:\/\/i1.wp.com\/www.interaccionnoticias.com.mx\/wp-content\/uploads\/2025\/10\/251006-Ayotzinapa-3-1024x576.jpg?ssl=1&w=640&resize=640&ssl=1 640w, https:\/\/i1.wp.com\/www.interaccionnoticias.com.mx\/wp-content\/uploads\/2025\/10\/251006-Ayotzinapa-3-1024x576.jpg?ssl=1&w=800&resize=800&ssl=1 800w, https:\/\/i1.wp.com\/www.interaccionnoticias.com.mx\/wp-content\/uploads\/2025\/10\/251006-Ayotzinapa-3-1024x576.jpg?ssl=1&w=1024&resize=1024&ssl=1 1024w, https:\/\/i1.wp.com\/www.interaccionnoticias.com.mx\/wp-content\/uploads\/2025\/10\/251006-Ayotzinapa-3-1024x576.jpg?ssl=1&w=1280&resize=1280&ssl=1 1280w, https:\/\/i1.wp.com\/www.interaccionnoticias.com.mx\/wp-content\/uploads\/2025\/10\/251006-Ayotzinapa-3-1024x576.jpg?ssl=1&w=1600&resize=1600&ssl=1 1600w\" data-id=\"96067\" fifu-data-src=\"https:\/\/i1.wp.com\/www.interaccionnoticias.com.mx\/wp-content\/uploads\/2025\/10\/251006-Ayotzinapa-3-1024x576.jpg?ssl=1\" alt=\"\" class=\"wp-image-96067\"\/><\/figure>\n\n\n\n<figure class=\"wp-block-image size-large\"><img decoding=\"async\" src=\"data:image\/gif;base64,R0lGODlhAQABAIAAAAAAAP\/\/\/ywAAAAAAQABAAACAUwAOw==\" fifu-lazy=\"1\" fifu-data-sizes=\"auto\" fifu-data-srcset=\"https:\/\/i0.wp.com\/www.interaccionnoticias.com.mx\/wp-content\/uploads\/2025\/10\/251006-Ayotzinapa-1-1024x576.jpg?ssl=1&w=75&resize=75&ssl=1 75w, https:\/\/i0.wp.com\/www.interaccionnoticias.com.mx\/wp-content\/uploads\/2025\/10\/251006-Ayotzinapa-1-1024x576.jpg?ssl=1&w=100&resize=100&ssl=1 100w, https:\/\/i0.wp.com\/www.interaccionnoticias.com.mx\/wp-content\/uploads\/2025\/10\/251006-Ayotzinapa-1-1024x576.jpg?ssl=1&w=150&resize=150&ssl=1 150w, https:\/\/i0.wp.com\/www.interaccionnoticias.com.mx\/wp-content\/uploads\/2025\/10\/251006-Ayotzinapa-1-1024x576.jpg?ssl=1&w=240&resize=240&ssl=1 240w, https:\/\/i0.wp.com\/www.interaccionnoticias.com.mx\/wp-content\/uploads\/2025\/10\/251006-Ayotzinapa-1-1024x576.jpg?ssl=1&w=320&resize=320&ssl=1 320w, https:\/\/i0.wp.com\/www.interaccionnoticias.com.mx\/wp-content\/uploads\/2025\/10\/251006-Ayotzinapa-1-1024x576.jpg?ssl=1&w=500&resize=500&ssl=1 500w, https:\/\/i0.wp.com\/www.interaccionnoticias.com.mx\/wp-content\/uploads\/2025\/10\/251006-Ayotzinapa-1-1024x576.jpg?ssl=1&w=640&resize=640&ssl=1 640w, https:\/\/i0.wp.com\/www.interaccionnoticias.com.mx\/wp-content\/uploads\/2025\/10\/251006-Ayotzinapa-1-1024x576.jpg?ssl=1&w=800&resize=800&ssl=1 800w, https:\/\/i0.wp.com\/www.interaccionnoticias.com.mx\/wp-content\/uploads\/2025\/10\/251006-Ayotzinapa-1-1024x576.jpg?ssl=1&w=1024&resize=1024&ssl=1 1024w, https:\/\/i0.wp.com\/www.interaccionnoticias.com.mx\/wp-content\/uploads\/2025\/10\/251006-Ayotzinapa-1-1024x576.jpg?ssl=1&w=1280&resize=1280&ssl=1 1280w, https:\/\/i0.wp.com\/www.interaccionnoticias.com.mx\/wp-content\/uploads\/2025\/10\/251006-Ayotzinapa-1-1024x576.jpg?ssl=1&w=1600&resize=1600&ssl=1 1600w\" data-id=\"96069\" fifu-data-src=\"https:\/\/i0.wp.com\/www.interaccionnoticias.com.mx\/wp-content\/uploads\/2025\/10\/251006-Ayotzinapa-1-1024x576.jpg?ssl=1\" alt=\"\" class=\"wp-image-96069\"\/><\/figure>\n\n\n\n<figure class=\"wp-block-image size-large\"><img decoding=\"async\" src=\"data:image\/gif;base64,R0lGODlhAQABAIAAAAAAAP\/\/\/ywAAAAAAQABAAACAUwAOw==\" fifu-lazy=\"1\" fifu-data-sizes=\"auto\" fifu-data-srcset=\"https:\/\/i3.wp.com\/www.interaccionnoticias.com.mx\/wp-content\/uploads\/2025\/10\/251006-Ayotzinapa-2-1024x576.jpg?ssl=1&w=75&resize=75&ssl=1 75w, https:\/\/i3.wp.com\/www.interaccionnoticias.com.mx\/wp-content\/uploads\/2025\/10\/251006-Ayotzinapa-2-1024x576.jpg?ssl=1&w=100&resize=100&ssl=1 100w, https:\/\/i3.wp.com\/www.interaccionnoticias.com.mx\/wp-content\/uploads\/2025\/10\/251006-Ayotzinapa-2-1024x576.jpg?ssl=1&w=150&resize=150&ssl=1 150w, https:\/\/i3.wp.com\/www.interaccionnoticias.com.mx\/wp-content\/uploads\/2025\/10\/251006-Ayotzinapa-2-1024x576.jpg?ssl=1&w=240&resize=240&ssl=1 240w, https:\/\/i3.wp.com\/www.interaccionnoticias.com.mx\/wp-content\/uploads\/2025\/10\/251006-Ayotzinapa-2-1024x576.jpg?ssl=1&w=320&resize=320&ssl=1 320w, https:\/\/i3.wp.com\/www.interaccionnoticias.com.mx\/wp-content\/uploads\/2025\/10\/251006-Ayotzinapa-2-1024x576.jpg?ssl=1&w=500&resize=500&ssl=1 500w, https:\/\/i3.wp.com\/www.interaccionnoticias.com.mx\/wp-content\/uploads\/2025\/10\/251006-Ayotzinapa-2-1024x576.jpg?ssl=1&w=640&resize=640&ssl=1 640w, https:\/\/i3.wp.com\/www.interaccionnoticias.com.mx\/wp-content\/uploads\/2025\/10\/251006-Ayotzinapa-2-1024x576.jpg?ssl=1&w=800&resize=800&ssl=1 800w, https:\/\/i3.wp.com\/www.interaccionnoticias.com.mx\/wp-content\/uploads\/2025\/10\/251006-Ayotzinapa-2-1024x576.jpg?ssl=1&w=1024&resize=1024&ssl=1 1024w, https:\/\/i3.wp.com\/www.interaccionnoticias.com.mx\/wp-content\/uploads\/2025\/10\/251006-Ayotzinapa-2-1024x576.jpg?ssl=1&w=1280&resize=1280&ssl=1 1280w, https:\/\/i3.wp.com\/www.interaccionnoticias.com.mx\/wp-content\/uploads\/2025\/10\/251006-Ayotzinapa-2-1024x576.jpg?ssl=1&w=1600&resize=1600&ssl=1 1600w\" data-id=\"96068\" fifu-data-src=\"https:\/\/i3.wp.com\/www.interaccionnoticias.com.mx\/wp-content\/uploads\/2025\/10\/251006-Ayotzinapa-2-1024x576.jpg?ssl=1\" alt=\"\" class=\"wp-image-96068\"\/><\/figure>\n<\/figure>\n","protected":false},"excerpt":{"rendered":"<p>&#8212; El procedimiento est\u00e1 en marcha, asegura el Gobierno de Guerrero&#8212; \u201cLas plazas las distribuye la SEP, no la SEG\u201d, aclara Francisco Rodr\u00edguez Cisneros, subsecretario de Desarrollo Pol\u00edtico Jes\u00fas Dorantes&hellip; <\/p>\n","protected":false},"author":8,"featured_media":96071,"comment_status":"open","ping_status":"open","sticky":false,"template":"","format":"standard","meta":{"fifu_image_url":"https:\/\/www.interaccionnoticias.com.mx\/wp-content\/uploads\/2025\/10\/251006-Ayotzinapa-3.jpg","fifu_image_alt":"","footnotes":""},"categories":[6],"tags":[],"class_list":["post-96066","post","type-post","status-publish","format-standard","has-post-thumbnail","hentry","category-educacion"],"_links":{"self":[{"href":"https:\/\/www.interaccionnoticias.com.mx\/index.php?rest_route=\/wp\/v2\/posts\/96066","targetHints":{"allow":["GET"]}}],"collection":[{"href":"https:\/\/www.interaccionnoticias.com.mx\/index.php?rest_route=\/wp\/v2\/posts"}],"about":[{"href":"https:\/\/www.interaccionnoticias.com.mx\/index.php?rest_route=\/wp\/v2\/types\/post"}],"author":[{"embeddable":true,"href":"https:\/\/www.interaccionnoticias.com.mx\/index.php?rest_route=\/wp\/v2\/users\/8"}],"replies":[{"embeddable":true,"href":"https:\/\/www.interaccionnoticias.com.mx\/index.php?rest_route=%2Fwp%2Fv2%2Fcomments&post=96066"}],"version-history":[{"count":1,"href":"https:\/\/www.interaccionnoticias.com.mx\/index.php?rest_route=\/wp\/v2\/posts\/96066\/revisions"}],"predecessor-version":[{"id":96070,"href":"https:\/\/www.interaccionnoticias.com.mx\/index.php?rest_route=\/wp\/v2\/posts\/96066\/revisions\/96070"}],"wp:featuredmedia":[{"embeddable":true,"href":"https:\/\/www.interaccionnoticias.com.mx\/index.php?rest_route=\/wp\/v2\/media\/96071"}],"wp:attachment":[{"href":"https:\/\/www.interaccionnoticias.com.mx\/index.php?rest_route=%2Fwp%2Fv2%2Fmedia&parent=96066"}],"wp:term":[{"taxonomy":"category","embeddable":true,"href":"https:\/\/www.interaccionnoticias.com.mx\/index.php?rest_route=%2Fwp%2Fv2%2Fcategories&post=96066"},{"taxonomy":"post_tag","embeddable":true,"href":"https:\/\/www.interaccionnoticias.com.mx\/index.php?rest_route=%2Fwp%2Fv2%2Ftags&post=96066"}],"curies":[{"name":"wp","href":"https:\/\/api.w.org\/{rel}","templated":true}]}}