{"id":96055,"date":"2025-10-05T20:25:57","date_gmt":"2025-10-06T02:25:57","guid":{"rendered":"https:\/\/www.interaccionnoticias.com.mx\/?p=96055"},"modified":"2025-10-05T20:25:58","modified_gmt":"2025-10-06T02:25:58","slug":"no-llegaron-contingentes-a-marcha-por-la-paz-en-chilpancingo","status":"publish","type":"post","link":"https:\/\/www.interaccionnoticias.com.mx\/?p=96055","title":{"rendered":"No llegaron contingentes a marcha por la paz, en Chilpancingo"},"content":{"rendered":"\n<p><strong><em>&#8212; En la v\u00edspera del primer aniversario luctuoso del alcalde Alejandro Arcos Catal\u00e1n<\/em><\/strong><\/p>\n\n\n\n<p><strong>Jes\u00fas Dorantes \/ Chilpancingo<\/strong><\/p>\n\n\n\n<p>La tercera edici\u00f3n de la Marcha por la Paz en Chilpancingo, convocada para el domingo 5 de octubre se suspendio a consecuencia de a la escasa convocatoria, en tanto que este lunes se desarrollar\u00e1 una misa en el contexto del primer aniversario luctuoso del asesinato perpetrado en contra del alcalde Alejandro Arcos Catal\u00e1n.<\/p>\n\n\n\n<p>Al parque Margarita Maza de Ju\u00e1rez, donde estaba convocado el inicio de la movilizaci\u00f3n, solo acudieron<\/p>\n\n\n\n<p>representantes de colectivos de madres buscadoras, ni siquiera los simpatizantes del primer edil asesinado hace ya un a\u00f1o.<\/p>\n\n\n\n<p>Las represetantes de los colectivos criticaron la indiferencia de la sociedad, ante la violencia y las desapariciones que siguen afectando a Guerrero.<\/p>\n\n\n\n<p>La marcha iniciar\u00eda 16:00 horas en el parque Margarita Maza de Ju\u00e1rez, en la zona norte de la ciudad para caminar havia el centro.<\/p>\n\n\n\n<p>Los colectivos optaron por cancelar la actividad, debido a que no llegaban ni a 20 personas.<\/p>\n\n\n\n<p>\u201cBuscamos a nuestros hijos en cerros y montes, sin comida ni agua, y aun as\u00ed las autoridades nos ignoran. Estamos solas en esta lucha\u201d, expres\u00f3 una de las madres activistas de \u201cGuerrero no m\u00e1s desaparecidos\u201d.<\/p>\n\n\n\n<p>Durante el encuentro con periodistas, las representantes de los colectivos subrayaron que la falta de respaldo institucional y la apat\u00eda de la poblaci\u00f3n, permiten que el problema de las desapariciones prevalece.<\/p>\n\n\n\n<p>\u201cNos duele ver que nadie se une. Esta marcha era por la paz y por la justicia. Necesitamos apoyo, no indiferencia\u201d, reprocharon.<\/p>\n\n\n\n<p>La movilizaci\u00f3n tambi\u00e9n buscaba solidarizarse con la familia del alcalde Alejandro Arcos Catal\u00e1n, asesinado hace un a\u00f1o, pero no llegaron ni siquiera quienes lo acompa\u00f1aron en su equipo de campa\u00f1a.<\/p>\n\n\n\n<p>\u201cNos unimos para recordarlo, porque en su caso tampoco ha habido justicia\u201d, lamentaron las convocantes.<\/p>\n\n\n\n<p>Este d\u00eda se espera que haya una misa en memoria del alcalde Arcos Catal\u00e1n, quien fue asesinado cuando apenas ten\u00eda una semana de haber rendido protesta como presidente municipal.<\/p>\n\n\n\n<figure class=\"wp-block-gallery has-nested-images columns-default is-cropped wp-block-gallery-1 is-layout-flex wp-block-gallery-is-layout-flex\">\n<figure class=\"wp-block-image size-large\"><img decoding=\"async\" src=\"data:image\/gif;base64,R0lGODlhAQABAIAAAAAAAP\/\/\/ywAAAAAAQABAAACAUwAOw==\" fifu-lazy=\"1\" fifu-data-sizes=\"auto\" fifu-data-srcset=\"https:\/\/i0.wp.com\/www.interaccionnoticias.com.mx\/wp-content\/uploads\/2025\/10\/251005-No-llegaron-contingentes-1-1024x683.jpg?ssl=1&w=75&resize=75&ssl=1 75w, https:\/\/i0.wp.com\/www.interaccionnoticias.com.mx\/wp-content\/uploads\/2025\/10\/251005-No-llegaron-contingentes-1-1024x683.jpg?ssl=1&w=100&resize=100&ssl=1 100w, https:\/\/i0.wp.com\/www.interaccionnoticias.com.mx\/wp-content\/uploads\/2025\/10\/251005-No-llegaron-contingentes-1-1024x683.jpg?ssl=1&w=150&resize=150&ssl=1 150w, https:\/\/i0.wp.com\/www.interaccionnoticias.com.mx\/wp-content\/uploads\/2025\/10\/251005-No-llegaron-contingentes-1-1024x683.jpg?ssl=1&w=240&resize=240&ssl=1 240w, https:\/\/i0.wp.com\/www.interaccionnoticias.com.mx\/wp-content\/uploads\/2025\/10\/251005-No-llegaron-contingentes-1-1024x683.jpg?ssl=1&w=320&resize=320&ssl=1 320w, https:\/\/i0.wp.com\/www.interaccionnoticias.com.mx\/wp-content\/uploads\/2025\/10\/251005-No-llegaron-contingentes-1-1024x683.jpg?ssl=1&w=500&resize=500&ssl=1 500w, https:\/\/i0.wp.com\/www.interaccionnoticias.com.mx\/wp-content\/uploads\/2025\/10\/251005-No-llegaron-contingentes-1-1024x683.jpg?ssl=1&w=640&resize=640&ssl=1 640w, https:\/\/i0.wp.com\/www.interaccionnoticias.com.mx\/wp-content\/uploads\/2025\/10\/251005-No-llegaron-contingentes-1-1024x683.jpg?ssl=1&w=800&resize=800&ssl=1 800w, https:\/\/i0.wp.com\/www.interaccionnoticias.com.mx\/wp-content\/uploads\/2025\/10\/251005-No-llegaron-contingentes-1-1024x683.jpg?ssl=1&w=1024&resize=1024&ssl=1 1024w, https:\/\/i0.wp.com\/www.interaccionnoticias.com.mx\/wp-content\/uploads\/2025\/10\/251005-No-llegaron-contingentes-1-1024x683.jpg?ssl=1&w=1280&resize=1280&ssl=1 1280w, https:\/\/i0.wp.com\/www.interaccionnoticias.com.mx\/wp-content\/uploads\/2025\/10\/251005-No-llegaron-contingentes-1-1024x683.jpg?ssl=1&w=1600&resize=1600&ssl=1 1600w\" data-id=\"96056\" fifu-data-src=\"https:\/\/i0.wp.com\/www.interaccionnoticias.com.mx\/wp-content\/uploads\/2025\/10\/251005-No-llegaron-contingentes-1-1024x683.jpg?ssl=1\" alt=\"\" class=\"wp-image-96056\"\/><\/figure>\n\n\n\n<figure class=\"wp-block-image size-large\"><img decoding=\"async\" src=\"data:image\/gif;base64,R0lGODlhAQABAIAAAAAAAP\/\/\/ywAAAAAAQABAAACAUwAOw==\" fifu-lazy=\"1\" fifu-data-sizes=\"auto\" fifu-data-srcset=\"https:\/\/i3.wp.com\/www.interaccionnoticias.com.mx\/wp-content\/uploads\/2025\/10\/251005-No-llegaron-contingentes-2-1024x683.jpg?ssl=1&w=75&resize=75&ssl=1 75w, https:\/\/i3.wp.com\/www.interaccionnoticias.com.mx\/wp-content\/uploads\/2025\/10\/251005-No-llegaron-contingentes-2-1024x683.jpg?ssl=1&w=100&resize=100&ssl=1 100w, https:\/\/i3.wp.com\/www.interaccionnoticias.com.mx\/wp-content\/uploads\/2025\/10\/251005-No-llegaron-contingentes-2-1024x683.jpg?ssl=1&w=150&resize=150&ssl=1 150w, https:\/\/i3.wp.com\/www.interaccionnoticias.com.mx\/wp-content\/uploads\/2025\/10\/251005-No-llegaron-contingentes-2-1024x683.jpg?ssl=1&w=240&resize=240&ssl=1 240w, https:\/\/i3.wp.com\/www.interaccionnoticias.com.mx\/wp-content\/uploads\/2025\/10\/251005-No-llegaron-contingentes-2-1024x683.jpg?ssl=1&w=320&resize=320&ssl=1 320w, https:\/\/i3.wp.com\/www.interaccionnoticias.com.mx\/wp-content\/uploads\/2025\/10\/251005-No-llegaron-contingentes-2-1024x683.jpg?ssl=1&w=500&resize=500&ssl=1 500w, https:\/\/i3.wp.com\/www.interaccionnoticias.com.mx\/wp-content\/uploads\/2025\/10\/251005-No-llegaron-contingentes-2-1024x683.jpg?ssl=1&w=640&resize=640&ssl=1 640w, https:\/\/i3.wp.com\/www.interaccionnoticias.com.mx\/wp-content\/uploads\/2025\/10\/251005-No-llegaron-contingentes-2-1024x683.jpg?ssl=1&w=800&resize=800&ssl=1 800w, https:\/\/i3.wp.com\/www.interaccionnoticias.com.mx\/wp-content\/uploads\/2025\/10\/251005-No-llegaron-contingentes-2-1024x683.jpg?ssl=1&w=1024&resize=1024&ssl=1 1024w, https:\/\/i3.wp.com\/www.interaccionnoticias.com.mx\/wp-content\/uploads\/2025\/10\/251005-No-llegaron-contingentes-2-1024x683.jpg?ssl=1&w=1280&resize=1280&ssl=1 1280w, https:\/\/i3.wp.com\/www.interaccionnoticias.com.mx\/wp-content\/uploads\/2025\/10\/251005-No-llegaron-contingentes-2-1024x683.jpg?ssl=1&w=1600&resize=1600&ssl=1 1600w\" data-id=\"96057\" fifu-data-src=\"https:\/\/i3.wp.com\/www.interaccionnoticias.com.mx\/wp-content\/uploads\/2025\/10\/251005-No-llegaron-contingentes-2-1024x683.jpg?ssl=1\" alt=\"\" class=\"wp-image-96057\"\/><\/figure>\n<\/figure>\n","protected":false},"excerpt":{"rendered":"<p>&#8212; En la v\u00edspera del primer aniversario luctuoso del alcalde Alejandro Arcos Catal\u00e1n Jes\u00fas Dorantes \/ Chilpancingo La tercera edici\u00f3n de la Marcha por la Paz en Chilpancingo, convocada para&hellip; <\/p>\n","protected":false},"author":8,"featured_media":96059,"comment_status":"open","ping_status":"open","sticky":false,"template":"","format":"standard","meta":{"fifu_image_url":"https:\/\/www.interaccionnoticias.com.mx\/wp-content\/uploads\/2025\/10\/251005-No-llegaron-contingentes-2.jpg","fifu_image_alt":"","footnotes":""},"categories":[13],"tags":[],"class_list":["post-96055","post","type-post","status-publish","format-standard","has-post-thumbnail","hentry","category-capital"],"_links":{"self":[{"href":"https:\/\/www.interaccionnoticias.com.mx\/index.php?rest_route=\/wp\/v2\/posts\/96055","targetHints":{"allow":["GET"]}}],"collection":[{"href":"https:\/\/www.interaccionnoticias.com.mx\/index.php?rest_route=\/wp\/v2\/posts"}],"about":[{"href":"https:\/\/www.interaccionnoticias.com.mx\/index.php?rest_route=\/wp\/v2\/types\/post"}],"author":[{"embeddable":true,"href":"https:\/\/www.interaccionnoticias.com.mx\/index.php?rest_route=\/wp\/v2\/users\/8"}],"replies":[{"embeddable":true,"href":"https:\/\/www.interaccionnoticias.com.mx\/index.php?rest_route=%2Fwp%2Fv2%2Fcomments&post=96055"}],"version-history":[{"count":1,"href":"https:\/\/www.interaccionnoticias.com.mx\/index.php?rest_route=\/wp\/v2\/posts\/96055\/revisions"}],"predecessor-version":[{"id":96058,"href":"https:\/\/www.interaccionnoticias.com.mx\/index.php?rest_route=\/wp\/v2\/posts\/96055\/revisions\/96058"}],"wp:featuredmedia":[{"embeddable":true,"href":"https:\/\/www.interaccionnoticias.com.mx\/index.php?rest_route=\/wp\/v2\/media\/96059"}],"wp:attachment":[{"href":"https:\/\/www.interaccionnoticias.com.mx\/index.php?rest_route=%2Fwp%2Fv2%2Fmedia&parent=96055"}],"wp:term":[{"taxonomy":"category","embeddable":true,"href":"https:\/\/www.interaccionnoticias.com.mx\/index.php?rest_route=%2Fwp%2Fv2%2Fcategories&post=96055"},{"taxonomy":"post_tag","embeddable":true,"href":"https:\/\/www.interaccionnoticias.com.mx\/index.php?rest_route=%2Fwp%2Fv2%2Ftags&post=96055"}],"curies":[{"name":"wp","href":"https:\/\/api.w.org\/{rel}","templated":true}]}}