{"id":96026,"date":"2025-10-03T22:25:18","date_gmt":"2025-10-04T04:25:18","guid":{"rendered":"https:\/\/www.interaccionnoticias.com.mx\/?p=96026"},"modified":"2025-10-03T22:32:46","modified_gmt":"2025-10-04T04:32:46","slug":"cierran-el-puerto-de-acapulco-a-la-navegacion","status":"publish","type":"post","link":"https:\/\/www.interaccionnoticias.com.mx\/?p=96026","title":{"rendered":"Cierran el puerto de Acapulco a la navegaci\u00f3n"},"content":{"rendered":"\n<p><strong><em>&#8212; Llaman a la poblaci\u00f3n a mantenerse alerta<\/em><\/strong><\/p>\n\n\n\n<p><strong>Javier Trujillo<\/strong><\/p>\n\n\n\n<p><strong>Acapulco, Gro. &#8211; <\/strong>El gobierno de Acapulco, inform\u00f3 a trav\u00e9s de la Secretar\u00eda de Marina y la Capitan\u00eda Regional de Puertos, que la zona portuaria se encuentra cerrada a la navegaci\u00f3n de embarcaciones menores.<\/p>\n\n\n\n<p>Lo anterior, luego de informarse que las condiciones meteorol\u00f3gicas son adversas y derivadas del paso de ondas tropicales, raz\u00f3n por la cual, a partir de las 17:30 horas se orden\u00f3 el cierre a todas las actividades en la bah\u00eda.<\/p>\n\n\n\n<p>Se precisa que la medida se implement\u00f3 porque la Secretar\u00eda de Gesti\u00f3n Integral de Riesgos y Protecci\u00f3n Civil de Guerrero, mantiene en vigilancia una zona de Baja Presi\u00f3n, la cual se ubica al sur de las costas de Colima con un 90 por ciento de probabilidad de desarrollo cicl\u00f3nico.<\/p>\n\n\n\n<p>Se detalla que la medida se implementa por las fuertes lluvias que provocan las tormentas locales, rachas de viento fuerte, oleaje elevado y actividad el\u00e9ctrica en la franja costera del Pac\u00edfico mexicano.<\/p>\n\n\n\n<p>Es por ello que se exhorta a la poblaci\u00f3n y prestadores de servicios n\u00e1uticos a extremar precauciones, mantener sus embarcaciones debidamente aseguradas y atender las indicaciones emitidas por las autoridades.<\/p>\n\n\n\n<figure class=\"wp-block-gallery has-nested-images columns-default is-cropped wp-block-gallery-1 is-layout-flex wp-block-gallery-is-layout-flex\">\n<figure class=\"wp-block-image size-large\"><img decoding=\"async\" src=\"data:image\/gif;base64,R0lGODlhAQABAIAAAAAAAP\/\/\/ywAAAAAAQABAAACAUwAOw==\" fifu-lazy=\"1\" fifu-data-sizes=\"auto\" fifu-data-srcset=\"https:\/\/i0.wp.com\/www.interaccionnoticias.com.mx\/wp-content\/uploads\/2025\/10\/251003-Cierran-el-puerto-Acapulco-3-1024x683.jpg?ssl=1&w=75&resize=75&ssl=1 75w, https:\/\/i0.wp.com\/www.interaccionnoticias.com.mx\/wp-content\/uploads\/2025\/10\/251003-Cierran-el-puerto-Acapulco-3-1024x683.jpg?ssl=1&w=100&resize=100&ssl=1 100w, https:\/\/i0.wp.com\/www.interaccionnoticias.com.mx\/wp-content\/uploads\/2025\/10\/251003-Cierran-el-puerto-Acapulco-3-1024x683.jpg?ssl=1&w=150&resize=150&ssl=1 150w, https:\/\/i0.wp.com\/www.interaccionnoticias.com.mx\/wp-content\/uploads\/2025\/10\/251003-Cierran-el-puerto-Acapulco-3-1024x683.jpg?ssl=1&w=240&resize=240&ssl=1 240w, https:\/\/i0.wp.com\/www.interaccionnoticias.com.mx\/wp-content\/uploads\/2025\/10\/251003-Cierran-el-puerto-Acapulco-3-1024x683.jpg?ssl=1&w=320&resize=320&ssl=1 320w, https:\/\/i0.wp.com\/www.interaccionnoticias.com.mx\/wp-content\/uploads\/2025\/10\/251003-Cierran-el-puerto-Acapulco-3-1024x683.jpg?ssl=1&w=500&resize=500&ssl=1 500w, https:\/\/i0.wp.com\/www.interaccionnoticias.com.mx\/wp-content\/uploads\/2025\/10\/251003-Cierran-el-puerto-Acapulco-3-1024x683.jpg?ssl=1&w=640&resize=640&ssl=1 640w, https:\/\/i0.wp.com\/www.interaccionnoticias.com.mx\/wp-content\/uploads\/2025\/10\/251003-Cierran-el-puerto-Acapulco-3-1024x683.jpg?ssl=1&w=800&resize=800&ssl=1 800w, https:\/\/i0.wp.com\/www.interaccionnoticias.com.mx\/wp-content\/uploads\/2025\/10\/251003-Cierran-el-puerto-Acapulco-3-1024x683.jpg?ssl=1&w=1024&resize=1024&ssl=1 1024w, https:\/\/i0.wp.com\/www.interaccionnoticias.com.mx\/wp-content\/uploads\/2025\/10\/251003-Cierran-el-puerto-Acapulco-3-1024x683.jpg?ssl=1&w=1280&resize=1280&ssl=1 1280w, https:\/\/i0.wp.com\/www.interaccionnoticias.com.mx\/wp-content\/uploads\/2025\/10\/251003-Cierran-el-puerto-Acapulco-3-1024x683.jpg?ssl=1&w=1600&resize=1600&ssl=1 1600w\" data-id=\"96027\" fifu-data-src=\"https:\/\/i0.wp.com\/www.interaccionnoticias.com.mx\/wp-content\/uploads\/2025\/10\/251003-Cierran-el-puerto-Acapulco-3-1024x683.jpg?ssl=1\" alt=\"\" class=\"wp-image-96027\"\/><\/figure>\n\n\n\n<figure class=\"wp-block-image size-large\"><img decoding=\"async\" src=\"data:image\/gif;base64,R0lGODlhAQABAIAAAAAAAP\/\/\/ywAAAAAAQABAAACAUwAOw==\" fifu-lazy=\"1\" fifu-data-sizes=\"auto\" fifu-data-srcset=\"https:\/\/i0.wp.com\/www.interaccionnoticias.com.mx\/wp-content\/uploads\/2025\/10\/251003-Cierran-el-puerto-Acapulco-4-1024x683.jpg?ssl=1&w=75&resize=75&ssl=1 75w, https:\/\/i0.wp.com\/www.interaccionnoticias.com.mx\/wp-content\/uploads\/2025\/10\/251003-Cierran-el-puerto-Acapulco-4-1024x683.jpg?ssl=1&w=100&resize=100&ssl=1 100w, https:\/\/i0.wp.com\/www.interaccionnoticias.com.mx\/wp-content\/uploads\/2025\/10\/251003-Cierran-el-puerto-Acapulco-4-1024x683.jpg?ssl=1&w=150&resize=150&ssl=1 150w, https:\/\/i0.wp.com\/www.interaccionnoticias.com.mx\/wp-content\/uploads\/2025\/10\/251003-Cierran-el-puerto-Acapulco-4-1024x683.jpg?ssl=1&w=240&resize=240&ssl=1 240w, https:\/\/i0.wp.com\/www.interaccionnoticias.com.mx\/wp-content\/uploads\/2025\/10\/251003-Cierran-el-puerto-Acapulco-4-1024x683.jpg?ssl=1&w=320&resize=320&ssl=1 320w, https:\/\/i0.wp.com\/www.interaccionnoticias.com.mx\/wp-content\/uploads\/2025\/10\/251003-Cierran-el-puerto-Acapulco-4-1024x683.jpg?ssl=1&w=500&resize=500&ssl=1 500w, https:\/\/i0.wp.com\/www.interaccionnoticias.com.mx\/wp-content\/uploads\/2025\/10\/251003-Cierran-el-puerto-Acapulco-4-1024x683.jpg?ssl=1&w=640&resize=640&ssl=1 640w, https:\/\/i0.wp.com\/www.interaccionnoticias.com.mx\/wp-content\/uploads\/2025\/10\/251003-Cierran-el-puerto-Acapulco-4-1024x683.jpg?ssl=1&w=800&resize=800&ssl=1 800w, https:\/\/i0.wp.com\/www.interaccionnoticias.com.mx\/wp-content\/uploads\/2025\/10\/251003-Cierran-el-puerto-Acapulco-4-1024x683.jpg?ssl=1&w=1024&resize=1024&ssl=1 1024w, https:\/\/i0.wp.com\/www.interaccionnoticias.com.mx\/wp-content\/uploads\/2025\/10\/251003-Cierran-el-puerto-Acapulco-4-1024x683.jpg?ssl=1&w=1280&resize=1280&ssl=1 1280w, https:\/\/i0.wp.com\/www.interaccionnoticias.com.mx\/wp-content\/uploads\/2025\/10\/251003-Cierran-el-puerto-Acapulco-4-1024x683.jpg?ssl=1&w=1600&resize=1600&ssl=1 1600w\" data-id=\"96029\" fifu-data-src=\"https:\/\/i0.wp.com\/www.interaccionnoticias.com.mx\/wp-content\/uploads\/2025\/10\/251003-Cierran-el-puerto-Acapulco-4-1024x683.jpg?ssl=1\" alt=\"\" class=\"wp-image-96029\"\/><\/figure>\n\n\n\n<figure class=\"wp-block-image size-large\"><img decoding=\"async\" src=\"data:image\/gif;base64,R0lGODlhAQABAIAAAAAAAP\/\/\/ywAAAAAAQABAAACAUwAOw==\" fifu-lazy=\"1\" fifu-data-sizes=\"auto\" fifu-data-srcset=\"https:\/\/i1.wp.com\/www.interaccionnoticias.com.mx\/wp-content\/uploads\/2025\/10\/251003-Cierran-el-puerto-Acapulco-1-1024x683.jpg?ssl=1&w=75&resize=75&ssl=1 75w, https:\/\/i1.wp.com\/www.interaccionnoticias.com.mx\/wp-content\/uploads\/2025\/10\/251003-Cierran-el-puerto-Acapulco-1-1024x683.jpg?ssl=1&w=100&resize=100&ssl=1 100w, https:\/\/i1.wp.com\/www.interaccionnoticias.com.mx\/wp-content\/uploads\/2025\/10\/251003-Cierran-el-puerto-Acapulco-1-1024x683.jpg?ssl=1&w=150&resize=150&ssl=1 150w, https:\/\/i1.wp.com\/www.interaccionnoticias.com.mx\/wp-content\/uploads\/2025\/10\/251003-Cierran-el-puerto-Acapulco-1-1024x683.jpg?ssl=1&w=240&resize=240&ssl=1 240w, https:\/\/i1.wp.com\/www.interaccionnoticias.com.mx\/wp-content\/uploads\/2025\/10\/251003-Cierran-el-puerto-Acapulco-1-1024x683.jpg?ssl=1&w=320&resize=320&ssl=1 320w, https:\/\/i1.wp.com\/www.interaccionnoticias.com.mx\/wp-content\/uploads\/2025\/10\/251003-Cierran-el-puerto-Acapulco-1-1024x683.jpg?ssl=1&w=500&resize=500&ssl=1 500w, https:\/\/i1.wp.com\/www.interaccionnoticias.com.mx\/wp-content\/uploads\/2025\/10\/251003-Cierran-el-puerto-Acapulco-1-1024x683.jpg?ssl=1&w=640&resize=640&ssl=1 640w, https:\/\/i1.wp.com\/www.interaccionnoticias.com.mx\/wp-content\/uploads\/2025\/10\/251003-Cierran-el-puerto-Acapulco-1-1024x683.jpg?ssl=1&w=800&resize=800&ssl=1 800w, https:\/\/i1.wp.com\/www.interaccionnoticias.com.mx\/wp-content\/uploads\/2025\/10\/251003-Cierran-el-puerto-Acapulco-1-1024x683.jpg?ssl=1&w=1024&resize=1024&ssl=1 1024w, https:\/\/i1.wp.com\/www.interaccionnoticias.com.mx\/wp-content\/uploads\/2025\/10\/251003-Cierran-el-puerto-Acapulco-1-1024x683.jpg?ssl=1&w=1280&resize=1280&ssl=1 1280w, https:\/\/i1.wp.com\/www.interaccionnoticias.com.mx\/wp-content\/uploads\/2025\/10\/251003-Cierran-el-puerto-Acapulco-1-1024x683.jpg?ssl=1&w=1600&resize=1600&ssl=1 1600w\" data-id=\"96030\" fifu-data-src=\"https:\/\/i1.wp.com\/www.interaccionnoticias.com.mx\/wp-content\/uploads\/2025\/10\/251003-Cierran-el-puerto-Acapulco-1-1024x683.jpg?ssl=1\" alt=\"\" class=\"wp-image-96030\"\/><\/figure>\n\n\n\n<figure class=\"wp-block-image size-large\"><img decoding=\"async\" src=\"data:image\/gif;base64,R0lGODlhAQABAIAAAAAAAP\/\/\/ywAAAAAAQABAAACAUwAOw==\" fifu-lazy=\"1\" fifu-data-sizes=\"auto\" fifu-data-srcset=\"https:\/\/i2.wp.com\/www.interaccionnoticias.com.mx\/wp-content\/uploads\/2025\/10\/251003-Cierran-el-puerto-Acapulco-2-1024x683.jpg?ssl=1&w=75&resize=75&ssl=1 75w, https:\/\/i2.wp.com\/www.interaccionnoticias.com.mx\/wp-content\/uploads\/2025\/10\/251003-Cierran-el-puerto-Acapulco-2-1024x683.jpg?ssl=1&w=100&resize=100&ssl=1 100w, https:\/\/i2.wp.com\/www.interaccionnoticias.com.mx\/wp-content\/uploads\/2025\/10\/251003-Cierran-el-puerto-Acapulco-2-1024x683.jpg?ssl=1&w=150&resize=150&ssl=1 150w, https:\/\/i2.wp.com\/www.interaccionnoticias.com.mx\/wp-content\/uploads\/2025\/10\/251003-Cierran-el-puerto-Acapulco-2-1024x683.jpg?ssl=1&w=240&resize=240&ssl=1 240w, https:\/\/i2.wp.com\/www.interaccionnoticias.com.mx\/wp-content\/uploads\/2025\/10\/251003-Cierran-el-puerto-Acapulco-2-1024x683.jpg?ssl=1&w=320&resize=320&ssl=1 320w, https:\/\/i2.wp.com\/www.interaccionnoticias.com.mx\/wp-content\/uploads\/2025\/10\/251003-Cierran-el-puerto-Acapulco-2-1024x683.jpg?ssl=1&w=500&resize=500&ssl=1 500w, https:\/\/i2.wp.com\/www.interaccionnoticias.com.mx\/wp-content\/uploads\/2025\/10\/251003-Cierran-el-puerto-Acapulco-2-1024x683.jpg?ssl=1&w=640&resize=640&ssl=1 640w, https:\/\/i2.wp.com\/www.interaccionnoticias.com.mx\/wp-content\/uploads\/2025\/10\/251003-Cierran-el-puerto-Acapulco-2-1024x683.jpg?ssl=1&w=800&resize=800&ssl=1 800w, https:\/\/i2.wp.com\/www.interaccionnoticias.com.mx\/wp-content\/uploads\/2025\/10\/251003-Cierran-el-puerto-Acapulco-2-1024x683.jpg?ssl=1&w=1024&resize=1024&ssl=1 1024w, https:\/\/i2.wp.com\/www.interaccionnoticias.com.mx\/wp-content\/uploads\/2025\/10\/251003-Cierran-el-puerto-Acapulco-2-1024x683.jpg?ssl=1&w=1280&resize=1280&ssl=1 1280w, https:\/\/i2.wp.com\/www.interaccionnoticias.com.mx\/wp-content\/uploads\/2025\/10\/251003-Cierran-el-puerto-Acapulco-2-1024x683.jpg?ssl=1&w=1600&resize=1600&ssl=1 1600w\" data-id=\"96028\" fifu-data-src=\"https:\/\/i2.wp.com\/www.interaccionnoticias.com.mx\/wp-content\/uploads\/2025\/10\/251003-Cierran-el-puerto-Acapulco-2-1024x683.jpg?ssl=1\" alt=\"\" class=\"wp-image-96028\"\/><\/figure>\n<\/figure>\n","protected":false},"excerpt":{"rendered":"<p>&#8212; Llaman a la poblaci\u00f3n a mantenerse alerta Javier Trujillo Acapulco, Gro. &#8211; El gobierno de Acapulco, inform\u00f3 a trav\u00e9s de la Secretar\u00eda de Marina y la Capitan\u00eda Regional de&hellip; <\/p>\n","protected":false},"author":3,"featured_media":96032,"comment_status":"open","ping_status":"open","sticky":false,"template":"","format":"standard","meta":{"fifu_image_url":"https:\/\/www.interaccionnoticias.com.mx\/wp-content\/uploads\/2025\/10\/251003-Cierran-el-puerto-Acapulco-1.jpg","fifu_image_alt":"","footnotes":""},"categories":[9],"tags":[],"class_list":["post-96026","post","type-post","status-publish","format-standard","has-post-thumbnail","hentry","category-fenomenos-naturales"],"_links":{"self":[{"href":"https:\/\/www.interaccionnoticias.com.mx\/index.php?rest_route=\/wp\/v2\/posts\/96026","targetHints":{"allow":["GET"]}}],"collection":[{"href":"https:\/\/www.interaccionnoticias.com.mx\/index.php?rest_route=\/wp\/v2\/posts"}],"about":[{"href":"https:\/\/www.interaccionnoticias.com.mx\/index.php?rest_route=\/wp\/v2\/types\/post"}],"author":[{"embeddable":true,"href":"https:\/\/www.interaccionnoticias.com.mx\/index.php?rest_route=\/wp\/v2\/users\/3"}],"replies":[{"embeddable":true,"href":"https:\/\/www.interaccionnoticias.com.mx\/index.php?rest_route=%2Fwp%2Fv2%2Fcomments&post=96026"}],"version-history":[{"count":2,"href":"https:\/\/www.interaccionnoticias.com.mx\/index.php?rest_route=\/wp\/v2\/posts\/96026\/revisions"}],"predecessor-version":[{"id":96033,"href":"https:\/\/www.interaccionnoticias.com.mx\/index.php?rest_route=\/wp\/v2\/posts\/96026\/revisions\/96033"}],"wp:featuredmedia":[{"embeddable":true,"href":"https:\/\/www.interaccionnoticias.com.mx\/index.php?rest_route=\/wp\/v2\/media\/96032"}],"wp:attachment":[{"href":"https:\/\/www.interaccionnoticias.com.mx\/index.php?rest_route=%2Fwp%2Fv2%2Fmedia&parent=96026"}],"wp:term":[{"taxonomy":"category","embeddable":true,"href":"https:\/\/www.interaccionnoticias.com.mx\/index.php?rest_route=%2Fwp%2Fv2%2Fcategories&post=96026"},{"taxonomy":"post_tag","embeddable":true,"href":"https:\/\/www.interaccionnoticias.com.mx\/index.php?rest_route=%2Fwp%2Fv2%2Ftags&post=96026"}],"curies":[{"name":"wp","href":"https:\/\/api.w.org\/{rel}","templated":true}]}}